{"id":54515,"date":"2025-04-15T11:20:58","date_gmt":"2025-04-15T09:20:58","guid":{"rendered":"https:\/\/www.modula.eu\/blog\/improving-warehouse-space-management-with-bin-storage\/"},"modified":"2025-04-15T12:45:05","modified_gmt":"2025-04-15T10:45:05","slug":"optimierung-und-raumgewinn-durch-behaelterlagerung","status":"publish","type":"post","link":"https:\/\/www.modula.eu\/de\/blog\/optimierung-und-raumgewinn-durch-behaelterlagerung\/","title":{"rendered":"Optimierung und Raumgewinn durch Beh\u00e4lterlagerung"},"content":{"rendered":"","protected":false},"excerpt":{"rendered":"","protected":false},"author":1,"featured_media":53113,"comment_status":"closed","ping_status":"closed","sticky":false,"template":"","format":"standard","meta":{"_acf_changed":false,"inline_featured_image":false,"footnotes":""},"categories":[55],"tags":[],"class_list":["post-54515","post","type-post","status-publish","format-standard","has-post-thumbnail","hentry","category-automatisierte-lager"],"acf":[],"yoast_head":"<!-- This site is optimized with the Yoast SEO plugin v28.3 - https:\/\/yoast.com\/product\/yoast-seo-wordpress\/ -->\n<title>Optimierung und Raumgewinn durch Beh\u00e4lterlagerung | Modula Spa<\/title>\n<meta name=\"description\" content=\"W\u00e4re es m\u00f6glich den Lagerraum, den ich immer schon auf meine Art und Weise verwaltet habe, effizienter zu nutzen? Wie finde ich L\u00f6sungen, die mir die optimale Nutzung meines verf\u00fcgbaren Raums erm\u00f6glichen?\" \/>\n<meta name=\"robots\" content=\"index, follow, max-snippet:-1, max-image-preview:large, max-video-preview:-1\" \/>\n<link rel=\"canonical\" href=\"https:\/\/www.modula.eu\/de\/blog\/optimierung-und-raumgewinn-durch-behaelterlagerung\/\" \/>\n<meta property=\"og:locale\" content=\"de_DE\" \/>\n<meta property=\"og:type\" content=\"article\" \/>\n<meta property=\"og:title\" content=\"Optimierung und Raumgewinn durch Beh\u00e4lterlagerung | Modula Spa\" \/>\n<meta property=\"og:description\" content=\"W\u00e4re es m\u00f6glich den Lagerraum, den ich immer schon auf meine Art und Weise verwaltet habe, effizienter zu nutzen? Wie finde ich L\u00f6sungen, die mir die optimale Nutzung meines verf\u00fcgbaren Raums erm\u00f6glichen?\" \/>\n<meta property=\"og:url\" content=\"https:\/\/www.modula.eu\/de\/blog\/optimierung-und-raumgewinn-durch-behaelterlagerung\/\" \/>\n<meta property=\"og:site_name\" content=\"Modula\" \/>\n<meta property=\"article:published_time\" content=\"2025-04-15T09:20:58+00:00\" \/>\n<meta property=\"article:modified_time\" content=\"2025-04-15T10:45:05+00:00\" \/>\n<meta property=\"og:image\" content=\"https:\/\/www.modula.eu\/wp-content\/uploads\/2025\/03\/ART_FLEXIBOX_500x270.jpg\" \/>\n\t<meta property=\"og:image:width\" content=\"500\" \/>\n\t<meta property=\"og:image:height\" content=\"270\" \/>\n\t<meta property=\"og:image:type\" content=\"image\/jpeg\" \/>\n<meta name=\"author\" content=\"bznadmin\" \/>\n<meta name=\"twitter:card\" content=\"summary_large_image\" \/>\n<meta name=\"twitter:label1\" content=\"Verfasst von\" \/>\n\t<meta name=\"twitter:data1\" content=\"bznadmin\" \/>\n<script type=\"application\/ld+json\" class=\"yoast-schema-graph\">{\"@context\":\"https:\\\/\\\/schema.org\",\"@graph\":[{\"@type\":\"BlogPosting\",\"@id\":\"https:\\\/\\\/www.modula.eu\\\/de\\\/blog\\\/optimierung-und-raumgewinn-durch-behaelterlagerung\\\/#article\",\"isPartOf\":{\"@id\":\"https:\\\/\\\/www.modula.eu\\\/de\\\/blog\\\/optimierung-und-raumgewinn-durch-behaelterlagerung\\\/\"},\"author\":{\"name\":\"bznadmin\",\"@id\":\"https:\\\/\\\/www.modula.eu\\\/de\\\/#\\\/schema\\\/person\\\/7c5b83a68cf511134b5990861dad5936\"},\"headline\":\"Optimierung und Raumgewinn durch Beh\u00e4lterlagerung\",\"datePublished\":\"2025-04-15T09:20:58+00:00\",\"dateModified\":\"2025-04-15T10:45:05+00:00\",\"mainEntityOfPage\":{\"@id\":\"https:\\\/\\\/www.modula.eu\\\/de\\\/blog\\\/optimierung-und-raumgewinn-durch-behaelterlagerung\\\/\"},\"wordCount\":6,\"publisher\":{\"@id\":\"https:\\\/\\\/www.modula.eu\\\/de\\\/#organization\"},\"image\":{\"@id\":\"https:\\\/\\\/www.modula.eu\\\/de\\\/blog\\\/optimierung-und-raumgewinn-durch-behaelterlagerung\\\/#primaryimage\"},\"thumbnailUrl\":\"https:\\\/\\\/www.modula.eu\\\/wp-content\\\/uploads\\\/2025\\\/03\\\/ART_FLEXIBOX_500x270.jpg\",\"articleSection\":[\"Automatisierte Lager\"],\"inLanguage\":\"de\"},{\"@type\":\"WebPage\",\"@id\":\"https:\\\/\\\/www.modula.eu\\\/de\\\/blog\\\/optimierung-und-raumgewinn-durch-behaelterlagerung\\\/\",\"url\":\"https:\\\/\\\/www.modula.eu\\\/de\\\/blog\\\/optimierung-und-raumgewinn-durch-behaelterlagerung\\\/\",\"name\":\"Optimierung und Raumgewinn durch Beh\u00e4lterlagerung | Modula Spa\",\"isPartOf\":{\"@id\":\"https:\\\/\\\/www.modula.eu\\\/de\\\/#website\"},\"primaryImageOfPage\":{\"@id\":\"https:\\\/\\\/www.modula.eu\\\/de\\\/blog\\\/optimierung-und-raumgewinn-durch-behaelterlagerung\\\/#primaryimage\"},\"image\":{\"@id\":\"https:\\\/\\\/www.modula.eu\\\/de\\\/blog\\\/optimierung-und-raumgewinn-durch-behaelterlagerung\\\/#primaryimage\"},\"thumbnailUrl\":\"https:\\\/\\\/www.modula.eu\\\/wp-content\\\/uploads\\\/2025\\\/03\\\/ART_FLEXIBOX_500x270.jpg\",\"datePublished\":\"2025-04-15T09:20:58+00:00\",\"dateModified\":\"2025-04-15T10:45:05+00:00\",\"description\":\"W\u00e4re es m\u00f6glich den Lagerraum, den ich immer schon auf meine Art und Weise verwaltet habe, effizienter zu nutzen? Wie finde ich L\u00f6sungen, die mir die optimale Nutzung meines verf\u00fcgbaren Raums erm\u00f6glichen?\",\"breadcrumb\":{\"@id\":\"https:\\\/\\\/www.modula.eu\\\/de\\\/blog\\\/optimierung-und-raumgewinn-durch-behaelterlagerung\\\/#breadcrumb\"},\"inLanguage\":\"de\",\"potentialAction\":[{\"@type\":\"ReadAction\",\"target\":[\"https:\\\/\\\/www.modula.eu\\\/de\\\/blog\\\/optimierung-und-raumgewinn-durch-behaelterlagerung\\\/\"]}]},{\"@type\":\"ImageObject\",\"inLanguage\":\"de\",\"@id\":\"https:\\\/\\\/www.modula.eu\\\/de\\\/blog\\\/optimierung-und-raumgewinn-durch-behaelterlagerung\\\/#primaryimage\",\"url\":\"https:\\\/\\\/www.modula.eu\\\/wp-content\\\/uploads\\\/2025\\\/03\\\/ART_FLEXIBOX_500x270.jpg\",\"contentUrl\":\"https:\\\/\\\/www.modula.eu\\\/wp-content\\\/uploads\\\/2025\\\/03\\\/ART_FLEXIBOX_500x270.jpg\",\"width\":500,\"height\":270},{\"@type\":\"BreadcrumbList\",\"@id\":\"https:\\\/\\\/www.modula.eu\\\/de\\\/blog\\\/optimierung-und-raumgewinn-durch-behaelterlagerung\\\/#breadcrumb\",\"itemListElement\":[{\"@type\":\"ListItem\",\"position\":1,\"name\":\"Home\",\"item\":\"https:\\\/\\\/www.modula.eu\\\/de\\\/\"},{\"@type\":\"ListItem\",\"position\":2,\"name\":\"Automatisierte Lager\",\"item\":\"https:\\\/\\\/www.modula.eu\\\/de\\\/blog\\\/automatisierte-lager\\\/\"},{\"@type\":\"ListItem\",\"position\":3,\"name\":\"Optimierung und Raumgewinn durch Beh\u00e4lterlagerung\"}]},{\"@type\":\"WebSite\",\"@id\":\"https:\\\/\\\/www.modula.eu\\\/de\\\/#website\",\"url\":\"https:\\\/\\\/www.modula.eu\\\/de\\\/\",\"name\":\"Modula S.p.A.\",\"description\":\"Think Vertical\",\"publisher\":{\"@id\":\"https:\\\/\\\/www.modula.eu\\\/de\\\/#organization\"},\"potentialAction\":[{\"@type\":\"SearchAction\",\"target\":{\"@type\":\"EntryPoint\",\"urlTemplate\":\"https:\\\/\\\/www.modula.eu\\\/de\\\/?s={search_term_string}\"},\"query-input\":{\"@type\":\"PropertyValueSpecification\",\"valueRequired\":true,\"valueName\":\"search_term_string\"}}],\"inLanguage\":\"de\"},{\"@type\":\"Person\",\"@id\":\"https:\\\/\\\/www.modula.eu\\\/de\\\/#\\\/schema\\\/person\\\/7c5b83a68cf511134b5990861dad5936\",\"name\":\"bznadmin\",\"sameAs\":[\"https:\\\/\\\/www.modula.eu\"]}]}<\/script>\n<!-- \/ Yoast SEO plugin. -->","yoast_head_json":{"title":"Optimierung und Raumgewinn durch Beh\u00e4lterlagerung | Modula Spa","description":"W\u00e4re es m\u00f6glich den Lagerraum, den ich immer schon auf meine Art und Weise verwaltet habe, effizienter zu nutzen? Wie finde ich L\u00f6sungen, die mir die optimale Nutzung meines verf\u00fcgbaren Raums erm\u00f6glichen?","robots":{"index":"index","follow":"follow","max-snippet":"max-snippet:-1","max-image-preview":"max-image-preview:large","max-video-preview":"max-video-preview:-1"},"canonical":"https:\/\/www.modula.eu\/de\/blog\/optimierung-und-raumgewinn-durch-behaelterlagerung\/","og_locale":"de_DE","og_type":"article","og_title":"Optimierung und Raumgewinn durch Beh\u00e4lterlagerung | Modula Spa","og_description":"W\u00e4re es m\u00f6glich den Lagerraum, den ich immer schon auf meine Art und Weise verwaltet habe, effizienter zu nutzen? Wie finde ich L\u00f6sungen, die mir die optimale Nutzung meines verf\u00fcgbaren Raums erm\u00f6glichen?","og_url":"https:\/\/www.modula.eu\/de\/blog\/optimierung-und-raumgewinn-durch-behaelterlagerung\/","og_site_name":"Modula","article_published_time":"2025-04-15T09:20:58+00:00","article_modified_time":"2025-04-15T10:45:05+00:00","og_image":[{"width":500,"height":270,"url":"https:\/\/www.modula.eu\/wp-content\/uploads\/2025\/03\/ART_FLEXIBOX_500x270.jpg","type":"image\/jpeg"}],"author":"bznadmin","twitter_card":"summary_large_image","twitter_misc":{"Verfasst von":"bznadmin"},"schema":{"@context":"https:\/\/schema.org","@graph":[{"@type":"BlogPosting","@id":"https:\/\/www.modula.eu\/de\/blog\/optimierung-und-raumgewinn-durch-behaelterlagerung\/#article","isPartOf":{"@id":"https:\/\/www.modula.eu\/de\/blog\/optimierung-und-raumgewinn-durch-behaelterlagerung\/"},"author":{"name":"bznadmin","@id":"https:\/\/www.modula.eu\/de\/#\/schema\/person\/7c5b83a68cf511134b5990861dad5936"},"headline":"Optimierung und Raumgewinn durch Beh\u00e4lterlagerung","datePublished":"2025-04-15T09:20:58+00:00","dateModified":"2025-04-15T10:45:05+00:00","mainEntityOfPage":{"@id":"https:\/\/www.modula.eu\/de\/blog\/optimierung-und-raumgewinn-durch-behaelterlagerung\/"},"wordCount":6,"publisher":{"@id":"https:\/\/www.modula.eu\/de\/#organization"},"image":{"@id":"https:\/\/www.modula.eu\/de\/blog\/optimierung-und-raumgewinn-durch-behaelterlagerung\/#primaryimage"},"thumbnailUrl":"https:\/\/www.modula.eu\/wp-content\/uploads\/2025\/03\/ART_FLEXIBOX_500x270.jpg","articleSection":["Automatisierte Lager"],"inLanguage":"de"},{"@type":"WebPage","@id":"https:\/\/www.modula.eu\/de\/blog\/optimierung-und-raumgewinn-durch-behaelterlagerung\/","url":"https:\/\/www.modula.eu\/de\/blog\/optimierung-und-raumgewinn-durch-behaelterlagerung\/","name":"Optimierung und Raumgewinn durch Beh\u00e4lterlagerung | Modula Spa","isPartOf":{"@id":"https:\/\/www.modula.eu\/de\/#website"},"primaryImageOfPage":{"@id":"https:\/\/www.modula.eu\/de\/blog\/optimierung-und-raumgewinn-durch-behaelterlagerung\/#primaryimage"},"image":{"@id":"https:\/\/www.modula.eu\/de\/blog\/optimierung-und-raumgewinn-durch-behaelterlagerung\/#primaryimage"},"thumbnailUrl":"https:\/\/www.modula.eu\/wp-content\/uploads\/2025\/03\/ART_FLEXIBOX_500x270.jpg","datePublished":"2025-04-15T09:20:58+00:00","dateModified":"2025-04-15T10:45:05+00:00","description":"W\u00e4re es m\u00f6glich den Lagerraum, den ich immer schon auf meine Art und Weise verwaltet habe, effizienter zu nutzen? Wie finde ich L\u00f6sungen, die mir die optimale Nutzung meines verf\u00fcgbaren Raums erm\u00f6glichen?","breadcrumb":{"@id":"https:\/\/www.modula.eu\/de\/blog\/optimierung-und-raumgewinn-durch-behaelterlagerung\/#breadcrumb"},"inLanguage":"de","potentialAction":[{"@type":"ReadAction","target":["https:\/\/www.modula.eu\/de\/blog\/optimierung-und-raumgewinn-durch-behaelterlagerung\/"]}]},{"@type":"ImageObject","inLanguage":"de","@id":"https:\/\/www.modula.eu\/de\/blog\/optimierung-und-raumgewinn-durch-behaelterlagerung\/#primaryimage","url":"https:\/\/www.modula.eu\/wp-content\/uploads\/2025\/03\/ART_FLEXIBOX_500x270.jpg","contentUrl":"https:\/\/www.modula.eu\/wp-content\/uploads\/2025\/03\/ART_FLEXIBOX_500x270.jpg","width":500,"height":270},{"@type":"BreadcrumbList","@id":"https:\/\/www.modula.eu\/de\/blog\/optimierung-und-raumgewinn-durch-behaelterlagerung\/#breadcrumb","itemListElement":[{"@type":"ListItem","position":1,"name":"Home","item":"https:\/\/www.modula.eu\/de\/"},{"@type":"ListItem","position":2,"name":"Automatisierte Lager","item":"https:\/\/www.modula.eu\/de\/blog\/automatisierte-lager\/"},{"@type":"ListItem","position":3,"name":"Optimierung und Raumgewinn durch Beh\u00e4lterlagerung"}]},{"@type":"WebSite","@id":"https:\/\/www.modula.eu\/de\/#website","url":"https:\/\/www.modula.eu\/de\/","name":"Modula S.p.A.","description":"Think Vertical","publisher":{"@id":"https:\/\/www.modula.eu\/de\/#organization"},"potentialAction":[{"@type":"SearchAction","target":{"@type":"EntryPoint","urlTemplate":"https:\/\/www.modula.eu\/de\/?s={search_term_string}"},"query-input":{"@type":"PropertyValueSpecification","valueRequired":true,"valueName":"search_term_string"}}],"inLanguage":"de"},{"@type":"Person","@id":"https:\/\/www.modula.eu\/de\/#\/schema\/person\/7c5b83a68cf511134b5990861dad5936","name":"bznadmin","sameAs":["https:\/\/www.modula.eu"]}]}},"permalink_manager":null,"_links":{"self":[{"href":"https:\/\/www.modula.eu\/de\/wp-json\/wp\/v2\/posts\/54515","targetHints":{"allow":["GET"]}}],"collection":[{"href":"https:\/\/www.modula.eu\/de\/wp-json\/wp\/v2\/posts"}],"about":[{"href":"https:\/\/www.modula.eu\/de\/wp-json\/wp\/v2\/types\/post"}],"author":[{"embeddable":true,"href":"https:\/\/www.modula.eu\/de\/wp-json\/wp\/v2\/users\/1"}],"replies":[{"embeddable":true,"href":"https:\/\/www.modula.eu\/de\/wp-json\/wp\/v2\/comments?post=54515"}],"version-history":[{"count":0,"href":"https:\/\/www.modula.eu\/de\/wp-json\/wp\/v2\/posts\/54515\/revisions"}],"wp:featuredmedia":[{"embeddable":true,"href":"https:\/\/www.modula.eu\/de\/wp-json\/wp\/v2\/media\/53113"}],"wp:attachment":[{"href":"https:\/\/www.modula.eu\/de\/wp-json\/wp\/v2\/media?parent=54515"}],"wp:term":[{"taxonomy":"category","embeddable":true,"href":"https:\/\/www.modula.eu\/de\/wp-json\/wp\/v2\/categories?post=54515"},{"taxonomy":"post_tag","embeddable":true,"href":"https:\/\/www.modula.eu\/de\/wp-json\/wp\/v2\/tags?post=54515"}],"curies":[{"name":"wp","href":"https:\/\/api.w.org\/{rel}","templated":true}]}}