{"id":68485,"date":"2025-10-24T09:24:10","date_gmt":"2025-10-24T07:24:10","guid":{"rendered":"https:\/\/www.modula.eu\/blog\/dematerialization-and-efficient-and-secure-document-management\/"},"modified":"2025-10-24T14:25:16","modified_gmt":"2025-10-24T12:25:16","slug":"dematerialisierung-und-intelligente-archive-die-hybride-revolution-mit-modula","status":"publish","type":"post","link":"https:\/\/www.modula.eu\/de\/blog\/dematerialisierung-und-intelligente-archive-die-hybride-revolution-mit-modula\/","title":{"rendered":"Dematerialisierung und intelligente Archive: die hybride Revolution mit Modula"},"content":{"rendered":"","protected":false},"excerpt":{"rendered":"","protected":false},"author":1,"featured_media":68487,"comment_status":"closed","ping_status":"closed","sticky":false,"template":"","format":"standard","meta":{"_acf_changed":false,"inline_featured_image":false,"footnotes":""},"categories":[55],"tags":[],"class_list":["post-68485","post","type-post","status-publish","format-standard","has-post-thumbnail","hentry","category-automatisierte-lager"],"acf":[],"yoast_head":"<!-- This site is optimized with the Yoast SEO plugin v28.3 - https:\/\/yoast.com\/product\/yoast-seo-wordpress\/ -->\n<title>Dematerialisierung und intelligente Archive: die hybride Revolution mit Modula | Modula<\/title>\n<meta name=\"description\" content=\"Informieren Sie sich, wie Sie die Dematerialisierung mit automatisierten vertikalen Lagern von Modula f\u00fcr intelligente Archive und fortschrittliche Gesch\u00e4ftsprozesse integrieren k\u00f6nnen.\" \/>\n<meta name=\"robots\" content=\"index, follow, max-snippet:-1, max-image-preview:large, max-video-preview:-1\" \/>\n<link rel=\"canonical\" href=\"https:\/\/www.modula.eu\/de\/blog\/dematerialisierung-und-intelligente-archive-die-hybride-revolution-mit-modula\/\" \/>\n<meta property=\"og:locale\" content=\"de_DE\" \/>\n<meta property=\"og:type\" content=\"article\" \/>\n<meta property=\"og:title\" content=\"Dematerialisierung und intelligente Archive: die hybride Revolution mit Modula | Modula\" \/>\n<meta property=\"og:description\" content=\"Informieren Sie sich, wie Sie die Dematerialisierung mit automatisierten vertikalen Lagern von Modula f\u00fcr intelligente Archive und fortschrittliche Gesch\u00e4ftsprozesse integrieren k\u00f6nnen.\" \/>\n<meta property=\"og:url\" content=\"https:\/\/www.modula.eu\/de\/blog\/dematerialisierung-und-intelligente-archive-die-hybride-revolution-mit-modula\/\" \/>\n<meta property=\"og:site_name\" content=\"Modula\" \/>\n<meta property=\"article:published_time\" content=\"2025-10-24T07:24:10+00:00\" \/>\n<meta property=\"article:modified_time\" content=\"2025-10-24T12:25:16+00:00\" \/>\n<meta property=\"og:image\" content=\"https:\/\/www.modula.eu\/wp-content\/uploads\/2025\/10\/anteprima.jpg\" \/>\n\t<meta property=\"og:image:width\" content=\"500\" \/>\n\t<meta property=\"og:image:height\" content=\"270\" \/>\n\t<meta property=\"og:image:type\" content=\"image\/jpeg\" \/>\n<meta name=\"author\" content=\"bznadmin\" \/>\n<meta name=\"twitter:card\" content=\"summary_large_image\" \/>\n<meta name=\"twitter:label1\" content=\"Verfasst von\" \/>\n\t<meta name=\"twitter:data1\" content=\"bznadmin\" \/>\n<script type=\"application\/ld+json\" class=\"yoast-schema-graph\">{\"@context\":\"https:\\\/\\\/schema.org\",\"@graph\":[{\"@type\":\"BlogPosting\",\"@id\":\"https:\\\/\\\/www.modula.eu\\\/de\\\/blog\\\/dematerialisierung-und-intelligente-archive-die-hybride-revolution-mit-modula\\\/#article\",\"isPartOf\":{\"@id\":\"https:\\\/\\\/www.modula.eu\\\/de\\\/blog\\\/dematerialisierung-und-intelligente-archive-die-hybride-revolution-mit-modula\\\/\"},\"author\":{\"name\":\"bznadmin\",\"@id\":\"https:\\\/\\\/www.modula.eu\\\/de\\\/#\\\/schema\\\/person\\\/7c5b83a68cf511134b5990861dad5936\"},\"headline\":\"Dematerialisierung und intelligente Archive: die hybride Revolution mit Modula\",\"datePublished\":\"2025-10-24T07:24:10+00:00\",\"dateModified\":\"2025-10-24T12:25:16+00:00\",\"mainEntityOfPage\":{\"@id\":\"https:\\\/\\\/www.modula.eu\\\/de\\\/blog\\\/dematerialisierung-und-intelligente-archive-die-hybride-revolution-mit-modula\\\/\"},\"wordCount\":9,\"publisher\":{\"@id\":\"https:\\\/\\\/www.modula.eu\\\/de\\\/#organization\"},\"image\":{\"@id\":\"https:\\\/\\\/www.modula.eu\\\/de\\\/blog\\\/dematerialisierung-und-intelligente-archive-die-hybride-revolution-mit-modula\\\/#primaryimage\"},\"thumbnailUrl\":\"https:\\\/\\\/www.modula.eu\\\/wp-content\\\/uploads\\\/2025\\\/10\\\/anteprima.jpg\",\"articleSection\":[\"Automatisierte Lager\"],\"inLanguage\":\"de\"},{\"@type\":\"WebPage\",\"@id\":\"https:\\\/\\\/www.modula.eu\\\/de\\\/blog\\\/dematerialisierung-und-intelligente-archive-die-hybride-revolution-mit-modula\\\/\",\"url\":\"https:\\\/\\\/www.modula.eu\\\/de\\\/blog\\\/dematerialisierung-und-intelligente-archive-die-hybride-revolution-mit-modula\\\/\",\"name\":\"Dematerialisierung und intelligente Archive: die hybride Revolution mit Modula | Modula\",\"isPartOf\":{\"@id\":\"https:\\\/\\\/www.modula.eu\\\/de\\\/#website\"},\"primaryImageOfPage\":{\"@id\":\"https:\\\/\\\/www.modula.eu\\\/de\\\/blog\\\/dematerialisierung-und-intelligente-archive-die-hybride-revolution-mit-modula\\\/#primaryimage\"},\"image\":{\"@id\":\"https:\\\/\\\/www.modula.eu\\\/de\\\/blog\\\/dematerialisierung-und-intelligente-archive-die-hybride-revolution-mit-modula\\\/#primaryimage\"},\"thumbnailUrl\":\"https:\\\/\\\/www.modula.eu\\\/wp-content\\\/uploads\\\/2025\\\/10\\\/anteprima.jpg\",\"datePublished\":\"2025-10-24T07:24:10+00:00\",\"dateModified\":\"2025-10-24T12:25:16+00:00\",\"description\":\"Informieren Sie sich, wie Sie die Dematerialisierung mit automatisierten vertikalen Lagern von Modula f\u00fcr intelligente Archive und fortschrittliche Gesch\u00e4ftsprozesse integrieren k\u00f6nnen.\",\"breadcrumb\":{\"@id\":\"https:\\\/\\\/www.modula.eu\\\/de\\\/blog\\\/dematerialisierung-und-intelligente-archive-die-hybride-revolution-mit-modula\\\/#breadcrumb\"},\"inLanguage\":\"de\",\"potentialAction\":[{\"@type\":\"ReadAction\",\"target\":[\"https:\\\/\\\/www.modula.eu\\\/de\\\/blog\\\/dematerialisierung-und-intelligente-archive-die-hybride-revolution-mit-modula\\\/\"]}]},{\"@type\":\"ImageObject\",\"inLanguage\":\"de\",\"@id\":\"https:\\\/\\\/www.modula.eu\\\/de\\\/blog\\\/dematerialisierung-und-intelligente-archive-die-hybride-revolution-mit-modula\\\/#primaryimage\",\"url\":\"https:\\\/\\\/www.modula.eu\\\/wp-content\\\/uploads\\\/2025\\\/10\\\/anteprima.jpg\",\"contentUrl\":\"https:\\\/\\\/www.modula.eu\\\/wp-content\\\/uploads\\\/2025\\\/10\\\/anteprima.jpg\",\"width\":500,\"height\":270},{\"@type\":\"BreadcrumbList\",\"@id\":\"https:\\\/\\\/www.modula.eu\\\/de\\\/blog\\\/dematerialisierung-und-intelligente-archive-die-hybride-revolution-mit-modula\\\/#breadcrumb\",\"itemListElement\":[{\"@type\":\"ListItem\",\"position\":1,\"name\":\"Home\",\"item\":\"https:\\\/\\\/www.modula.eu\\\/de\\\/\"},{\"@type\":\"ListItem\",\"position\":2,\"name\":\"Automatisierte Lager\",\"item\":\"https:\\\/\\\/www.modula.eu\\\/de\\\/blog\\\/automatisierte-lager\\\/\"},{\"@type\":\"ListItem\",\"position\":3,\"name\":\"Dematerialisierung und intelligente Archive: die hybride Revolution mit Modula\"}]},{\"@type\":\"WebSite\",\"@id\":\"https:\\\/\\\/www.modula.eu\\\/de\\\/#website\",\"url\":\"https:\\\/\\\/www.modula.eu\\\/de\\\/\",\"name\":\"Modula S.p.A.\",\"description\":\"Think Vertical\",\"publisher\":{\"@id\":\"https:\\\/\\\/www.modula.eu\\\/de\\\/#organization\"},\"potentialAction\":[{\"@type\":\"SearchAction\",\"target\":{\"@type\":\"EntryPoint\",\"urlTemplate\":\"https:\\\/\\\/www.modula.eu\\\/de\\\/?s={search_term_string}\"},\"query-input\":{\"@type\":\"PropertyValueSpecification\",\"valueRequired\":true,\"valueName\":\"search_term_string\"}}],\"inLanguage\":\"de\"},{\"@type\":\"Person\",\"@id\":\"https:\\\/\\\/www.modula.eu\\\/de\\\/#\\\/schema\\\/person\\\/7c5b83a68cf511134b5990861dad5936\",\"name\":\"bznadmin\",\"sameAs\":[\"https:\\\/\\\/www.modula.eu\"]}]}<\/script>\n<!-- \/ Yoast SEO plugin. -->","yoast_head_json":{"title":"Dematerialisierung und intelligente Archive: die hybride Revolution mit Modula | Modula","description":"Informieren Sie sich, wie Sie die Dematerialisierung mit automatisierten vertikalen Lagern von Modula f\u00fcr intelligente Archive und fortschrittliche Gesch\u00e4ftsprozesse integrieren k\u00f6nnen.","robots":{"index":"index","follow":"follow","max-snippet":"max-snippet:-1","max-image-preview":"max-image-preview:large","max-video-preview":"max-video-preview:-1"},"canonical":"https:\/\/www.modula.eu\/de\/blog\/dematerialisierung-und-intelligente-archive-die-hybride-revolution-mit-modula\/","og_locale":"de_DE","og_type":"article","og_title":"Dematerialisierung und intelligente Archive: die hybride Revolution mit Modula | Modula","og_description":"Informieren Sie sich, wie Sie die Dematerialisierung mit automatisierten vertikalen Lagern von Modula f\u00fcr intelligente Archive und fortschrittliche Gesch\u00e4ftsprozesse integrieren k\u00f6nnen.","og_url":"https:\/\/www.modula.eu\/de\/blog\/dematerialisierung-und-intelligente-archive-die-hybride-revolution-mit-modula\/","og_site_name":"Modula","article_published_time":"2025-10-24T07:24:10+00:00","article_modified_time":"2025-10-24T12:25:16+00:00","og_image":[{"width":500,"height":270,"url":"https:\/\/www.modula.eu\/wp-content\/uploads\/2025\/10\/anteprima.jpg","type":"image\/jpeg"}],"author":"bznadmin","twitter_card":"summary_large_image","twitter_misc":{"Verfasst von":"bznadmin"},"schema":{"@context":"https:\/\/schema.org","@graph":[{"@type":"BlogPosting","@id":"https:\/\/www.modula.eu\/de\/blog\/dematerialisierung-und-intelligente-archive-die-hybride-revolution-mit-modula\/#article","isPartOf":{"@id":"https:\/\/www.modula.eu\/de\/blog\/dematerialisierung-und-intelligente-archive-die-hybride-revolution-mit-modula\/"},"author":{"name":"bznadmin","@id":"https:\/\/www.modula.eu\/de\/#\/schema\/person\/7c5b83a68cf511134b5990861dad5936"},"headline":"Dematerialisierung und intelligente Archive: die hybride Revolution mit Modula","datePublished":"2025-10-24T07:24:10+00:00","dateModified":"2025-10-24T12:25:16+00:00","mainEntityOfPage":{"@id":"https:\/\/www.modula.eu\/de\/blog\/dematerialisierung-und-intelligente-archive-die-hybride-revolution-mit-modula\/"},"wordCount":9,"publisher":{"@id":"https:\/\/www.modula.eu\/de\/#organization"},"image":{"@id":"https:\/\/www.modula.eu\/de\/blog\/dematerialisierung-und-intelligente-archive-die-hybride-revolution-mit-modula\/#primaryimage"},"thumbnailUrl":"https:\/\/www.modula.eu\/wp-content\/uploads\/2025\/10\/anteprima.jpg","articleSection":["Automatisierte Lager"],"inLanguage":"de"},{"@type":"WebPage","@id":"https:\/\/www.modula.eu\/de\/blog\/dematerialisierung-und-intelligente-archive-die-hybride-revolution-mit-modula\/","url":"https:\/\/www.modula.eu\/de\/blog\/dematerialisierung-und-intelligente-archive-die-hybride-revolution-mit-modula\/","name":"Dematerialisierung und intelligente Archive: die hybride Revolution mit Modula | Modula","isPartOf":{"@id":"https:\/\/www.modula.eu\/de\/#website"},"primaryImageOfPage":{"@id":"https:\/\/www.modula.eu\/de\/blog\/dematerialisierung-und-intelligente-archive-die-hybride-revolution-mit-modula\/#primaryimage"},"image":{"@id":"https:\/\/www.modula.eu\/de\/blog\/dematerialisierung-und-intelligente-archive-die-hybride-revolution-mit-modula\/#primaryimage"},"thumbnailUrl":"https:\/\/www.modula.eu\/wp-content\/uploads\/2025\/10\/anteprima.jpg","datePublished":"2025-10-24T07:24:10+00:00","dateModified":"2025-10-24T12:25:16+00:00","description":"Informieren Sie sich, wie Sie die Dematerialisierung mit automatisierten vertikalen Lagern von Modula f\u00fcr intelligente Archive und fortschrittliche Gesch\u00e4ftsprozesse integrieren k\u00f6nnen.","breadcrumb":{"@id":"https:\/\/www.modula.eu\/de\/blog\/dematerialisierung-und-intelligente-archive-die-hybride-revolution-mit-modula\/#breadcrumb"},"inLanguage":"de","potentialAction":[{"@type":"ReadAction","target":["https:\/\/www.modula.eu\/de\/blog\/dematerialisierung-und-intelligente-archive-die-hybride-revolution-mit-modula\/"]}]},{"@type":"ImageObject","inLanguage":"de","@id":"https:\/\/www.modula.eu\/de\/blog\/dematerialisierung-und-intelligente-archive-die-hybride-revolution-mit-modula\/#primaryimage","url":"https:\/\/www.modula.eu\/wp-content\/uploads\/2025\/10\/anteprima.jpg","contentUrl":"https:\/\/www.modula.eu\/wp-content\/uploads\/2025\/10\/anteprima.jpg","width":500,"height":270},{"@type":"BreadcrumbList","@id":"https:\/\/www.modula.eu\/de\/blog\/dematerialisierung-und-intelligente-archive-die-hybride-revolution-mit-modula\/#breadcrumb","itemListElement":[{"@type":"ListItem","position":1,"name":"Home","item":"https:\/\/www.modula.eu\/de\/"},{"@type":"ListItem","position":2,"name":"Automatisierte Lager","item":"https:\/\/www.modula.eu\/de\/blog\/automatisierte-lager\/"},{"@type":"ListItem","position":3,"name":"Dematerialisierung und intelligente Archive: die hybride Revolution mit Modula"}]},{"@type":"WebSite","@id":"https:\/\/www.modula.eu\/de\/#website","url":"https:\/\/www.modula.eu\/de\/","name":"Modula S.p.A.","description":"Think Vertical","publisher":{"@id":"https:\/\/www.modula.eu\/de\/#organization"},"potentialAction":[{"@type":"SearchAction","target":{"@type":"EntryPoint","urlTemplate":"https:\/\/www.modula.eu\/de\/?s={search_term_string}"},"query-input":{"@type":"PropertyValueSpecification","valueRequired":true,"valueName":"search_term_string"}}],"inLanguage":"de"},{"@type":"Person","@id":"https:\/\/www.modula.eu\/de\/#\/schema\/person\/7c5b83a68cf511134b5990861dad5936","name":"bznadmin","sameAs":["https:\/\/www.modula.eu"]}]}},"permalink_manager":null,"_links":{"self":[{"href":"https:\/\/www.modula.eu\/de\/wp-json\/wp\/v2\/posts\/68485","targetHints":{"allow":["GET"]}}],"collection":[{"href":"https:\/\/www.modula.eu\/de\/wp-json\/wp\/v2\/posts"}],"about":[{"href":"https:\/\/www.modula.eu\/de\/wp-json\/wp\/v2\/types\/post"}],"author":[{"embeddable":true,"href":"https:\/\/www.modula.eu\/de\/wp-json\/wp\/v2\/users\/1"}],"replies":[{"embeddable":true,"href":"https:\/\/www.modula.eu\/de\/wp-json\/wp\/v2\/comments?post=68485"}],"version-history":[{"count":0,"href":"https:\/\/www.modula.eu\/de\/wp-json\/wp\/v2\/posts\/68485\/revisions"}],"wp:featuredmedia":[{"embeddable":true,"href":"https:\/\/www.modula.eu\/de\/wp-json\/wp\/v2\/media\/68487"}],"wp:attachment":[{"href":"https:\/\/www.modula.eu\/de\/wp-json\/wp\/v2\/media?parent=68485"}],"wp:term":[{"taxonomy":"category","embeddable":true,"href":"https:\/\/www.modula.eu\/de\/wp-json\/wp\/v2\/categories?post=68485"},{"taxonomy":"post_tag","embeddable":true,"href":"https:\/\/www.modula.eu\/de\/wp-json\/wp\/v2\/tags?post=68485"}],"curies":[{"name":"wp","href":"https:\/\/api.w.org\/{rel}","templated":true}]}}