{"id":7481,"date":"2020-09-23T14:45:22","date_gmt":"2020-09-23T12:45:22","guid":{"rendered":"https:\/\/www.modula.eu\/unkategorisiert\/riorganizzare-lo-spazio-in-magazzino-nel-rispetto-delle-regole-di-distanziamento-sociale\/"},"modified":"2022-11-02T18:45:36","modified_gmt":"2022-11-02T18:45:36","slug":"neuorganisation-des-lagerraums-nach-den-regeln-der-sozialen-distanzierung","status":"publish","type":"post","link":"https:\/\/www.modula.eu\/de\/blog\/neuorganisation-des-lagerraums-nach-den-regeln-der-sozialen-distanzierung\/","title":{"rendered":"Neuorganisation des Lagerraums nach den Regeln der sozialen Distanzierung"},"content":{"rendered":"","protected":false},"excerpt":{"rendered":"","protected":false},"author":1,"featured_media":6322,"comment_status":"open","ping_status":"open","sticky":false,"template":"","format":"standard","meta":{"_acf_changed":false,"inline_featured_image":false,"footnotes":""},"categories":[55],"tags":[],"class_list":["post-7481","post","type-post","status-publish","format-standard","has-post-thumbnail","hentry","category-automatisierte-lager"],"acf":[],"yoast_head":"<!-- This site is optimized with the Yoast SEO plugin v27.4 - https:\/\/yoast.com\/product\/yoast-seo-wordpress\/ -->\n<title>Neuorganisation des Lagerraums nach den Regeln der sozialen Distanzierung | Modula<\/title>\n<meta name=\"description\" content=\"Die j\u00fcngste globale Gesundheitskrise hat in vielen Bereichen unserer Gesellschaften radikale Ver\u00e4nderungen hervorgerufen und uns vor allem gezwungen, \u00fcber neue Regeln f\u00fcr das Zusammenleben nachzudenken und zu befolgen, was wir Regeln der sozialen Distanzierung nennen k\u00f6nnen.\" \/>\n<meta name=\"robots\" content=\"index, follow, max-snippet:-1, max-image-preview:large, max-video-preview:-1\" \/>\n<link rel=\"canonical\" href=\"https:\/\/www.modula.eu\/de\/blog\/neuorganisation-des-lagerraums-nach-den-regeln-der-sozialen-distanzierung\/\" \/>\n<meta property=\"og:locale\" content=\"de_DE\" \/>\n<meta property=\"og:type\" content=\"article\" \/>\n<meta property=\"og:title\" content=\"Neuorganisation des Lagerraums nach den Regeln der sozialen Distanzierung | Modula\" \/>\n<meta property=\"og:description\" content=\"Die j\u00fcngste globale Gesundheitskrise hat in vielen Bereichen unserer Gesellschaften radikale Ver\u00e4nderungen hervorgerufen und uns vor allem gezwungen, \u00fcber neue Regeln f\u00fcr das Zusammenleben nachzudenken und zu befolgen, was wir Regeln der sozialen Distanzierung nennen k\u00f6nnen.\" \/>\n<meta property=\"og:url\" content=\"https:\/\/www.modula.eu\/de\/blog\/neuorganisation-des-lagerraums-nach-den-regeln-der-sozialen-distanzierung\/\" \/>\n<meta property=\"og:site_name\" content=\"Modula\" \/>\n<meta property=\"article:published_time\" content=\"2020-09-23T12:45:22+00:00\" \/>\n<meta property=\"article:modified_time\" content=\"2022-11-02T18:45:36+00:00\" \/>\n<meta property=\"og:image\" content=\"https:\/\/www.modula.eu\/wp-content\/uploads\/2022\/06\/Logistica_socialDistancing_MOFU.jpeg\" \/>\n\t<meta property=\"og:image:width\" content=\"841\" \/>\n\t<meta property=\"og:image:height\" content=\"440\" \/>\n\t<meta property=\"og:image:type\" content=\"image\/jpeg\" \/>\n<meta name=\"author\" content=\"bznadmin\" \/>\n<meta name=\"twitter:card\" content=\"summary_large_image\" \/>\n<meta name=\"twitter:label1\" content=\"Verfasst von\" \/>\n\t<meta name=\"twitter:data1\" content=\"bznadmin\" \/>\n<script type=\"application\/ld+json\" class=\"yoast-schema-graph\">{\"@context\":\"https:\\\/\\\/schema.org\",\"@graph\":[{\"@type\":\"Article\",\"@id\":\"https:\\\/\\\/www.modula.eu\\\/de\\\/blog\\\/neuorganisation-des-lagerraums-nach-den-regeln-der-sozialen-distanzierung\\\/#article\",\"isPartOf\":{\"@id\":\"https:\\\/\\\/www.modula.eu\\\/de\\\/blog\\\/neuorganisation-des-lagerraums-nach-den-regeln-der-sozialen-distanzierung\\\/\"},\"author\":{\"name\":\"bznadmin\",\"@id\":\"https:\\\/\\\/www.modula.eu\\\/de\\\/#\\\/schema\\\/person\\\/7c5b83a68cf511134b5990861dad5936\"},\"headline\":\"Neuorganisation des Lagerraums nach den Regeln der sozialen Distanzierung\",\"datePublished\":\"2020-09-23T12:45:22+00:00\",\"dateModified\":\"2022-11-02T18:45:36+00:00\",\"mainEntityOfPage\":{\"@id\":\"https:\\\/\\\/www.modula.eu\\\/de\\\/blog\\\/neuorganisation-des-lagerraums-nach-den-regeln-der-sozialen-distanzierung\\\/\"},\"wordCount\":9,\"commentCount\":0,\"publisher\":{\"@id\":\"https:\\\/\\\/www.modula.eu\\\/de\\\/#organization\"},\"image\":{\"@id\":\"https:\\\/\\\/www.modula.eu\\\/de\\\/blog\\\/neuorganisation-des-lagerraums-nach-den-regeln-der-sozialen-distanzierung\\\/#primaryimage\"},\"thumbnailUrl\":\"https:\\\/\\\/www.modula.eu\\\/wp-content\\\/uploads\\\/2022\\\/06\\\/Logistica_socialDistancing_MOFU.jpeg\",\"articleSection\":[\"Automatisierte Lager\"],\"inLanguage\":\"de\",\"potentialAction\":[{\"@type\":\"CommentAction\",\"name\":\"Comment\",\"target\":[\"https:\\\/\\\/www.modula.eu\\\/de\\\/blog\\\/neuorganisation-des-lagerraums-nach-den-regeln-der-sozialen-distanzierung\\\/#respond\"]}]},{\"@type\":\"WebPage\",\"@id\":\"https:\\\/\\\/www.modula.eu\\\/de\\\/blog\\\/neuorganisation-des-lagerraums-nach-den-regeln-der-sozialen-distanzierung\\\/\",\"url\":\"https:\\\/\\\/www.modula.eu\\\/de\\\/blog\\\/neuorganisation-des-lagerraums-nach-den-regeln-der-sozialen-distanzierung\\\/\",\"name\":\"Neuorganisation des Lagerraums nach den Regeln der sozialen Distanzierung | Modula\",\"isPartOf\":{\"@id\":\"https:\\\/\\\/www.modula.eu\\\/de\\\/#website\"},\"primaryImageOfPage\":{\"@id\":\"https:\\\/\\\/www.modula.eu\\\/de\\\/blog\\\/neuorganisation-des-lagerraums-nach-den-regeln-der-sozialen-distanzierung\\\/#primaryimage\"},\"image\":{\"@id\":\"https:\\\/\\\/www.modula.eu\\\/de\\\/blog\\\/neuorganisation-des-lagerraums-nach-den-regeln-der-sozialen-distanzierung\\\/#primaryimage\"},\"thumbnailUrl\":\"https:\\\/\\\/www.modula.eu\\\/wp-content\\\/uploads\\\/2022\\\/06\\\/Logistica_socialDistancing_MOFU.jpeg\",\"datePublished\":\"2020-09-23T12:45:22+00:00\",\"dateModified\":\"2022-11-02T18:45:36+00:00\",\"description\":\"Die j\u00fcngste globale Gesundheitskrise hat in vielen Bereichen unserer Gesellschaften radikale Ver\u00e4nderungen hervorgerufen und uns vor allem gezwungen, \u00fcber neue Regeln f\u00fcr das Zusammenleben nachzudenken und zu befolgen, was wir Regeln der sozialen Distanzierung nennen k\u00f6nnen.\",\"breadcrumb\":{\"@id\":\"https:\\\/\\\/www.modula.eu\\\/de\\\/blog\\\/neuorganisation-des-lagerraums-nach-den-regeln-der-sozialen-distanzierung\\\/#breadcrumb\"},\"inLanguage\":\"de\",\"potentialAction\":[{\"@type\":\"ReadAction\",\"target\":[\"https:\\\/\\\/www.modula.eu\\\/de\\\/blog\\\/neuorganisation-des-lagerraums-nach-den-regeln-der-sozialen-distanzierung\\\/\"]}]},{\"@type\":\"ImageObject\",\"inLanguage\":\"de\",\"@id\":\"https:\\\/\\\/www.modula.eu\\\/de\\\/blog\\\/neuorganisation-des-lagerraums-nach-den-regeln-der-sozialen-distanzierung\\\/#primaryimage\",\"url\":\"https:\\\/\\\/www.modula.eu\\\/wp-content\\\/uploads\\\/2022\\\/06\\\/Logistica_socialDistancing_MOFU.jpeg\",\"contentUrl\":\"https:\\\/\\\/www.modula.eu\\\/wp-content\\\/uploads\\\/2022\\\/06\\\/Logistica_socialDistancing_MOFU.jpeg\",\"width\":841,\"height\":440},{\"@type\":\"BreadcrumbList\",\"@id\":\"https:\\\/\\\/www.modula.eu\\\/de\\\/blog\\\/neuorganisation-des-lagerraums-nach-den-regeln-der-sozialen-distanzierung\\\/#breadcrumb\",\"itemListElement\":[{\"@type\":\"ListItem\",\"position\":1,\"name\":\"Home\",\"item\":\"https:\\\/\\\/www.modula.eu\\\/de\\\/\"},{\"@type\":\"ListItem\",\"position\":2,\"name\":\"Automatisierte Lager\",\"item\":\"https:\\\/\\\/www.modula.eu\\\/de\\\/blog\\\/automatisierte-lager\\\/\"},{\"@type\":\"ListItem\",\"position\":3,\"name\":\"Neuorganisation des Lagerraums nach den Regeln der sozialen Distanzierung\"}]},{\"@type\":\"WebSite\",\"@id\":\"https:\\\/\\\/www.modula.eu\\\/de\\\/#website\",\"url\":\"https:\\\/\\\/www.modula.eu\\\/de\\\/\",\"name\":\"Modula\",\"description\":\"Think Vertical\",\"publisher\":{\"@id\":\"https:\\\/\\\/www.modula.eu\\\/de\\\/#organization\"},\"potentialAction\":[{\"@type\":\"SearchAction\",\"target\":{\"@type\":\"EntryPoint\",\"urlTemplate\":\"https:\\\/\\\/www.modula.eu\\\/de\\\/?s={search_term_string}\"},\"query-input\":{\"@type\":\"PropertyValueSpecification\",\"valueRequired\":true,\"valueName\":\"search_term_string\"}}],\"inLanguage\":\"de\"},{\"@type\":\"Organization\",\"@id\":\"https:\\\/\\\/www.modula.eu\\\/de\\\/#organization\",\"name\":\"Modula\",\"url\":\"https:\\\/\\\/www.modula.eu\\\/de\\\/\",\"logo\":{\"@type\":\"ImageObject\",\"inLanguage\":\"de\",\"@id\":\"https:\\\/\\\/www.modula.eu\\\/de\\\/#\\\/schema\\\/logo\\\/image\\\/\",\"url\":\"https:\\\/\\\/www.modula.eu\\\/wp-content\\\/uploads\\\/2022\\\/12\\\/Modula-logo.jpg\",\"contentUrl\":\"https:\\\/\\\/www.modula.eu\\\/wp-content\\\/uploads\\\/2022\\\/12\\\/Modula-logo.jpg\",\"width\":759,\"height\":512,\"caption\":\"Modula\"},\"image\":{\"@id\":\"https:\\\/\\\/www.modula.eu\\\/de\\\/#\\\/schema\\\/logo\\\/image\\\/\"}},{\"@type\":\"Person\",\"@id\":\"https:\\\/\\\/www.modula.eu\\\/de\\\/#\\\/schema\\\/person\\\/7c5b83a68cf511134b5990861dad5936\",\"name\":\"bznadmin\",\"sameAs\":[\"https:\\\/\\\/www.modula.eu\"]}]}<\/script>\n<!-- \/ Yoast SEO plugin. -->","yoast_head_json":{"title":"Neuorganisation des Lagerraums nach den Regeln der sozialen Distanzierung | Modula","description":"Die j\u00fcngste globale Gesundheitskrise hat in vielen Bereichen unserer Gesellschaften radikale Ver\u00e4nderungen hervorgerufen und uns vor allem gezwungen, \u00fcber neue Regeln f\u00fcr das Zusammenleben nachzudenken und zu befolgen, was wir Regeln der sozialen Distanzierung nennen k\u00f6nnen.","robots":{"index":"index","follow":"follow","max-snippet":"max-snippet:-1","max-image-preview":"max-image-preview:large","max-video-preview":"max-video-preview:-1"},"canonical":"https:\/\/www.modula.eu\/de\/blog\/neuorganisation-des-lagerraums-nach-den-regeln-der-sozialen-distanzierung\/","og_locale":"de_DE","og_type":"article","og_title":"Neuorganisation des Lagerraums nach den Regeln der sozialen Distanzierung | Modula","og_description":"Die j\u00fcngste globale Gesundheitskrise hat in vielen Bereichen unserer Gesellschaften radikale Ver\u00e4nderungen hervorgerufen und uns vor allem gezwungen, \u00fcber neue Regeln f\u00fcr das Zusammenleben nachzudenken und zu befolgen, was wir Regeln der sozialen Distanzierung nennen k\u00f6nnen.","og_url":"https:\/\/www.modula.eu\/de\/blog\/neuorganisation-des-lagerraums-nach-den-regeln-der-sozialen-distanzierung\/","og_site_name":"Modula","article_published_time":"2020-09-23T12:45:22+00:00","article_modified_time":"2022-11-02T18:45:36+00:00","og_image":[{"width":841,"height":440,"url":"https:\/\/www.modula.eu\/wp-content\/uploads\/2022\/06\/Logistica_socialDistancing_MOFU.jpeg","type":"image\/jpeg"}],"author":"bznadmin","twitter_card":"summary_large_image","twitter_misc":{"Verfasst von":"bznadmin"},"schema":{"@context":"https:\/\/schema.org","@graph":[{"@type":"Article","@id":"https:\/\/www.modula.eu\/de\/blog\/neuorganisation-des-lagerraums-nach-den-regeln-der-sozialen-distanzierung\/#article","isPartOf":{"@id":"https:\/\/www.modula.eu\/de\/blog\/neuorganisation-des-lagerraums-nach-den-regeln-der-sozialen-distanzierung\/"},"author":{"name":"bznadmin","@id":"https:\/\/www.modula.eu\/de\/#\/schema\/person\/7c5b83a68cf511134b5990861dad5936"},"headline":"Neuorganisation des Lagerraums nach den Regeln der sozialen Distanzierung","datePublished":"2020-09-23T12:45:22+00:00","dateModified":"2022-11-02T18:45:36+00:00","mainEntityOfPage":{"@id":"https:\/\/www.modula.eu\/de\/blog\/neuorganisation-des-lagerraums-nach-den-regeln-der-sozialen-distanzierung\/"},"wordCount":9,"commentCount":0,"publisher":{"@id":"https:\/\/www.modula.eu\/de\/#organization"},"image":{"@id":"https:\/\/www.modula.eu\/de\/blog\/neuorganisation-des-lagerraums-nach-den-regeln-der-sozialen-distanzierung\/#primaryimage"},"thumbnailUrl":"https:\/\/www.modula.eu\/wp-content\/uploads\/2022\/06\/Logistica_socialDistancing_MOFU.jpeg","articleSection":["Automatisierte Lager"],"inLanguage":"de","potentialAction":[{"@type":"CommentAction","name":"Comment","target":["https:\/\/www.modula.eu\/de\/blog\/neuorganisation-des-lagerraums-nach-den-regeln-der-sozialen-distanzierung\/#respond"]}]},{"@type":"WebPage","@id":"https:\/\/www.modula.eu\/de\/blog\/neuorganisation-des-lagerraums-nach-den-regeln-der-sozialen-distanzierung\/","url":"https:\/\/www.modula.eu\/de\/blog\/neuorganisation-des-lagerraums-nach-den-regeln-der-sozialen-distanzierung\/","name":"Neuorganisation des Lagerraums nach den Regeln der sozialen Distanzierung | Modula","isPartOf":{"@id":"https:\/\/www.modula.eu\/de\/#website"},"primaryImageOfPage":{"@id":"https:\/\/www.modula.eu\/de\/blog\/neuorganisation-des-lagerraums-nach-den-regeln-der-sozialen-distanzierung\/#primaryimage"},"image":{"@id":"https:\/\/www.modula.eu\/de\/blog\/neuorganisation-des-lagerraums-nach-den-regeln-der-sozialen-distanzierung\/#primaryimage"},"thumbnailUrl":"https:\/\/www.modula.eu\/wp-content\/uploads\/2022\/06\/Logistica_socialDistancing_MOFU.jpeg","datePublished":"2020-09-23T12:45:22+00:00","dateModified":"2022-11-02T18:45:36+00:00","description":"Die j\u00fcngste globale Gesundheitskrise hat in vielen Bereichen unserer Gesellschaften radikale Ver\u00e4nderungen hervorgerufen und uns vor allem gezwungen, \u00fcber neue Regeln f\u00fcr das Zusammenleben nachzudenken und zu befolgen, was wir Regeln der sozialen Distanzierung nennen k\u00f6nnen.","breadcrumb":{"@id":"https:\/\/www.modula.eu\/de\/blog\/neuorganisation-des-lagerraums-nach-den-regeln-der-sozialen-distanzierung\/#breadcrumb"},"inLanguage":"de","potentialAction":[{"@type":"ReadAction","target":["https:\/\/www.modula.eu\/de\/blog\/neuorganisation-des-lagerraums-nach-den-regeln-der-sozialen-distanzierung\/"]}]},{"@type":"ImageObject","inLanguage":"de","@id":"https:\/\/www.modula.eu\/de\/blog\/neuorganisation-des-lagerraums-nach-den-regeln-der-sozialen-distanzierung\/#primaryimage","url":"https:\/\/www.modula.eu\/wp-content\/uploads\/2022\/06\/Logistica_socialDistancing_MOFU.jpeg","contentUrl":"https:\/\/www.modula.eu\/wp-content\/uploads\/2022\/06\/Logistica_socialDistancing_MOFU.jpeg","width":841,"height":440},{"@type":"BreadcrumbList","@id":"https:\/\/www.modula.eu\/de\/blog\/neuorganisation-des-lagerraums-nach-den-regeln-der-sozialen-distanzierung\/#breadcrumb","itemListElement":[{"@type":"ListItem","position":1,"name":"Home","item":"https:\/\/www.modula.eu\/de\/"},{"@type":"ListItem","position":2,"name":"Automatisierte Lager","item":"https:\/\/www.modula.eu\/de\/blog\/automatisierte-lager\/"},{"@type":"ListItem","position":3,"name":"Neuorganisation des Lagerraums nach den Regeln der sozialen Distanzierung"}]},{"@type":"WebSite","@id":"https:\/\/www.modula.eu\/de\/#website","url":"https:\/\/www.modula.eu\/de\/","name":"Modula","description":"Think Vertical","publisher":{"@id":"https:\/\/www.modula.eu\/de\/#organization"},"potentialAction":[{"@type":"SearchAction","target":{"@type":"EntryPoint","urlTemplate":"https:\/\/www.modula.eu\/de\/?s={search_term_string}"},"query-input":{"@type":"PropertyValueSpecification","valueRequired":true,"valueName":"search_term_string"}}],"inLanguage":"de"},{"@type":"Organization","@id":"https:\/\/www.modula.eu\/de\/#organization","name":"Modula","url":"https:\/\/www.modula.eu\/de\/","logo":{"@type":"ImageObject","inLanguage":"de","@id":"https:\/\/www.modula.eu\/de\/#\/schema\/logo\/image\/","url":"https:\/\/www.modula.eu\/wp-content\/uploads\/2022\/12\/Modula-logo.jpg","contentUrl":"https:\/\/www.modula.eu\/wp-content\/uploads\/2022\/12\/Modula-logo.jpg","width":759,"height":512,"caption":"Modula"},"image":{"@id":"https:\/\/www.modula.eu\/de\/#\/schema\/logo\/image\/"}},{"@type":"Person","@id":"https:\/\/www.modula.eu\/de\/#\/schema\/person\/7c5b83a68cf511134b5990861dad5936","name":"bznadmin","sameAs":["https:\/\/www.modula.eu"]}]}},"_links":{"self":[{"href":"https:\/\/www.modula.eu\/de\/wp-json\/wp\/v2\/posts\/7481","targetHints":{"allow":["GET"]}}],"collection":[{"href":"https:\/\/www.modula.eu\/de\/wp-json\/wp\/v2\/posts"}],"about":[{"href":"https:\/\/www.modula.eu\/de\/wp-json\/wp\/v2\/types\/post"}],"author":[{"embeddable":true,"href":"https:\/\/www.modula.eu\/de\/wp-json\/wp\/v2\/users\/1"}],"replies":[{"embeddable":true,"href":"https:\/\/www.modula.eu\/de\/wp-json\/wp\/v2\/comments?post=7481"}],"version-history":[{"count":0,"href":"https:\/\/www.modula.eu\/de\/wp-json\/wp\/v2\/posts\/7481\/revisions"}],"wp:featuredmedia":[{"embeddable":true,"href":"https:\/\/www.modula.eu\/de\/wp-json\/wp\/v2\/media\/6322"}],"wp:attachment":[{"href":"https:\/\/www.modula.eu\/de\/wp-json\/wp\/v2\/media?parent=7481"}],"wp:term":[{"taxonomy":"category","embeddable":true,"href":"https:\/\/www.modula.eu\/de\/wp-json\/wp\/v2\/categories?post=7481"},{"taxonomy":"post_tag","embeddable":true,"href":"https:\/\/www.modula.eu\/de\/wp-json\/wp\/v2\/tags?post=7481"}],"curies":[{"name":"wp","href":"https:\/\/api.w.org\/{rel}","templated":true}]}}