{"id":7491,"date":"2020-06-24T08:34:16","date_gmt":"2020-06-24T07:34:16","guid":{"rendered":"https:\/\/www.modula.eu\/unkategorisiert\/i-magazzini-verticali-modula-per-ottimizzare-la-logistica-nel-food-beverage\/"},"modified":"2022-11-03T15:29:22","modified_gmt":"2022-11-03T15:29:22","slug":"vertikale-lagersysteme-von-modula-um-die-logistik-im-sektor-food-beverage-zu-optimieren","status":"publish","type":"post","link":"https:\/\/www.modula.eu\/de\/blog\/vertikale-lagersysteme-von-modula-um-die-logistik-im-sektor-food-beverage-zu-optimieren\/","title":{"rendered":"Vertikale Lagersysteme von Modula, um die logistik im Sektor Food &#038; Beverage zu optimieren"},"content":{"rendered":"","protected":false},"excerpt":{"rendered":"","protected":false},"author":1,"featured_media":6396,"comment_status":"open","ping_status":"closed","sticky":false,"template":"","format":"standard","meta":{"_acf_changed":false,"inline_featured_image":false,"footnotes":""},"categories":[52],"tags":[],"class_list":["post-7491","post","type-post","status-publish","format-standard","has-post-thumbnail","hentry","category-anwendungen"],"acf":[],"yoast_head":"<!-- This site is optimized with the Yoast SEO plugin v28.3 - https:\/\/yoast.com\/product\/yoast-seo-wordpress\/ -->\n<title>Vertikale Lagersysteme von Modula, um die logistik im Sektor Food &amp; Beverage zu optimieren | Modula<\/title>\n<meta name=\"description\" content=\"Bei den automatischen vertikalen Lagersysteme von Modula handelt sich um innovative L\u00f6sungen f\u00fcr die automatische Lagerung, die speziell daf\u00fcr entwickelt wurden, jede Art von Produkt in sich aufzunehmen: von kleinen elektronischen Bauteilen bis hin zu sehr schweren und sperrigen Artikeln.\" \/>\n<meta name=\"robots\" content=\"index, follow, max-snippet:-1, max-image-preview:large, max-video-preview:-1\" \/>\n<link rel=\"canonical\" href=\"https:\/\/www.modula.eu\/de\/blog\/vertikale-lagersysteme-von-modula-um-die-logistik-im-sektor-food-beverage-zu-optimieren\/\" \/>\n<meta property=\"og:locale\" content=\"de_DE\" \/>\n<meta property=\"og:type\" content=\"article\" \/>\n<meta property=\"og:title\" content=\"Vertikale Lagersysteme von Modula, um die logistik im Sektor Food &amp; Beverage zu optimieren | Modula\" \/>\n<meta property=\"og:description\" content=\"Bei den automatischen vertikalen Lagersysteme von Modula handelt sich um innovative L\u00f6sungen f\u00fcr die automatische Lagerung, die speziell daf\u00fcr entwickelt wurden, jede Art von Produkt in sich aufzunehmen: von kleinen elektronischen Bauteilen bis hin zu sehr schweren und sperrigen Artikeln.\" \/>\n<meta property=\"og:url\" content=\"https:\/\/www.modula.eu\/de\/blog\/vertikale-lagersysteme-von-modula-um-die-logistik-im-sektor-food-beverage-zu-optimieren\/\" \/>\n<meta property=\"og:site_name\" content=\"Modula\" \/>\n<meta property=\"article:published_time\" content=\"2020-06-24T07:34:16+00:00\" \/>\n<meta property=\"article:modified_time\" content=\"2022-11-03T15:29:22+00:00\" \/>\n<meta property=\"og:image\" content=\"https:\/\/www.modula.eu\/wp-content\/uploads\/2022\/06\/i-magazzini-verticali-modula-per-ottimizzare-la-logistica-nel-food-beverage.jpeg\" \/>\n\t<meta property=\"og:image:width\" content=\"850\" \/>\n\t<meta property=\"og:image:height\" content=\"450\" \/>\n\t<meta property=\"og:image:type\" content=\"image\/jpeg\" \/>\n<meta name=\"author\" content=\"bznadmin\" \/>\n<meta name=\"twitter:card\" content=\"summary_large_image\" \/>\n<meta name=\"twitter:label1\" content=\"Verfasst von\" \/>\n\t<meta name=\"twitter:data1\" content=\"bznadmin\" \/>\n<script type=\"application\/ld+json\" class=\"yoast-schema-graph\">{\"@context\":\"https:\\\/\\\/schema.org\",\"@graph\":[{\"@type\":\"BlogPosting\",\"@id\":\"https:\\\/\\\/www.modula.eu\\\/de\\\/blog\\\/vertikale-lagersysteme-von-modula-um-die-logistik-im-sektor-food-beverage-zu-optimieren\\\/#article\",\"isPartOf\":{\"@id\":\"https:\\\/\\\/www.modula.eu\\\/de\\\/blog\\\/vertikale-lagersysteme-von-modula-um-die-logistik-im-sektor-food-beverage-zu-optimieren\\\/\"},\"author\":{\"name\":\"bznadmin\",\"@id\":\"https:\\\/\\\/www.modula.eu\\\/de\\\/#\\\/schema\\\/person\\\/7c5b83a68cf511134b5990861dad5936\"},\"headline\":\"Vertikale Lagersysteme von Modula, um die logistik im Sektor Food &#038; Beverage zu optimieren\",\"datePublished\":\"2020-06-24T07:34:16+00:00\",\"dateModified\":\"2022-11-03T15:29:22+00:00\",\"mainEntityOfPage\":{\"@id\":\"https:\\\/\\\/www.modula.eu\\\/de\\\/blog\\\/vertikale-lagersysteme-von-modula-um-die-logistik-im-sektor-food-beverage-zu-optimieren\\\/\"},\"wordCount\":13,\"commentCount\":0,\"publisher\":{\"@id\":\"https:\\\/\\\/www.modula.eu\\\/de\\\/#organization\"},\"image\":{\"@id\":\"https:\\\/\\\/www.modula.eu\\\/de\\\/blog\\\/vertikale-lagersysteme-von-modula-um-die-logistik-im-sektor-food-beverage-zu-optimieren\\\/#primaryimage\"},\"thumbnailUrl\":\"https:\\\/\\\/www.modula.eu\\\/wp-content\\\/uploads\\\/2022\\\/06\\\/i-magazzini-verticali-modula-per-ottimizzare-la-logistica-nel-food-beverage.jpeg\",\"articleSection\":[\"Anwendungen\"],\"inLanguage\":\"de\",\"potentialAction\":[{\"@type\":\"CommentAction\",\"name\":\"Comment\",\"target\":[\"https:\\\/\\\/www.modula.eu\\\/de\\\/blog\\\/vertikale-lagersysteme-von-modula-um-die-logistik-im-sektor-food-beverage-zu-optimieren\\\/#respond\"]}]},{\"@type\":\"WebPage\",\"@id\":\"https:\\\/\\\/www.modula.eu\\\/de\\\/blog\\\/vertikale-lagersysteme-von-modula-um-die-logistik-im-sektor-food-beverage-zu-optimieren\\\/\",\"url\":\"https:\\\/\\\/www.modula.eu\\\/de\\\/blog\\\/vertikale-lagersysteme-von-modula-um-die-logistik-im-sektor-food-beverage-zu-optimieren\\\/\",\"name\":\"Vertikale Lagersysteme von Modula, um die logistik im Sektor Food & Beverage zu optimieren | Modula\",\"isPartOf\":{\"@id\":\"https:\\\/\\\/www.modula.eu\\\/de\\\/#website\"},\"primaryImageOfPage\":{\"@id\":\"https:\\\/\\\/www.modula.eu\\\/de\\\/blog\\\/vertikale-lagersysteme-von-modula-um-die-logistik-im-sektor-food-beverage-zu-optimieren\\\/#primaryimage\"},\"image\":{\"@id\":\"https:\\\/\\\/www.modula.eu\\\/de\\\/blog\\\/vertikale-lagersysteme-von-modula-um-die-logistik-im-sektor-food-beverage-zu-optimieren\\\/#primaryimage\"},\"thumbnailUrl\":\"https:\\\/\\\/www.modula.eu\\\/wp-content\\\/uploads\\\/2022\\\/06\\\/i-magazzini-verticali-modula-per-ottimizzare-la-logistica-nel-food-beverage.jpeg\",\"datePublished\":\"2020-06-24T07:34:16+00:00\",\"dateModified\":\"2022-11-03T15:29:22+00:00\",\"description\":\"Bei den automatischen vertikalen Lagersysteme von Modula handelt sich um innovative L\u00f6sungen f\u00fcr die automatische Lagerung, die speziell daf\u00fcr entwickelt wurden, jede Art von Produkt in sich aufzunehmen: von kleinen elektronischen Bauteilen bis hin zu sehr schweren und sperrigen Artikeln.\",\"breadcrumb\":{\"@id\":\"https:\\\/\\\/www.modula.eu\\\/de\\\/blog\\\/vertikale-lagersysteme-von-modula-um-die-logistik-im-sektor-food-beverage-zu-optimieren\\\/#breadcrumb\"},\"inLanguage\":\"de\",\"potentialAction\":[{\"@type\":\"ReadAction\",\"target\":[\"https:\\\/\\\/www.modula.eu\\\/de\\\/blog\\\/vertikale-lagersysteme-von-modula-um-die-logistik-im-sektor-food-beverage-zu-optimieren\\\/\"]}]},{\"@type\":\"ImageObject\",\"inLanguage\":\"de\",\"@id\":\"https:\\\/\\\/www.modula.eu\\\/de\\\/blog\\\/vertikale-lagersysteme-von-modula-um-die-logistik-im-sektor-food-beverage-zu-optimieren\\\/#primaryimage\",\"url\":\"https:\\\/\\\/www.modula.eu\\\/wp-content\\\/uploads\\\/2022\\\/06\\\/i-magazzini-verticali-modula-per-ottimizzare-la-logistica-nel-food-beverage.jpeg\",\"contentUrl\":\"https:\\\/\\\/www.modula.eu\\\/wp-content\\\/uploads\\\/2022\\\/06\\\/i-magazzini-verticali-modula-per-ottimizzare-la-logistica-nel-food-beverage.jpeg\",\"width\":850,\"height\":450},{\"@type\":\"BreadcrumbList\",\"@id\":\"https:\\\/\\\/www.modula.eu\\\/de\\\/blog\\\/vertikale-lagersysteme-von-modula-um-die-logistik-im-sektor-food-beverage-zu-optimieren\\\/#breadcrumb\",\"itemListElement\":[{\"@type\":\"ListItem\",\"position\":1,\"name\":\"Home\",\"item\":\"https:\\\/\\\/www.modula.eu\\\/de\\\/\"},{\"@type\":\"ListItem\",\"position\":2,\"name\":\"Anwendungen\",\"item\":\"https:\\\/\\\/www.modula.eu\\\/de\\\/blog\\\/anwendungen\\\/\"},{\"@type\":\"ListItem\",\"position\":3,\"name\":\"Vertikale Lagersysteme von Modula, um die logistik im Sektor Food &#038; Beverage zu optimieren\"}]},{\"@type\":\"WebSite\",\"@id\":\"https:\\\/\\\/www.modula.eu\\\/de\\\/#website\",\"url\":\"https:\\\/\\\/www.modula.eu\\\/de\\\/\",\"name\":\"Modula S.p.A.\",\"description\":\"Think Vertical\",\"publisher\":{\"@id\":\"https:\\\/\\\/www.modula.eu\\\/de\\\/#organization\"},\"potentialAction\":[{\"@type\":\"SearchAction\",\"target\":{\"@type\":\"EntryPoint\",\"urlTemplate\":\"https:\\\/\\\/www.modula.eu\\\/de\\\/?s={search_term_string}\"},\"query-input\":{\"@type\":\"PropertyValueSpecification\",\"valueRequired\":true,\"valueName\":\"search_term_string\"}}],\"inLanguage\":\"de\"},{\"@type\":\"Person\",\"@id\":\"https:\\\/\\\/www.modula.eu\\\/de\\\/#\\\/schema\\\/person\\\/7c5b83a68cf511134b5990861dad5936\",\"name\":\"bznadmin\",\"sameAs\":[\"https:\\\/\\\/www.modula.eu\"]}]}<\/script>\n<!-- \/ Yoast SEO plugin. -->","yoast_head_json":{"title":"Vertikale Lagersysteme von Modula, um die logistik im Sektor Food & Beverage zu optimieren | Modula","description":"Bei den automatischen vertikalen Lagersysteme von Modula handelt sich um innovative L\u00f6sungen f\u00fcr die automatische Lagerung, die speziell daf\u00fcr entwickelt wurden, jede Art von Produkt in sich aufzunehmen: von kleinen elektronischen Bauteilen bis hin zu sehr schweren und sperrigen Artikeln.","robots":{"index":"index","follow":"follow","max-snippet":"max-snippet:-1","max-image-preview":"max-image-preview:large","max-video-preview":"max-video-preview:-1"},"canonical":"https:\/\/www.modula.eu\/de\/blog\/vertikale-lagersysteme-von-modula-um-die-logistik-im-sektor-food-beverage-zu-optimieren\/","og_locale":"de_DE","og_type":"article","og_title":"Vertikale Lagersysteme von Modula, um die logistik im Sektor Food & Beverage zu optimieren | Modula","og_description":"Bei den automatischen vertikalen Lagersysteme von Modula handelt sich um innovative L\u00f6sungen f\u00fcr die automatische Lagerung, die speziell daf\u00fcr entwickelt wurden, jede Art von Produkt in sich aufzunehmen: von kleinen elektronischen Bauteilen bis hin zu sehr schweren und sperrigen Artikeln.","og_url":"https:\/\/www.modula.eu\/de\/blog\/vertikale-lagersysteme-von-modula-um-die-logistik-im-sektor-food-beverage-zu-optimieren\/","og_site_name":"Modula","article_published_time":"2020-06-24T07:34:16+00:00","article_modified_time":"2022-11-03T15:29:22+00:00","og_image":[{"width":850,"height":450,"url":"https:\/\/www.modula.eu\/wp-content\/uploads\/2022\/06\/i-magazzini-verticali-modula-per-ottimizzare-la-logistica-nel-food-beverage.jpeg","type":"image\/jpeg"}],"author":"bznadmin","twitter_card":"summary_large_image","twitter_misc":{"Verfasst von":"bznadmin"},"schema":{"@context":"https:\/\/schema.org","@graph":[{"@type":"BlogPosting","@id":"https:\/\/www.modula.eu\/de\/blog\/vertikale-lagersysteme-von-modula-um-die-logistik-im-sektor-food-beverage-zu-optimieren\/#article","isPartOf":{"@id":"https:\/\/www.modula.eu\/de\/blog\/vertikale-lagersysteme-von-modula-um-die-logistik-im-sektor-food-beverage-zu-optimieren\/"},"author":{"name":"bznadmin","@id":"https:\/\/www.modula.eu\/de\/#\/schema\/person\/7c5b83a68cf511134b5990861dad5936"},"headline":"Vertikale Lagersysteme von Modula, um die logistik im Sektor Food &#038; Beverage zu optimieren","datePublished":"2020-06-24T07:34:16+00:00","dateModified":"2022-11-03T15:29:22+00:00","mainEntityOfPage":{"@id":"https:\/\/www.modula.eu\/de\/blog\/vertikale-lagersysteme-von-modula-um-die-logistik-im-sektor-food-beverage-zu-optimieren\/"},"wordCount":13,"commentCount":0,"publisher":{"@id":"https:\/\/www.modula.eu\/de\/#organization"},"image":{"@id":"https:\/\/www.modula.eu\/de\/blog\/vertikale-lagersysteme-von-modula-um-die-logistik-im-sektor-food-beverage-zu-optimieren\/#primaryimage"},"thumbnailUrl":"https:\/\/www.modula.eu\/wp-content\/uploads\/2022\/06\/i-magazzini-verticali-modula-per-ottimizzare-la-logistica-nel-food-beverage.jpeg","articleSection":["Anwendungen"],"inLanguage":"de","potentialAction":[{"@type":"CommentAction","name":"Comment","target":["https:\/\/www.modula.eu\/de\/blog\/vertikale-lagersysteme-von-modula-um-die-logistik-im-sektor-food-beverage-zu-optimieren\/#respond"]}]},{"@type":"WebPage","@id":"https:\/\/www.modula.eu\/de\/blog\/vertikale-lagersysteme-von-modula-um-die-logistik-im-sektor-food-beverage-zu-optimieren\/","url":"https:\/\/www.modula.eu\/de\/blog\/vertikale-lagersysteme-von-modula-um-die-logistik-im-sektor-food-beverage-zu-optimieren\/","name":"Vertikale Lagersysteme von Modula, um die logistik im Sektor Food & Beverage zu optimieren | Modula","isPartOf":{"@id":"https:\/\/www.modula.eu\/de\/#website"},"primaryImageOfPage":{"@id":"https:\/\/www.modula.eu\/de\/blog\/vertikale-lagersysteme-von-modula-um-die-logistik-im-sektor-food-beverage-zu-optimieren\/#primaryimage"},"image":{"@id":"https:\/\/www.modula.eu\/de\/blog\/vertikale-lagersysteme-von-modula-um-die-logistik-im-sektor-food-beverage-zu-optimieren\/#primaryimage"},"thumbnailUrl":"https:\/\/www.modula.eu\/wp-content\/uploads\/2022\/06\/i-magazzini-verticali-modula-per-ottimizzare-la-logistica-nel-food-beverage.jpeg","datePublished":"2020-06-24T07:34:16+00:00","dateModified":"2022-11-03T15:29:22+00:00","description":"Bei den automatischen vertikalen Lagersysteme von Modula handelt sich um innovative L\u00f6sungen f\u00fcr die automatische Lagerung, die speziell daf\u00fcr entwickelt wurden, jede Art von Produkt in sich aufzunehmen: von kleinen elektronischen Bauteilen bis hin zu sehr schweren und sperrigen Artikeln.","breadcrumb":{"@id":"https:\/\/www.modula.eu\/de\/blog\/vertikale-lagersysteme-von-modula-um-die-logistik-im-sektor-food-beverage-zu-optimieren\/#breadcrumb"},"inLanguage":"de","potentialAction":[{"@type":"ReadAction","target":["https:\/\/www.modula.eu\/de\/blog\/vertikale-lagersysteme-von-modula-um-die-logistik-im-sektor-food-beverage-zu-optimieren\/"]}]},{"@type":"ImageObject","inLanguage":"de","@id":"https:\/\/www.modula.eu\/de\/blog\/vertikale-lagersysteme-von-modula-um-die-logistik-im-sektor-food-beverage-zu-optimieren\/#primaryimage","url":"https:\/\/www.modula.eu\/wp-content\/uploads\/2022\/06\/i-magazzini-verticali-modula-per-ottimizzare-la-logistica-nel-food-beverage.jpeg","contentUrl":"https:\/\/www.modula.eu\/wp-content\/uploads\/2022\/06\/i-magazzini-verticali-modula-per-ottimizzare-la-logistica-nel-food-beverage.jpeg","width":850,"height":450},{"@type":"BreadcrumbList","@id":"https:\/\/www.modula.eu\/de\/blog\/vertikale-lagersysteme-von-modula-um-die-logistik-im-sektor-food-beverage-zu-optimieren\/#breadcrumb","itemListElement":[{"@type":"ListItem","position":1,"name":"Home","item":"https:\/\/www.modula.eu\/de\/"},{"@type":"ListItem","position":2,"name":"Anwendungen","item":"https:\/\/www.modula.eu\/de\/blog\/anwendungen\/"},{"@type":"ListItem","position":3,"name":"Vertikale Lagersysteme von Modula, um die logistik im Sektor Food &#038; Beverage zu optimieren"}]},{"@type":"WebSite","@id":"https:\/\/www.modula.eu\/de\/#website","url":"https:\/\/www.modula.eu\/de\/","name":"Modula S.p.A.","description":"Think Vertical","publisher":{"@id":"https:\/\/www.modula.eu\/de\/#organization"},"potentialAction":[{"@type":"SearchAction","target":{"@type":"EntryPoint","urlTemplate":"https:\/\/www.modula.eu\/de\/?s={search_term_string}"},"query-input":{"@type":"PropertyValueSpecification","valueRequired":true,"valueName":"search_term_string"}}],"inLanguage":"de"},{"@type":"Person","@id":"https:\/\/www.modula.eu\/de\/#\/schema\/person\/7c5b83a68cf511134b5990861dad5936","name":"bznadmin","sameAs":["https:\/\/www.modula.eu"]}]}},"permalink_manager":null,"_links":{"self":[{"href":"https:\/\/www.modula.eu\/de\/wp-json\/wp\/v2\/posts\/7491","targetHints":{"allow":["GET"]}}],"collection":[{"href":"https:\/\/www.modula.eu\/de\/wp-json\/wp\/v2\/posts"}],"about":[{"href":"https:\/\/www.modula.eu\/de\/wp-json\/wp\/v2\/types\/post"}],"author":[{"embeddable":true,"href":"https:\/\/www.modula.eu\/de\/wp-json\/wp\/v2\/users\/1"}],"replies":[{"embeddable":true,"href":"https:\/\/www.modula.eu\/de\/wp-json\/wp\/v2\/comments?post=7491"}],"version-history":[{"count":0,"href":"https:\/\/www.modula.eu\/de\/wp-json\/wp\/v2\/posts\/7491\/revisions"}],"wp:featuredmedia":[{"embeddable":true,"href":"https:\/\/www.modula.eu\/de\/wp-json\/wp\/v2\/media\/6396"}],"wp:attachment":[{"href":"https:\/\/www.modula.eu\/de\/wp-json\/wp\/v2\/media?parent=7491"}],"wp:term":[{"taxonomy":"category","embeddable":true,"href":"https:\/\/www.modula.eu\/de\/wp-json\/wp\/v2\/categories?post=7491"},{"taxonomy":"post_tag","embeddable":true,"href":"https:\/\/www.modula.eu\/de\/wp-json\/wp\/v2\/tags?post=7491"}],"curies":[{"name":"wp","href":"https:\/\/api.w.org\/{rel}","templated":true}]}}