{"id":7605,"date":"2018-07-11T16:07:07","date_gmt":"2018-07-11T14:07:07","guid":{"rendered":"https:\/\/www.modula.eu\/unkategorisiert\/modula-lo-stoccaggio-intelligente-per-il-settore-automotive\/"},"modified":"2025-07-07T15:34:21","modified_gmt":"2025-07-07T13:34:21","slug":"modula-das-intelligente-lagersystem-im-automobilbereich","status":"publish","type":"post","link":"https:\/\/www.modula.eu\/de\/blog\/modula-das-intelligente-lagersystem-im-automobilbereich\/","title":{"rendered":"Modula, das intelligente Lagersystem im Automobilbereich"},"content":{"rendered":"","protected":false},"excerpt":{"rendered":"","protected":false},"author":1,"featured_media":6362,"comment_status":"open","ping_status":"open","sticky":false,"template":"","format":"standard","meta":{"_acf_changed":false,"inline_featured_image":false,"footnotes":""},"categories":[52],"tags":[],"class_list":["post-7605","post","type-post","status-publish","format-standard","has-post-thumbnail","hentry","category-anwendungen"],"acf":[],"yoast_head":"<!-- This site is optimized with the Yoast SEO plugin v27.4 - https:\/\/yoast.com\/product\/yoast-seo-wordpress\/ -->\n<title>Lagersystem im Automobilbereich | Modula<\/title>\n<meta name=\"description\" content=\"Die Organisation des Lagers ist bereit f\u00fcr viele Unternehmen im Automobilsektor. Die Vermietung, Wartung und Instandhaltung der R\u00e4ume ist eine Quelle erheblicher Kosten f\u00fcr die Kassen des Unternehmens. Mit den automatischen vertikalen Lagersystemen von Modula werden diese Kosten drastisch reduziert.\" \/>\n<meta name=\"robots\" content=\"index, follow, max-snippet:-1, max-image-preview:large, max-video-preview:-1\" \/>\n<link rel=\"canonical\" href=\"https:\/\/www.modula.eu\/de\/blog\/modula-das-intelligente-lagersystem-im-automobilbereich\/\" \/>\n<meta property=\"og:locale\" content=\"de_DE\" \/>\n<meta property=\"og:type\" content=\"article\" \/>\n<meta property=\"og:title\" content=\"Lagersystem im Automobilbereich | Modula\" \/>\n<meta property=\"og:description\" content=\"Die Organisation des Lagers ist bereit f\u00fcr viele Unternehmen im Automobilsektor. Die Vermietung, Wartung und Instandhaltung der R\u00e4ume ist eine Quelle erheblicher Kosten f\u00fcr die Kassen des Unternehmens. Mit den automatischen vertikalen Lagersystemen von Modula werden diese Kosten drastisch reduziert.\" \/>\n<meta property=\"og:url\" content=\"https:\/\/www.modula.eu\/de\/blog\/modula-das-intelligente-lagersystem-im-automobilbereich\/\" \/>\n<meta property=\"og:site_name\" content=\"Modula\" \/>\n<meta property=\"article:published_time\" content=\"2018-07-11T14:07:07+00:00\" \/>\n<meta property=\"article:modified_time\" content=\"2025-07-07T13:34:21+00:00\" \/>\n<meta property=\"og:image\" content=\"https:\/\/www.modula.eu\/wp-content\/uploads\/2022\/06\/MODULA-settore-auto-850x450-800x424-1.jpeg\" \/>\n\t<meta property=\"og:image:width\" content=\"800\" \/>\n\t<meta property=\"og:image:height\" content=\"424\" \/>\n\t<meta property=\"og:image:type\" content=\"image\/jpeg\" \/>\n<meta name=\"author\" content=\"bznadmin\" \/>\n<meta name=\"twitter:card\" content=\"summary_large_image\" \/>\n<meta name=\"twitter:label1\" content=\"Verfasst von\" \/>\n\t<meta name=\"twitter:data1\" content=\"bznadmin\" \/>\n<script type=\"application\/ld+json\" class=\"yoast-schema-graph\">{\"@context\":\"https:\\\/\\\/schema.org\",\"@graph\":[{\"@type\":\"Article\",\"@id\":\"https:\\\/\\\/www.modula.eu\\\/de\\\/blog\\\/modula-das-intelligente-lagersystem-im-automobilbereich\\\/#article\",\"isPartOf\":{\"@id\":\"https:\\\/\\\/www.modula.eu\\\/de\\\/blog\\\/modula-das-intelligente-lagersystem-im-automobilbereich\\\/\"},\"author\":{\"name\":\"bznadmin\",\"@id\":\"https:\\\/\\\/www.modula.eu\\\/de\\\/#\\\/schema\\\/person\\\/7c5b83a68cf511134b5990861dad5936\"},\"headline\":\"Modula, das intelligente Lagersystem im Automobilbereich\",\"datePublished\":\"2018-07-11T14:07:07+00:00\",\"dateModified\":\"2025-07-07T13:34:21+00:00\",\"mainEntityOfPage\":{\"@id\":\"https:\\\/\\\/www.modula.eu\\\/de\\\/blog\\\/modula-das-intelligente-lagersystem-im-automobilbereich\\\/\"},\"wordCount\":6,\"commentCount\":0,\"publisher\":{\"@id\":\"https:\\\/\\\/www.modula.eu\\\/de\\\/#organization\"},\"image\":{\"@id\":\"https:\\\/\\\/www.modula.eu\\\/de\\\/blog\\\/modula-das-intelligente-lagersystem-im-automobilbereich\\\/#primaryimage\"},\"thumbnailUrl\":\"https:\\\/\\\/www.modula.eu\\\/wp-content\\\/uploads\\\/2022\\\/06\\\/MODULA-settore-auto-850x450-800x424-1.jpeg\",\"articleSection\":[\"Anwendungen\"],\"inLanguage\":\"de\",\"potentialAction\":[{\"@type\":\"CommentAction\",\"name\":\"Comment\",\"target\":[\"https:\\\/\\\/www.modula.eu\\\/de\\\/blog\\\/modula-das-intelligente-lagersystem-im-automobilbereich\\\/#respond\"]}]},{\"@type\":\"WebPage\",\"@id\":\"https:\\\/\\\/www.modula.eu\\\/de\\\/blog\\\/modula-das-intelligente-lagersystem-im-automobilbereich\\\/\",\"url\":\"https:\\\/\\\/www.modula.eu\\\/de\\\/blog\\\/modula-das-intelligente-lagersystem-im-automobilbereich\\\/\",\"name\":\"Lagersystem im Automobilbereich | Modula\",\"isPartOf\":{\"@id\":\"https:\\\/\\\/www.modula.eu\\\/de\\\/#website\"},\"primaryImageOfPage\":{\"@id\":\"https:\\\/\\\/www.modula.eu\\\/de\\\/blog\\\/modula-das-intelligente-lagersystem-im-automobilbereich\\\/#primaryimage\"},\"image\":{\"@id\":\"https:\\\/\\\/www.modula.eu\\\/de\\\/blog\\\/modula-das-intelligente-lagersystem-im-automobilbereich\\\/#primaryimage\"},\"thumbnailUrl\":\"https:\\\/\\\/www.modula.eu\\\/wp-content\\\/uploads\\\/2022\\\/06\\\/MODULA-settore-auto-850x450-800x424-1.jpeg\",\"datePublished\":\"2018-07-11T14:07:07+00:00\",\"dateModified\":\"2025-07-07T13:34:21+00:00\",\"description\":\"Die Organisation des Lagers ist bereit f\u00fcr viele Unternehmen im Automobilsektor. Die Vermietung, Wartung und Instandhaltung der R\u00e4ume ist eine Quelle erheblicher Kosten f\u00fcr die Kassen des Unternehmens. Mit den automatischen vertikalen Lagersystemen von Modula werden diese Kosten drastisch reduziert.\",\"breadcrumb\":{\"@id\":\"https:\\\/\\\/www.modula.eu\\\/de\\\/blog\\\/modula-das-intelligente-lagersystem-im-automobilbereich\\\/#breadcrumb\"},\"inLanguage\":\"de\",\"potentialAction\":[{\"@type\":\"ReadAction\",\"target\":[\"https:\\\/\\\/www.modula.eu\\\/de\\\/blog\\\/modula-das-intelligente-lagersystem-im-automobilbereich\\\/\"]}]},{\"@type\":\"ImageObject\",\"inLanguage\":\"de\",\"@id\":\"https:\\\/\\\/www.modula.eu\\\/de\\\/blog\\\/modula-das-intelligente-lagersystem-im-automobilbereich\\\/#primaryimage\",\"url\":\"https:\\\/\\\/www.modula.eu\\\/wp-content\\\/uploads\\\/2022\\\/06\\\/MODULA-settore-auto-850x450-800x424-1.jpeg\",\"contentUrl\":\"https:\\\/\\\/www.modula.eu\\\/wp-content\\\/uploads\\\/2022\\\/06\\\/MODULA-settore-auto-850x450-800x424-1.jpeg\",\"width\":800,\"height\":424},{\"@type\":\"BreadcrumbList\",\"@id\":\"https:\\\/\\\/www.modula.eu\\\/de\\\/blog\\\/modula-das-intelligente-lagersystem-im-automobilbereich\\\/#breadcrumb\",\"itemListElement\":[{\"@type\":\"ListItem\",\"position\":1,\"name\":\"Home\",\"item\":\"https:\\\/\\\/www.modula.eu\\\/de\\\/\"},{\"@type\":\"ListItem\",\"position\":2,\"name\":\"Anwendungen\",\"item\":\"https:\\\/\\\/www.modula.eu\\\/de\\\/blog\\\/anwendungen\\\/\"},{\"@type\":\"ListItem\",\"position\":3,\"name\":\"Modula, das intelligente Lagersystem im Automobilbereich\"}]},{\"@type\":\"WebSite\",\"@id\":\"https:\\\/\\\/www.modula.eu\\\/de\\\/#website\",\"url\":\"https:\\\/\\\/www.modula.eu\\\/de\\\/\",\"name\":\"Modula\",\"description\":\"Think Vertical\",\"publisher\":{\"@id\":\"https:\\\/\\\/www.modula.eu\\\/de\\\/#organization\"},\"potentialAction\":[{\"@type\":\"SearchAction\",\"target\":{\"@type\":\"EntryPoint\",\"urlTemplate\":\"https:\\\/\\\/www.modula.eu\\\/de\\\/?s={search_term_string}\"},\"query-input\":{\"@type\":\"PropertyValueSpecification\",\"valueRequired\":true,\"valueName\":\"search_term_string\"}}],\"inLanguage\":\"de\"},{\"@type\":\"Organization\",\"@id\":\"https:\\\/\\\/www.modula.eu\\\/de\\\/#organization\",\"name\":\"Modula\",\"url\":\"https:\\\/\\\/www.modula.eu\\\/de\\\/\",\"logo\":{\"@type\":\"ImageObject\",\"inLanguage\":\"de\",\"@id\":\"https:\\\/\\\/www.modula.eu\\\/de\\\/#\\\/schema\\\/logo\\\/image\\\/\",\"url\":\"https:\\\/\\\/www.modula.eu\\\/wp-content\\\/uploads\\\/2022\\\/12\\\/Modula-logo.jpg\",\"contentUrl\":\"https:\\\/\\\/www.modula.eu\\\/wp-content\\\/uploads\\\/2022\\\/12\\\/Modula-logo.jpg\",\"width\":759,\"height\":512,\"caption\":\"Modula\"},\"image\":{\"@id\":\"https:\\\/\\\/www.modula.eu\\\/de\\\/#\\\/schema\\\/logo\\\/image\\\/\"}},{\"@type\":\"Person\",\"@id\":\"https:\\\/\\\/www.modula.eu\\\/de\\\/#\\\/schema\\\/person\\\/7c5b83a68cf511134b5990861dad5936\",\"name\":\"bznadmin\",\"sameAs\":[\"https:\\\/\\\/www.modula.eu\"]}]}<\/script>\n<!-- \/ Yoast SEO plugin. -->","yoast_head_json":{"title":"Lagersystem im Automobilbereich | Modula","description":"Die Organisation des Lagers ist bereit f\u00fcr viele Unternehmen im Automobilsektor. Die Vermietung, Wartung und Instandhaltung der R\u00e4ume ist eine Quelle erheblicher Kosten f\u00fcr die Kassen des Unternehmens. Mit den automatischen vertikalen Lagersystemen von Modula werden diese Kosten drastisch reduziert.","robots":{"index":"index","follow":"follow","max-snippet":"max-snippet:-1","max-image-preview":"max-image-preview:large","max-video-preview":"max-video-preview:-1"},"canonical":"https:\/\/www.modula.eu\/de\/blog\/modula-das-intelligente-lagersystem-im-automobilbereich\/","og_locale":"de_DE","og_type":"article","og_title":"Lagersystem im Automobilbereich | Modula","og_description":"Die Organisation des Lagers ist bereit f\u00fcr viele Unternehmen im Automobilsektor. Die Vermietung, Wartung und Instandhaltung der R\u00e4ume ist eine Quelle erheblicher Kosten f\u00fcr die Kassen des Unternehmens. Mit den automatischen vertikalen Lagersystemen von Modula werden diese Kosten drastisch reduziert.","og_url":"https:\/\/www.modula.eu\/de\/blog\/modula-das-intelligente-lagersystem-im-automobilbereich\/","og_site_name":"Modula","article_published_time":"2018-07-11T14:07:07+00:00","article_modified_time":"2025-07-07T13:34:21+00:00","og_image":[{"width":800,"height":424,"url":"https:\/\/www.modula.eu\/wp-content\/uploads\/2022\/06\/MODULA-settore-auto-850x450-800x424-1.jpeg","type":"image\/jpeg"}],"author":"bznadmin","twitter_card":"summary_large_image","twitter_misc":{"Verfasst von":"bznadmin"},"schema":{"@context":"https:\/\/schema.org","@graph":[{"@type":"Article","@id":"https:\/\/www.modula.eu\/de\/blog\/modula-das-intelligente-lagersystem-im-automobilbereich\/#article","isPartOf":{"@id":"https:\/\/www.modula.eu\/de\/blog\/modula-das-intelligente-lagersystem-im-automobilbereich\/"},"author":{"name":"bznadmin","@id":"https:\/\/www.modula.eu\/de\/#\/schema\/person\/7c5b83a68cf511134b5990861dad5936"},"headline":"Modula, das intelligente Lagersystem im Automobilbereich","datePublished":"2018-07-11T14:07:07+00:00","dateModified":"2025-07-07T13:34:21+00:00","mainEntityOfPage":{"@id":"https:\/\/www.modula.eu\/de\/blog\/modula-das-intelligente-lagersystem-im-automobilbereich\/"},"wordCount":6,"commentCount":0,"publisher":{"@id":"https:\/\/www.modula.eu\/de\/#organization"},"image":{"@id":"https:\/\/www.modula.eu\/de\/blog\/modula-das-intelligente-lagersystem-im-automobilbereich\/#primaryimage"},"thumbnailUrl":"https:\/\/www.modula.eu\/wp-content\/uploads\/2022\/06\/MODULA-settore-auto-850x450-800x424-1.jpeg","articleSection":["Anwendungen"],"inLanguage":"de","potentialAction":[{"@type":"CommentAction","name":"Comment","target":["https:\/\/www.modula.eu\/de\/blog\/modula-das-intelligente-lagersystem-im-automobilbereich\/#respond"]}]},{"@type":"WebPage","@id":"https:\/\/www.modula.eu\/de\/blog\/modula-das-intelligente-lagersystem-im-automobilbereich\/","url":"https:\/\/www.modula.eu\/de\/blog\/modula-das-intelligente-lagersystem-im-automobilbereich\/","name":"Lagersystem im Automobilbereich | Modula","isPartOf":{"@id":"https:\/\/www.modula.eu\/de\/#website"},"primaryImageOfPage":{"@id":"https:\/\/www.modula.eu\/de\/blog\/modula-das-intelligente-lagersystem-im-automobilbereich\/#primaryimage"},"image":{"@id":"https:\/\/www.modula.eu\/de\/blog\/modula-das-intelligente-lagersystem-im-automobilbereich\/#primaryimage"},"thumbnailUrl":"https:\/\/www.modula.eu\/wp-content\/uploads\/2022\/06\/MODULA-settore-auto-850x450-800x424-1.jpeg","datePublished":"2018-07-11T14:07:07+00:00","dateModified":"2025-07-07T13:34:21+00:00","description":"Die Organisation des Lagers ist bereit f\u00fcr viele Unternehmen im Automobilsektor. Die Vermietung, Wartung und Instandhaltung der R\u00e4ume ist eine Quelle erheblicher Kosten f\u00fcr die Kassen des Unternehmens. Mit den automatischen vertikalen Lagersystemen von Modula werden diese Kosten drastisch reduziert.","breadcrumb":{"@id":"https:\/\/www.modula.eu\/de\/blog\/modula-das-intelligente-lagersystem-im-automobilbereich\/#breadcrumb"},"inLanguage":"de","potentialAction":[{"@type":"ReadAction","target":["https:\/\/www.modula.eu\/de\/blog\/modula-das-intelligente-lagersystem-im-automobilbereich\/"]}]},{"@type":"ImageObject","inLanguage":"de","@id":"https:\/\/www.modula.eu\/de\/blog\/modula-das-intelligente-lagersystem-im-automobilbereich\/#primaryimage","url":"https:\/\/www.modula.eu\/wp-content\/uploads\/2022\/06\/MODULA-settore-auto-850x450-800x424-1.jpeg","contentUrl":"https:\/\/www.modula.eu\/wp-content\/uploads\/2022\/06\/MODULA-settore-auto-850x450-800x424-1.jpeg","width":800,"height":424},{"@type":"BreadcrumbList","@id":"https:\/\/www.modula.eu\/de\/blog\/modula-das-intelligente-lagersystem-im-automobilbereich\/#breadcrumb","itemListElement":[{"@type":"ListItem","position":1,"name":"Home","item":"https:\/\/www.modula.eu\/de\/"},{"@type":"ListItem","position":2,"name":"Anwendungen","item":"https:\/\/www.modula.eu\/de\/blog\/anwendungen\/"},{"@type":"ListItem","position":3,"name":"Modula, das intelligente Lagersystem im Automobilbereich"}]},{"@type":"WebSite","@id":"https:\/\/www.modula.eu\/de\/#website","url":"https:\/\/www.modula.eu\/de\/","name":"Modula","description":"Think Vertical","publisher":{"@id":"https:\/\/www.modula.eu\/de\/#organization"},"potentialAction":[{"@type":"SearchAction","target":{"@type":"EntryPoint","urlTemplate":"https:\/\/www.modula.eu\/de\/?s={search_term_string}"},"query-input":{"@type":"PropertyValueSpecification","valueRequired":true,"valueName":"search_term_string"}}],"inLanguage":"de"},{"@type":"Organization","@id":"https:\/\/www.modula.eu\/de\/#organization","name":"Modula","url":"https:\/\/www.modula.eu\/de\/","logo":{"@type":"ImageObject","inLanguage":"de","@id":"https:\/\/www.modula.eu\/de\/#\/schema\/logo\/image\/","url":"https:\/\/www.modula.eu\/wp-content\/uploads\/2022\/12\/Modula-logo.jpg","contentUrl":"https:\/\/www.modula.eu\/wp-content\/uploads\/2022\/12\/Modula-logo.jpg","width":759,"height":512,"caption":"Modula"},"image":{"@id":"https:\/\/www.modula.eu\/de\/#\/schema\/logo\/image\/"}},{"@type":"Person","@id":"https:\/\/www.modula.eu\/de\/#\/schema\/person\/7c5b83a68cf511134b5990861dad5936","name":"bznadmin","sameAs":["https:\/\/www.modula.eu"]}]}},"_links":{"self":[{"href":"https:\/\/www.modula.eu\/de\/wp-json\/wp\/v2\/posts\/7605","targetHints":{"allow":["GET"]}}],"collection":[{"href":"https:\/\/www.modula.eu\/de\/wp-json\/wp\/v2\/posts"}],"about":[{"href":"https:\/\/www.modula.eu\/de\/wp-json\/wp\/v2\/types\/post"}],"author":[{"embeddable":true,"href":"https:\/\/www.modula.eu\/de\/wp-json\/wp\/v2\/users\/1"}],"replies":[{"embeddable":true,"href":"https:\/\/www.modula.eu\/de\/wp-json\/wp\/v2\/comments?post=7605"}],"version-history":[{"count":0,"href":"https:\/\/www.modula.eu\/de\/wp-json\/wp\/v2\/posts\/7605\/revisions"}],"wp:featuredmedia":[{"embeddable":true,"href":"https:\/\/www.modula.eu\/de\/wp-json\/wp\/v2\/media\/6362"}],"wp:attachment":[{"href":"https:\/\/www.modula.eu\/de\/wp-json\/wp\/v2\/media?parent=7605"}],"wp:term":[{"taxonomy":"category","embeddable":true,"href":"https:\/\/www.modula.eu\/de\/wp-json\/wp\/v2\/categories?post=7605"},{"taxonomy":"post_tag","embeddable":true,"href":"https:\/\/www.modula.eu\/de\/wp-json\/wp\/v2\/tags?post=7605"}],"curies":[{"name":"wp","href":"https:\/\/api.w.org\/{rel}","templated":true}]}}