{"id":78833,"date":"2026-04-30T00:00:07","date_gmt":"2026-04-29T22:00:07","guid":{"rendered":"https:\/\/www.modula.eu\/blog\/vertical-lift-module-and-integrated-automation-how-modula-connects-robots-amrs-conveyors-agvs-and-picking-systems-in-a-single-ecosystem\/"},"modified":"2026-05-08T16:06:25","modified_gmt":"2026-05-08T14:06:25","slug":"vertikales-automatisches-lager-und-integrierte-automatisierung-wie-modula-roboter-amr-foerderbaender-agv-und-kommissioniersysteme-in-einem-einzigen-oekosystem-verbindet","status":"publish","type":"post","link":"https:\/\/www.modula.eu\/de\/blog\/vertikales-automatisches-lager-und-integrierte-automatisierung-wie-modula-roboter-amr-foerderbaender-agv-und-kommissioniersysteme-in-einem-einzigen-oekosystem-verbindet\/","title":{"rendered":"Vertikales automatisches Lager und integrierte Automatisierung: Wie Modula Roboter, AMR, F\u00f6rderb\u00e4nder, AGV und Kommissioniersysteme in einem einzigen \u00d6kosystem verbindet"},"content":{"rendered":"","protected":false},"excerpt":{"rendered":"","protected":false},"author":6,"featured_media":78885,"comment_status":"closed","ping_status":"closed","sticky":false,"template":"","format":"standard","meta":{"_acf_changed":false,"inline_featured_image":false,"footnotes":""},"categories":[55],"tags":[],"class_list":["post-78833","post","type-post","status-publish","format-standard","has-post-thumbnail","hentry","category-automatisierte-lager"],"acf":[],"yoast_head":"<!-- This site is optimized with the Yoast SEO plugin v28.3 - https:\/\/yoast.com\/product\/yoast-seo-wordpress\/ -->\n<title>Vertikale Lagerlifte &amp; integrierte Automatisierung | Modula<\/title>\n<meta name=\"description\" content=\"Entdecken Sie, wie vertikale Liftmodule mit Robotern, AMRs, AGVs, F\u00f6rdertechnik und Picking-Systemen zu einem vernetzten Intralogistik-\u00d6kosystem integriert werden.\" \/>\n<meta name=\"robots\" content=\"index, follow, max-snippet:-1, max-image-preview:large, max-video-preview:-1\" \/>\n<link rel=\"canonical\" href=\"https:\/\/www.modula.eu\/de\/blog\/vertikales-automatisches-lager-und-integrierte-automatisierung-wie-modula-roboter-amr-foerderbaender-agv-und-kommissioniersysteme-in-einem-einzigen-oekosystem-verbindet\/\" \/>\n<meta property=\"og:locale\" content=\"de_DE\" \/>\n<meta property=\"og:type\" content=\"article\" \/>\n<meta property=\"og:title\" content=\"Vertikale Lagerlifte &amp; integrierte Automatisierung | Modula\" \/>\n<meta property=\"og:description\" content=\"Entdecken Sie, wie vertikale Liftmodule mit Robotern, AMRs, AGVs, F\u00f6rdertechnik und Picking-Systemen zu einem vernetzten Intralogistik-\u00d6kosystem integriert werden.\" \/>\n<meta property=\"og:url\" content=\"https:\/\/www.modula.eu\/de\/blog\/vertikales-automatisches-lager-und-integrierte-automatisierung-wie-modula-roboter-amr-foerderbaender-agv-und-kommissioniersysteme-in-einem-einzigen-oekosystem-verbindet\/\" \/>\n<meta property=\"og:site_name\" content=\"Modula\" \/>\n<meta property=\"article:published_time\" content=\"2026-04-29T22:00:07+00:00\" \/>\n<meta property=\"article:modified_time\" content=\"2026-05-08T14:06:25+00:00\" \/>\n<meta property=\"og:image\" content=\"https:\/\/www.modula.eu\/wp-content\/uploads\/2026\/04\/blog_integrationen.jpg\" \/>\n\t<meta property=\"og:image:width\" content=\"1200\" \/>\n\t<meta property=\"og:image:height\" content=\"600\" \/>\n\t<meta property=\"og:image:type\" content=\"image\/jpeg\" \/>\n<meta name=\"author\" content=\"Irene Bretta\" \/>\n<meta name=\"twitter:card\" content=\"summary_large_image\" \/>\n<meta name=\"twitter:label1\" content=\"Verfasst von\" \/>\n\t<meta name=\"twitter:data1\" content=\"Irene Bretta\" \/>\n<script type=\"application\/ld+json\" class=\"yoast-schema-graph\">{\"@context\":\"https:\\\/\\\/schema.org\",\"@graph\":[{\"@type\":\"BlogPosting\",\"@id\":\"https:\\\/\\\/www.modula.eu\\\/de\\\/blog\\\/vertikales-automatisches-lager-und-integrierte-automatisierung-wie-modula-roboter-amr-foerderbaender-agv-und-kommissioniersysteme-in-einem-einzigen-oekosystem-verbindet\\\/#article\",\"isPartOf\":{\"@id\":\"https:\\\/\\\/www.modula.eu\\\/de\\\/blog\\\/vertikales-automatisches-lager-und-integrierte-automatisierung-wie-modula-roboter-amr-foerderbaender-agv-und-kommissioniersysteme-in-einem-einzigen-oekosystem-verbindet\\\/\"},\"author\":{\"name\":\"Irene Bretta\",\"@id\":\"https:\\\/\\\/www.modula.eu\\\/de\\\/#\\\/schema\\\/person\\\/8418fb3a8951e09a2aabee89b6004c6c\"},\"headline\":\"Vertikales automatisches Lager und integrierte Automatisierung: Wie Modula Roboter, AMR, F\u00f6rderb\u00e4nder, AGV und Kommissioniersysteme in einem einzigen \u00d6kosystem verbindet\",\"datePublished\":\"2026-04-29T22:00:07+00:00\",\"dateModified\":\"2026-05-08T14:06:25+00:00\",\"mainEntityOfPage\":{\"@id\":\"https:\\\/\\\/www.modula.eu\\\/de\\\/blog\\\/vertikales-automatisches-lager-und-integrierte-automatisierung-wie-modula-roboter-amr-foerderbaender-agv-und-kommissioniersysteme-in-einem-einzigen-oekosystem-verbindet\\\/\"},\"wordCount\":21,\"publisher\":{\"@id\":\"https:\\\/\\\/www.modula.eu\\\/de\\\/#organization\"},\"image\":{\"@id\":\"https:\\\/\\\/www.modula.eu\\\/de\\\/blog\\\/vertikales-automatisches-lager-und-integrierte-automatisierung-wie-modula-roboter-amr-foerderbaender-agv-und-kommissioniersysteme-in-einem-einzigen-oekosystem-verbindet\\\/#primaryimage\"},\"thumbnailUrl\":\"https:\\\/\\\/www.modula.eu\\\/wp-content\\\/uploads\\\/2026\\\/04\\\/blog_integrationen.jpg\",\"articleSection\":[\"Automatisierte Lager\"],\"inLanguage\":\"de\"},{\"@type\":\"WebPage\",\"@id\":\"https:\\\/\\\/www.modula.eu\\\/de\\\/blog\\\/vertikales-automatisches-lager-und-integrierte-automatisierung-wie-modula-roboter-amr-foerderbaender-agv-und-kommissioniersysteme-in-einem-einzigen-oekosystem-verbindet\\\/\",\"url\":\"https:\\\/\\\/www.modula.eu\\\/de\\\/blog\\\/vertikales-automatisches-lager-und-integrierte-automatisierung-wie-modula-roboter-amr-foerderbaender-agv-und-kommissioniersysteme-in-einem-einzigen-oekosystem-verbindet\\\/\",\"name\":\"Vertikale Lagerlifte & integrierte Automatisierung | Modula\",\"isPartOf\":{\"@id\":\"https:\\\/\\\/www.modula.eu\\\/de\\\/#website\"},\"primaryImageOfPage\":{\"@id\":\"https:\\\/\\\/www.modula.eu\\\/de\\\/blog\\\/vertikales-automatisches-lager-und-integrierte-automatisierung-wie-modula-roboter-amr-foerderbaender-agv-und-kommissioniersysteme-in-einem-einzigen-oekosystem-verbindet\\\/#primaryimage\"},\"image\":{\"@id\":\"https:\\\/\\\/www.modula.eu\\\/de\\\/blog\\\/vertikales-automatisches-lager-und-integrierte-automatisierung-wie-modula-roboter-amr-foerderbaender-agv-und-kommissioniersysteme-in-einem-einzigen-oekosystem-verbindet\\\/#primaryimage\"},\"thumbnailUrl\":\"https:\\\/\\\/www.modula.eu\\\/wp-content\\\/uploads\\\/2026\\\/04\\\/blog_integrationen.jpg\",\"datePublished\":\"2026-04-29T22:00:07+00:00\",\"dateModified\":\"2026-05-08T14:06:25+00:00\",\"description\":\"Entdecken Sie, wie vertikale Liftmodule mit Robotern, AMRs, AGVs, F\u00f6rdertechnik und Picking-Systemen zu einem vernetzten Intralogistik-\u00d6kosystem integriert werden.\",\"breadcrumb\":{\"@id\":\"https:\\\/\\\/www.modula.eu\\\/de\\\/blog\\\/vertikales-automatisches-lager-und-integrierte-automatisierung-wie-modula-roboter-amr-foerderbaender-agv-und-kommissioniersysteme-in-einem-einzigen-oekosystem-verbindet\\\/#breadcrumb\"},\"inLanguage\":\"de\",\"potentialAction\":[{\"@type\":\"ReadAction\",\"target\":[\"https:\\\/\\\/www.modula.eu\\\/de\\\/blog\\\/vertikales-automatisches-lager-und-integrierte-automatisierung-wie-modula-roboter-amr-foerderbaender-agv-und-kommissioniersysteme-in-einem-einzigen-oekosystem-verbindet\\\/\"]}]},{\"@type\":\"ImageObject\",\"inLanguage\":\"de\",\"@id\":\"https:\\\/\\\/www.modula.eu\\\/de\\\/blog\\\/vertikales-automatisches-lager-und-integrierte-automatisierung-wie-modula-roboter-amr-foerderbaender-agv-und-kommissioniersysteme-in-einem-einzigen-oekosystem-verbindet\\\/#primaryimage\",\"url\":\"https:\\\/\\\/www.modula.eu\\\/wp-content\\\/uploads\\\/2026\\\/04\\\/blog_integrationen.jpg\",\"contentUrl\":\"https:\\\/\\\/www.modula.eu\\\/wp-content\\\/uploads\\\/2026\\\/04\\\/blog_integrationen.jpg\",\"width\":1200,\"height\":600},{\"@type\":\"BreadcrumbList\",\"@id\":\"https:\\\/\\\/www.modula.eu\\\/de\\\/blog\\\/vertikales-automatisches-lager-und-integrierte-automatisierung-wie-modula-roboter-amr-foerderbaender-agv-und-kommissioniersysteme-in-einem-einzigen-oekosystem-verbindet\\\/#breadcrumb\",\"itemListElement\":[{\"@type\":\"ListItem\",\"position\":1,\"name\":\"Home\",\"item\":\"https:\\\/\\\/www.modula.eu\\\/de\\\/\"},{\"@type\":\"ListItem\",\"position\":2,\"name\":\"Automatisierte Lager\",\"item\":\"https:\\\/\\\/www.modula.eu\\\/de\\\/blog\\\/automatisierte-lager\\\/\"},{\"@type\":\"ListItem\",\"position\":3,\"name\":\"Vertikales automatisches Lager und integrierte Automatisierung: Wie Modula Roboter, AMR, F\u00f6rderb\u00e4nder, AGV und Kommissioniersysteme in einem einzigen \u00d6kosystem verbindet\"}]},{\"@type\":\"WebSite\",\"@id\":\"https:\\\/\\\/www.modula.eu\\\/de\\\/#website\",\"url\":\"https:\\\/\\\/www.modula.eu\\\/de\\\/\",\"name\":\"Modula S.p.A.\",\"description\":\"Think Vertical\",\"publisher\":{\"@id\":\"https:\\\/\\\/www.modula.eu\\\/de\\\/#organization\"},\"potentialAction\":[{\"@type\":\"SearchAction\",\"target\":{\"@type\":\"EntryPoint\",\"urlTemplate\":\"https:\\\/\\\/www.modula.eu\\\/de\\\/?s={search_term_string}\"},\"query-input\":{\"@type\":\"PropertyValueSpecification\",\"valueRequired\":true,\"valueName\":\"search_term_string\"}}],\"inLanguage\":\"de\"},{\"@type\":\"Person\",\"@id\":\"https:\\\/\\\/www.modula.eu\\\/de\\\/#\\\/schema\\\/person\\\/8418fb3a8951e09a2aabee89b6004c6c\",\"name\":\"Irene Bretta\"}]}<\/script>\n<!-- \/ Yoast SEO plugin. -->","yoast_head_json":{"title":"Vertikale Lagerlifte & integrierte Automatisierung | Modula","description":"Entdecken Sie, wie vertikale Liftmodule mit Robotern, AMRs, AGVs, F\u00f6rdertechnik und Picking-Systemen zu einem vernetzten Intralogistik-\u00d6kosystem integriert werden.","robots":{"index":"index","follow":"follow","max-snippet":"max-snippet:-1","max-image-preview":"max-image-preview:large","max-video-preview":"max-video-preview:-1"},"canonical":"https:\/\/www.modula.eu\/de\/blog\/vertikales-automatisches-lager-und-integrierte-automatisierung-wie-modula-roboter-amr-foerderbaender-agv-und-kommissioniersysteme-in-einem-einzigen-oekosystem-verbindet\/","og_locale":"de_DE","og_type":"article","og_title":"Vertikale Lagerlifte & integrierte Automatisierung | Modula","og_description":"Entdecken Sie, wie vertikale Liftmodule mit Robotern, AMRs, AGVs, F\u00f6rdertechnik und Picking-Systemen zu einem vernetzten Intralogistik-\u00d6kosystem integriert werden.","og_url":"https:\/\/www.modula.eu\/de\/blog\/vertikales-automatisches-lager-und-integrierte-automatisierung-wie-modula-roboter-amr-foerderbaender-agv-und-kommissioniersysteme-in-einem-einzigen-oekosystem-verbindet\/","og_site_name":"Modula","article_published_time":"2026-04-29T22:00:07+00:00","article_modified_time":"2026-05-08T14:06:25+00:00","og_image":[{"width":1200,"height":600,"url":"https:\/\/www.modula.eu\/wp-content\/uploads\/2026\/04\/blog_integrationen.jpg","type":"image\/jpeg"}],"author":"Irene Bretta","twitter_card":"summary_large_image","twitter_misc":{"Verfasst von":"Irene Bretta"},"schema":{"@context":"https:\/\/schema.org","@graph":[{"@type":"BlogPosting","@id":"https:\/\/www.modula.eu\/de\/blog\/vertikales-automatisches-lager-und-integrierte-automatisierung-wie-modula-roboter-amr-foerderbaender-agv-und-kommissioniersysteme-in-einem-einzigen-oekosystem-verbindet\/#article","isPartOf":{"@id":"https:\/\/www.modula.eu\/de\/blog\/vertikales-automatisches-lager-und-integrierte-automatisierung-wie-modula-roboter-amr-foerderbaender-agv-und-kommissioniersysteme-in-einem-einzigen-oekosystem-verbindet\/"},"author":{"name":"Irene Bretta","@id":"https:\/\/www.modula.eu\/de\/#\/schema\/person\/8418fb3a8951e09a2aabee89b6004c6c"},"headline":"Vertikales automatisches Lager und integrierte Automatisierung: Wie Modula Roboter, AMR, F\u00f6rderb\u00e4nder, AGV und Kommissioniersysteme in einem einzigen \u00d6kosystem verbindet","datePublished":"2026-04-29T22:00:07+00:00","dateModified":"2026-05-08T14:06:25+00:00","mainEntityOfPage":{"@id":"https:\/\/www.modula.eu\/de\/blog\/vertikales-automatisches-lager-und-integrierte-automatisierung-wie-modula-roboter-amr-foerderbaender-agv-und-kommissioniersysteme-in-einem-einzigen-oekosystem-verbindet\/"},"wordCount":21,"publisher":{"@id":"https:\/\/www.modula.eu\/de\/#organization"},"image":{"@id":"https:\/\/www.modula.eu\/de\/blog\/vertikales-automatisches-lager-und-integrierte-automatisierung-wie-modula-roboter-amr-foerderbaender-agv-und-kommissioniersysteme-in-einem-einzigen-oekosystem-verbindet\/#primaryimage"},"thumbnailUrl":"https:\/\/www.modula.eu\/wp-content\/uploads\/2026\/04\/blog_integrationen.jpg","articleSection":["Automatisierte Lager"],"inLanguage":"de"},{"@type":"WebPage","@id":"https:\/\/www.modula.eu\/de\/blog\/vertikales-automatisches-lager-und-integrierte-automatisierung-wie-modula-roboter-amr-foerderbaender-agv-und-kommissioniersysteme-in-einem-einzigen-oekosystem-verbindet\/","url":"https:\/\/www.modula.eu\/de\/blog\/vertikales-automatisches-lager-und-integrierte-automatisierung-wie-modula-roboter-amr-foerderbaender-agv-und-kommissioniersysteme-in-einem-einzigen-oekosystem-verbindet\/","name":"Vertikale Lagerlifte & integrierte Automatisierung | Modula","isPartOf":{"@id":"https:\/\/www.modula.eu\/de\/#website"},"primaryImageOfPage":{"@id":"https:\/\/www.modula.eu\/de\/blog\/vertikales-automatisches-lager-und-integrierte-automatisierung-wie-modula-roboter-amr-foerderbaender-agv-und-kommissioniersysteme-in-einem-einzigen-oekosystem-verbindet\/#primaryimage"},"image":{"@id":"https:\/\/www.modula.eu\/de\/blog\/vertikales-automatisches-lager-und-integrierte-automatisierung-wie-modula-roboter-amr-foerderbaender-agv-und-kommissioniersysteme-in-einem-einzigen-oekosystem-verbindet\/#primaryimage"},"thumbnailUrl":"https:\/\/www.modula.eu\/wp-content\/uploads\/2026\/04\/blog_integrationen.jpg","datePublished":"2026-04-29T22:00:07+00:00","dateModified":"2026-05-08T14:06:25+00:00","description":"Entdecken Sie, wie vertikale Liftmodule mit Robotern, AMRs, AGVs, F\u00f6rdertechnik und Picking-Systemen zu einem vernetzten Intralogistik-\u00d6kosystem integriert werden.","breadcrumb":{"@id":"https:\/\/www.modula.eu\/de\/blog\/vertikales-automatisches-lager-und-integrierte-automatisierung-wie-modula-roboter-amr-foerderbaender-agv-und-kommissioniersysteme-in-einem-einzigen-oekosystem-verbindet\/#breadcrumb"},"inLanguage":"de","potentialAction":[{"@type":"ReadAction","target":["https:\/\/www.modula.eu\/de\/blog\/vertikales-automatisches-lager-und-integrierte-automatisierung-wie-modula-roboter-amr-foerderbaender-agv-und-kommissioniersysteme-in-einem-einzigen-oekosystem-verbindet\/"]}]},{"@type":"ImageObject","inLanguage":"de","@id":"https:\/\/www.modula.eu\/de\/blog\/vertikales-automatisches-lager-und-integrierte-automatisierung-wie-modula-roboter-amr-foerderbaender-agv-und-kommissioniersysteme-in-einem-einzigen-oekosystem-verbindet\/#primaryimage","url":"https:\/\/www.modula.eu\/wp-content\/uploads\/2026\/04\/blog_integrationen.jpg","contentUrl":"https:\/\/www.modula.eu\/wp-content\/uploads\/2026\/04\/blog_integrationen.jpg","width":1200,"height":600},{"@type":"BreadcrumbList","@id":"https:\/\/www.modula.eu\/de\/blog\/vertikales-automatisches-lager-und-integrierte-automatisierung-wie-modula-roboter-amr-foerderbaender-agv-und-kommissioniersysteme-in-einem-einzigen-oekosystem-verbindet\/#breadcrumb","itemListElement":[{"@type":"ListItem","position":1,"name":"Home","item":"https:\/\/www.modula.eu\/de\/"},{"@type":"ListItem","position":2,"name":"Automatisierte Lager","item":"https:\/\/www.modula.eu\/de\/blog\/automatisierte-lager\/"},{"@type":"ListItem","position":3,"name":"Vertikales automatisches Lager und integrierte Automatisierung: Wie Modula Roboter, AMR, F\u00f6rderb\u00e4nder, AGV und Kommissioniersysteme in einem einzigen \u00d6kosystem verbindet"}]},{"@type":"WebSite","@id":"https:\/\/www.modula.eu\/de\/#website","url":"https:\/\/www.modula.eu\/de\/","name":"Modula S.p.A.","description":"Think Vertical","publisher":{"@id":"https:\/\/www.modula.eu\/de\/#organization"},"potentialAction":[{"@type":"SearchAction","target":{"@type":"EntryPoint","urlTemplate":"https:\/\/www.modula.eu\/de\/?s={search_term_string}"},"query-input":{"@type":"PropertyValueSpecification","valueRequired":true,"valueName":"search_term_string"}}],"inLanguage":"de"},{"@type":"Person","@id":"https:\/\/www.modula.eu\/de\/#\/schema\/person\/8418fb3a8951e09a2aabee89b6004c6c","name":"Irene Bretta"}]}},"permalink_manager":null,"_links":{"self":[{"href":"https:\/\/www.modula.eu\/de\/wp-json\/wp\/v2\/posts\/78833","targetHints":{"allow":["GET"]}}],"collection":[{"href":"https:\/\/www.modula.eu\/de\/wp-json\/wp\/v2\/posts"}],"about":[{"href":"https:\/\/www.modula.eu\/de\/wp-json\/wp\/v2\/types\/post"}],"author":[{"embeddable":true,"href":"https:\/\/www.modula.eu\/de\/wp-json\/wp\/v2\/users\/6"}],"replies":[{"embeddable":true,"href":"https:\/\/www.modula.eu\/de\/wp-json\/wp\/v2\/comments?post=78833"}],"version-history":[{"count":0,"href":"https:\/\/www.modula.eu\/de\/wp-json\/wp\/v2\/posts\/78833\/revisions"}],"wp:featuredmedia":[{"embeddable":true,"href":"https:\/\/www.modula.eu\/de\/wp-json\/wp\/v2\/media\/78885"}],"wp:attachment":[{"href":"https:\/\/www.modula.eu\/de\/wp-json\/wp\/v2\/media?parent=78833"}],"wp:term":[{"taxonomy":"category","embeddable":true,"href":"https:\/\/www.modula.eu\/de\/wp-json\/wp\/v2\/categories?post=78833"},{"taxonomy":"post_tag","embeddable":true,"href":"https:\/\/www.modula.eu\/de\/wp-json\/wp\/v2\/tags?post=78833"}],"curies":[{"name":"wp","href":"https:\/\/api.w.org\/{rel}","templated":true}]}}