{"id":113628,"date":"2026-09-03T09:27:31","date_gmt":"2026-09-03T07:27:31","guid":{"rendered":"https:\/\/www.modula.eu\/?p=113628"},"modified":"2026-09-03T09:35:11","modified_gmt":"2026-09-03T07:35:11","slug":"kpi-de-almacen-los-indicadores-que-debes-monitorizar-para-mejorar-la-logistica","status":"publish","type":"post","link":"https:\/\/www.modula.eu\/es\/blog\/kpi-de-almacen-los-indicadores-que-debes-monitorizar-para-mejorar-la-logistica\/","title":{"rendered":"KPI de almac\u00e9n: los indicadores que debes monitorizar para mejorar la log\u00edstica"},"content":{"rendered":"","protected":false},"excerpt":{"rendered":"","protected":false},"author":5,"featured_media":113899,"comment_status":"closed","ping_status":"closed","sticky":false,"template":"","format":"standard","meta":{"_acf_changed":false,"inline_featured_image":false,"footnotes":""},"categories":[59],"tags":[],"class_list":["post-113628","post","type-post","status-publish","format-standard","has-post-thumbnail","hentry","category-gestion-del-almacen"],"acf":[],"yoast_head":"<!-- This site is optimized with the Yoast SEO plugin v28.3 - https:\/\/yoast.com\/product\/yoast-seo-wordpress\/ -->\n<title>KPI de almac\u00e9n: los indicadores para mejorar la log\u00edstica<\/title>\n<meta name=\"description\" content=\"Qu\u00e9 son los KPI de almac\u00e9n, cu\u00e1les medir por \u00e1rea operativa, c\u00f3mo elegirlos seg\u00fan tu sector y c\u00f3mo la automatizaci\u00f3n los mejora. Gu\u00eda pr\u00e1ctica.\" \/>\n<meta name=\"robots\" content=\"index, follow, max-snippet:-1, max-image-preview:large, max-video-preview:-1\" \/>\n<link rel=\"canonical\" href=\"https:\/\/www.modula.eu\/es\/blog\/kpi-de-almacen-los-indicadores-que-debes-monitorizar-para-mejorar-la-logistica\/\" \/>\n<meta property=\"og:locale\" content=\"es_ES\" \/>\n<meta property=\"og:type\" content=\"article\" \/>\n<meta property=\"og:title\" content=\"KPI de almac\u00e9n: los indicadores para mejorar la log\u00edstica\" \/>\n<meta property=\"og:description\" content=\"Qu\u00e9 son los KPI de almac\u00e9n, cu\u00e1les medir por \u00e1rea operativa, c\u00f3mo elegirlos seg\u00fan tu sector y c\u00f3mo la automatizaci\u00f3n los mejora. Gu\u00eda pr\u00e1ctica.\" \/>\n<meta property=\"og:url\" content=\"https:\/\/www.modula.eu\/es\/blog\/kpi-de-almacen-los-indicadores-que-debes-monitorizar-para-mejorar-la-logistica\/\" \/>\n<meta property=\"og:site_name\" content=\"Modula\" \/>\n<meta property=\"article:published_time\" content=\"2026-09-03T07:27:31+00:00\" \/>\n<meta property=\"article:modified_time\" content=\"2026-09-03T07:35:11+00:00\" \/>\n<meta property=\"og:image\" content=\"https:\/\/www.modula.eu\/wp-content\/uploads\/2026\/09\/Modula-KPI-del-magazzino-e-quali-monitorare-per-migliorare-la-logistica.png\" \/>\n\t<meta property=\"og:image:width\" content=\"1233\" \/>\n\t<meta property=\"og:image:height\" content=\"391\" \/>\n\t<meta property=\"og:image:type\" content=\"image\/png\" \/>\n<meta name=\"author\" content=\"Alice_Bellelli\" \/>\n<meta name=\"twitter:card\" content=\"summary_large_image\" \/>\n<meta name=\"twitter:label1\" content=\"Escrito por\" \/>\n\t<meta name=\"twitter:data1\" content=\"Alice_Bellelli\" \/>\n<script type=\"application\/ld+json\" class=\"yoast-schema-graph\">{\"@context\":\"https:\\\/\\\/schema.org\",\"@graph\":[{\"@type\":\"BlogPosting\",\"@id\":\"https:\\\/\\\/www.modula.eu\\\/es\\\/blog\\\/kpi-de-almacen-los-indicadores-que-debes-monitorizar-para-mejorar-la-logistica\\\/#article\",\"isPartOf\":{\"@id\":\"https:\\\/\\\/www.modula.eu\\\/es\\\/blog\\\/kpi-de-almacen-los-indicadores-que-debes-monitorizar-para-mejorar-la-logistica\\\/\"},\"author\":{\"name\":\"Alice_Bellelli\",\"@id\":\"https:\\\/\\\/www.modula.eu\\\/es\\\/#\\\/schema\\\/person\\\/16d1fa49675452b387d8f3914e12385c\"},\"headline\":\"KPI de almac\u00e9n: los indicadores que debes monitorizar para mejorar la log\u00edstica\",\"datePublished\":\"2026-09-03T07:27:31+00:00\",\"dateModified\":\"2026-09-03T07:35:11+00:00\",\"mainEntityOfPage\":{\"@id\":\"https:\\\/\\\/www.modula.eu\\\/es\\\/blog\\\/kpi-de-almacen-los-indicadores-que-debes-monitorizar-para-mejorar-la-logistica\\\/\"},\"wordCount\":14,\"publisher\":{\"@id\":\"https:\\\/\\\/www.modula.eu\\\/es\\\/#organization\"},\"image\":{\"@id\":\"https:\\\/\\\/www.modula.eu\\\/es\\\/blog\\\/kpi-de-almacen-los-indicadores-que-debes-monitorizar-para-mejorar-la-logistica\\\/#primaryimage\"},\"thumbnailUrl\":\"https:\\\/\\\/www.modula.eu\\\/wp-content\\\/uploads\\\/2026\\\/09\\\/modula-kpi-di-magazzino.jpg\",\"articleSection\":[\"Gesti\u00f3n del almac\u00e9n\"],\"inLanguage\":\"es\"},{\"@type\":\"WebPage\",\"@id\":\"https:\\\/\\\/www.modula.eu\\\/es\\\/blog\\\/kpi-de-almacen-los-indicadores-que-debes-monitorizar-para-mejorar-la-logistica\\\/\",\"url\":\"https:\\\/\\\/www.modula.eu\\\/es\\\/blog\\\/kpi-de-almacen-los-indicadores-que-debes-monitorizar-para-mejorar-la-logistica\\\/\",\"name\":\"KPI de almac\u00e9n: los indicadores para mejorar la log\u00edstica\",\"isPartOf\":{\"@id\":\"https:\\\/\\\/www.modula.eu\\\/es\\\/#website\"},\"primaryImageOfPage\":{\"@id\":\"https:\\\/\\\/www.modula.eu\\\/es\\\/blog\\\/kpi-de-almacen-los-indicadores-que-debes-monitorizar-para-mejorar-la-logistica\\\/#primaryimage\"},\"image\":{\"@id\":\"https:\\\/\\\/www.modula.eu\\\/es\\\/blog\\\/kpi-de-almacen-los-indicadores-que-debes-monitorizar-para-mejorar-la-logistica\\\/#primaryimage\"},\"thumbnailUrl\":\"https:\\\/\\\/www.modula.eu\\\/wp-content\\\/uploads\\\/2026\\\/09\\\/modula-kpi-di-magazzino.jpg\",\"datePublished\":\"2026-09-03T07:27:31+00:00\",\"dateModified\":\"2026-09-03T07:35:11+00:00\",\"description\":\"Qu\u00e9 son los KPI de almac\u00e9n, cu\u00e1les medir por \u00e1rea operativa, c\u00f3mo elegirlos seg\u00fan tu sector y c\u00f3mo la automatizaci\u00f3n los mejora. Gu\u00eda pr\u00e1ctica.\",\"breadcrumb\":{\"@id\":\"https:\\\/\\\/www.modula.eu\\\/es\\\/blog\\\/kpi-de-almacen-los-indicadores-que-debes-monitorizar-para-mejorar-la-logistica\\\/#breadcrumb\"},\"inLanguage\":\"es\",\"potentialAction\":[{\"@type\":\"ReadAction\",\"target\":[\"https:\\\/\\\/www.modula.eu\\\/es\\\/blog\\\/kpi-de-almacen-los-indicadores-que-debes-monitorizar-para-mejorar-la-logistica\\\/\"]}]},{\"@type\":\"ImageObject\",\"inLanguage\":\"es\",\"@id\":\"https:\\\/\\\/www.modula.eu\\\/es\\\/blog\\\/kpi-de-almacen-los-indicadores-que-debes-monitorizar-para-mejorar-la-logistica\\\/#primaryimage\",\"url\":\"https:\\\/\\\/www.modula.eu\\\/wp-content\\\/uploads\\\/2026\\\/09\\\/modula-kpi-di-magazzino.jpg\",\"contentUrl\":\"https:\\\/\\\/www.modula.eu\\\/wp-content\\\/uploads\\\/2026\\\/09\\\/modula-kpi-di-magazzino.jpg\",\"width\":1233,\"height\":800,\"caption\":\"Modula - KPI di magazzio da monitorare\"},{\"@type\":\"BreadcrumbList\",\"@id\":\"https:\\\/\\\/www.modula.eu\\\/es\\\/blog\\\/kpi-de-almacen-los-indicadores-que-debes-monitorizar-para-mejorar-la-logistica\\\/#breadcrumb\",\"itemListElement\":[{\"@type\":\"ListItem\",\"position\":1,\"name\":\"Home\",\"item\":\"https:\\\/\\\/www.modula.eu\\\/es\\\/\"},{\"@type\":\"ListItem\",\"position\":2,\"name\":\"Gesti\u00f3n del almac\u00e9n\",\"item\":\"https:\\\/\\\/www.modula.eu\\\/es\\\/blog\\\/gestion-del-almacen\\\/\"},{\"@type\":\"ListItem\",\"position\":3,\"name\":\"KPI de almac\u00e9n: los indicadores que debes monitorizar para mejorar la log\u00edstica\"}]},{\"@type\":\"WebSite\",\"@id\":\"https:\\\/\\\/www.modula.eu\\\/es\\\/#website\",\"url\":\"https:\\\/\\\/www.modula.eu\\\/es\\\/\",\"name\":\"Modula S.p.A.\",\"description\":\"Think Vertical\",\"publisher\":{\"@id\":\"https:\\\/\\\/www.modula.eu\\\/es\\\/#organization\"},\"potentialAction\":[{\"@type\":\"SearchAction\",\"target\":{\"@type\":\"EntryPoint\",\"urlTemplate\":\"https:\\\/\\\/www.modula.eu\\\/es\\\/?s={search_term_string}\"},\"query-input\":{\"@type\":\"PropertyValueSpecification\",\"valueRequired\":true,\"valueName\":\"search_term_string\"}}],\"inLanguage\":\"es\"},{\"@type\":\"Person\",\"@id\":\"https:\\\/\\\/www.modula.eu\\\/es\\\/#\\\/schema\\\/person\\\/16d1fa49675452b387d8f3914e12385c\",\"name\":\"Alice_Bellelli\"}]}<\/script>\n<!-- \/ Yoast SEO plugin. -->","yoast_head_json":{"title":"KPI de almac\u00e9n: los indicadores para mejorar la log\u00edstica","description":"Qu\u00e9 son los KPI de almac\u00e9n, cu\u00e1les medir por \u00e1rea operativa, c\u00f3mo elegirlos seg\u00fan tu sector y c\u00f3mo la automatizaci\u00f3n los mejora. Gu\u00eda pr\u00e1ctica.","robots":{"index":"index","follow":"follow","max-snippet":"max-snippet:-1","max-image-preview":"max-image-preview:large","max-video-preview":"max-video-preview:-1"},"canonical":"https:\/\/www.modula.eu\/es\/blog\/kpi-de-almacen-los-indicadores-que-debes-monitorizar-para-mejorar-la-logistica\/","og_locale":"es_ES","og_type":"article","og_title":"KPI de almac\u00e9n: los indicadores para mejorar la log\u00edstica","og_description":"Qu\u00e9 son los KPI de almac\u00e9n, cu\u00e1les medir por \u00e1rea operativa, c\u00f3mo elegirlos seg\u00fan tu sector y c\u00f3mo la automatizaci\u00f3n los mejora. Gu\u00eda pr\u00e1ctica.","og_url":"https:\/\/www.modula.eu\/es\/blog\/kpi-de-almacen-los-indicadores-que-debes-monitorizar-para-mejorar-la-logistica\/","og_site_name":"Modula","article_published_time":"2026-09-03T07:27:31+00:00","article_modified_time":"2026-09-03T07:35:11+00:00","og_image":[{"width":1233,"height":391,"url":"https:\/\/www.modula.eu\/wp-content\/uploads\/2026\/09\/Modula-KPI-del-magazzino-e-quali-monitorare-per-migliorare-la-logistica.png","type":"image\/png"}],"author":"Alice_Bellelli","twitter_card":"summary_large_image","twitter_misc":{"Escrito por":"Alice_Bellelli"},"schema":{"@context":"https:\/\/schema.org","@graph":[{"@type":"BlogPosting","@id":"https:\/\/www.modula.eu\/es\/blog\/kpi-de-almacen-los-indicadores-que-debes-monitorizar-para-mejorar-la-logistica\/#article","isPartOf":{"@id":"https:\/\/www.modula.eu\/es\/blog\/kpi-de-almacen-los-indicadores-que-debes-monitorizar-para-mejorar-la-logistica\/"},"author":{"name":"Alice_Bellelli","@id":"https:\/\/www.modula.eu\/es\/#\/schema\/person\/16d1fa49675452b387d8f3914e12385c"},"headline":"KPI de almac\u00e9n: los indicadores que debes monitorizar para mejorar la log\u00edstica","datePublished":"2026-09-03T07:27:31+00:00","dateModified":"2026-09-03T07:35:11+00:00","mainEntityOfPage":{"@id":"https:\/\/www.modula.eu\/es\/blog\/kpi-de-almacen-los-indicadores-que-debes-monitorizar-para-mejorar-la-logistica\/"},"wordCount":14,"publisher":{"@id":"https:\/\/www.modula.eu\/es\/#organization"},"image":{"@id":"https:\/\/www.modula.eu\/es\/blog\/kpi-de-almacen-los-indicadores-que-debes-monitorizar-para-mejorar-la-logistica\/#primaryimage"},"thumbnailUrl":"https:\/\/www.modula.eu\/wp-content\/uploads\/2026\/09\/modula-kpi-di-magazzino.jpg","articleSection":["Gesti\u00f3n del almac\u00e9n"],"inLanguage":"es"},{"@type":"WebPage","@id":"https:\/\/www.modula.eu\/es\/blog\/kpi-de-almacen-los-indicadores-que-debes-monitorizar-para-mejorar-la-logistica\/","url":"https:\/\/www.modula.eu\/es\/blog\/kpi-de-almacen-los-indicadores-que-debes-monitorizar-para-mejorar-la-logistica\/","name":"KPI de almac\u00e9n: los indicadores para mejorar la log\u00edstica","isPartOf":{"@id":"https:\/\/www.modula.eu\/es\/#website"},"primaryImageOfPage":{"@id":"https:\/\/www.modula.eu\/es\/blog\/kpi-de-almacen-los-indicadores-que-debes-monitorizar-para-mejorar-la-logistica\/#primaryimage"},"image":{"@id":"https:\/\/www.modula.eu\/es\/blog\/kpi-de-almacen-los-indicadores-que-debes-monitorizar-para-mejorar-la-logistica\/#primaryimage"},"thumbnailUrl":"https:\/\/www.modula.eu\/wp-content\/uploads\/2026\/09\/modula-kpi-di-magazzino.jpg","datePublished":"2026-09-03T07:27:31+00:00","dateModified":"2026-09-03T07:35:11+00:00","description":"Qu\u00e9 son los KPI de almac\u00e9n, cu\u00e1les medir por \u00e1rea operativa, c\u00f3mo elegirlos seg\u00fan tu sector y c\u00f3mo la automatizaci\u00f3n los mejora. Gu\u00eda pr\u00e1ctica.","breadcrumb":{"@id":"https:\/\/www.modula.eu\/es\/blog\/kpi-de-almacen-los-indicadores-que-debes-monitorizar-para-mejorar-la-logistica\/#breadcrumb"},"inLanguage":"es","potentialAction":[{"@type":"ReadAction","target":["https:\/\/www.modula.eu\/es\/blog\/kpi-de-almacen-los-indicadores-que-debes-monitorizar-para-mejorar-la-logistica\/"]}]},{"@type":"ImageObject","inLanguage":"es","@id":"https:\/\/www.modula.eu\/es\/blog\/kpi-de-almacen-los-indicadores-que-debes-monitorizar-para-mejorar-la-logistica\/#primaryimage","url":"https:\/\/www.modula.eu\/wp-content\/uploads\/2026\/09\/modula-kpi-di-magazzino.jpg","contentUrl":"https:\/\/www.modula.eu\/wp-content\/uploads\/2026\/09\/modula-kpi-di-magazzino.jpg","width":1233,"height":800,"caption":"Modula - KPI di magazzio da monitorare"},{"@type":"BreadcrumbList","@id":"https:\/\/www.modula.eu\/es\/blog\/kpi-de-almacen-los-indicadores-que-debes-monitorizar-para-mejorar-la-logistica\/#breadcrumb","itemListElement":[{"@type":"ListItem","position":1,"name":"Home","item":"https:\/\/www.modula.eu\/es\/"},{"@type":"ListItem","position":2,"name":"Gesti\u00f3n del almac\u00e9n","item":"https:\/\/www.modula.eu\/es\/blog\/gestion-del-almacen\/"},{"@type":"ListItem","position":3,"name":"KPI de almac\u00e9n: los indicadores que debes monitorizar para mejorar la log\u00edstica"}]},{"@type":"WebSite","@id":"https:\/\/www.modula.eu\/es\/#website","url":"https:\/\/www.modula.eu\/es\/","name":"Modula S.p.A.","description":"Think Vertical","publisher":{"@id":"https:\/\/www.modula.eu\/es\/#organization"},"potentialAction":[{"@type":"SearchAction","target":{"@type":"EntryPoint","urlTemplate":"https:\/\/www.modula.eu\/es\/?s={search_term_string}"},"query-input":{"@type":"PropertyValueSpecification","valueRequired":true,"valueName":"search_term_string"}}],"inLanguage":"es"},{"@type":"Person","@id":"https:\/\/www.modula.eu\/es\/#\/schema\/person\/16d1fa49675452b387d8f3914e12385c","name":"Alice_Bellelli"}]}},"permalink_manager":null,"_links":{"self":[{"href":"https:\/\/www.modula.eu\/es\/wp-json\/wp\/v2\/posts\/113628","targetHints":{"allow":["GET"]}}],"collection":[{"href":"https:\/\/www.modula.eu\/es\/wp-json\/wp\/v2\/posts"}],"about":[{"href":"https:\/\/www.modula.eu\/es\/wp-json\/wp\/v2\/types\/post"}],"author":[{"embeddable":true,"href":"https:\/\/www.modula.eu\/es\/wp-json\/wp\/v2\/users\/5"}],"replies":[{"embeddable":true,"href":"https:\/\/www.modula.eu\/es\/wp-json\/wp\/v2\/comments?post=113628"}],"version-history":[{"count":2,"href":"https:\/\/www.modula.eu\/es\/wp-json\/wp\/v2\/posts\/113628\/revisions"}],"predecessor-version":[{"id":113662,"href":"https:\/\/www.modula.eu\/es\/wp-json\/wp\/v2\/posts\/113628\/revisions\/113662"}],"wp:featuredmedia":[{"embeddable":true,"href":"https:\/\/www.modula.eu\/es\/wp-json\/wp\/v2\/media\/113899"}],"wp:attachment":[{"href":"https:\/\/www.modula.eu\/es\/wp-json\/wp\/v2\/media?parent=113628"}],"wp:term":[{"taxonomy":"category","embeddable":true,"href":"https:\/\/www.modula.eu\/es\/wp-json\/wp\/v2\/categories?post=113628"},{"taxonomy":"post_tag","embeddable":true,"href":"https:\/\/www.modula.eu\/es\/wp-json\/wp\/v2\/tags?post=113628"}],"curies":[{"name":"wp","href":"https:\/\/api.w.org\/{rel}","templated":true}]}}