{"id":15364,"date":"2023-01-24T15:12:02","date_gmt":"2023-01-24T15:12:02","guid":{"rendered":"https:\/\/www.modula.eu\/?p=15364"},"modified":"2026-05-28T14:42:00","modified_gmt":"2026-05-28T12:42:00","slug":"cadena-de-suministro-o-supply-chain-que-es-y-cuales-son-los-elementos-para-su-gestion-correcta","status":"publish","type":"post","link":"https:\/\/www.modula.eu\/es\/blog\/cadena-de-suministro-o-supply-chain-que-es-y-cuales-son-los-elementos-para-su-gestion-correcta\/","title":{"rendered":"Cadena de suministro o supply chain: qu\u00e9 es y cu\u00e1les son los elementos para su gesti\u00f3n correcta"},"content":{"rendered":"","protected":false},"excerpt":{"rendered":"","protected":false},"author":1,"featured_media":15358,"comment_status":"open","ping_status":"closed","sticky":false,"template":"","format":"standard","meta":{"_acf_changed":false,"inline_featured_image":false,"footnotes":""},"categories":[53],"tags":[],"class_list":["post-15364","post","type-post","status-publish","format-standard","has-post-thumbnail","hentry","category-aplicaciones"],"acf":[],"yoast_head":"<!-- This site is optimized with the Yoast SEO plugin v28.3 - https:\/\/yoast.com\/product\/yoast-seo-wordpress\/ -->\n<title>Cadena de suministro o supply chain: qu\u00e9 es y cu\u00e1les son los elementos para su gesti\u00f3n correcta | Modula<\/title>\n<meta name=\"description\" content=\"En este art\u00edculo fuimos a entrevistar a Alberto Hausmann, Director de la Cadena de Suministro de Modula Spa, no s\u00f3lo para hablar de qu\u00e9 es la Cadena de Suministro sino sobre todo para investigar c\u00f3mo se gestiona en Modula\" \/>\n<meta name=\"robots\" content=\"index, follow, max-snippet:-1, max-image-preview:large, max-video-preview:-1\" \/>\n<link rel=\"canonical\" href=\"https:\/\/www.modula.eu\/es\/blog\/cadena-de-suministro-o-supply-chain-que-es-y-cuales-son-los-elementos-para-su-gestion-correcta\/\" \/>\n<meta property=\"og:locale\" content=\"es_ES\" \/>\n<meta property=\"og:type\" content=\"article\" \/>\n<meta property=\"og:title\" content=\"Cadena de suministro o supply chain: qu\u00e9 es y cu\u00e1les son los elementos para su gesti\u00f3n correcta | Modula\" \/>\n<meta property=\"og:description\" content=\"En este art\u00edculo fuimos a entrevistar a Alberto Hausmann, Director de la Cadena de Suministro de Modula Spa, no s\u00f3lo para hablar de qu\u00e9 es la Cadena de Suministro sino sobre todo para investigar c\u00f3mo se gestiona en Modula\" \/>\n<meta property=\"og:url\" content=\"https:\/\/www.modula.eu\/es\/blog\/cadena-de-suministro-o-supply-chain-que-es-y-cuales-son-los-elementos-para-su-gestion-correcta\/\" \/>\n<meta property=\"og:site_name\" content=\"Modula\" \/>\n<meta property=\"article:published_time\" content=\"2023-01-24T15:12:02+00:00\" \/>\n<meta property=\"article:modified_time\" content=\"2026-05-28T12:42:00+00:00\" \/>\n<meta property=\"og:image\" content=\"https:\/\/www.modula.eu\/wp-content\/uploads\/2023\/01\/albert-hausmann.jpg\" \/>\n\t<meta property=\"og:image:width\" content=\"1000\" \/>\n\t<meta property=\"og:image:height\" content=\"750\" \/>\n\t<meta property=\"og:image:type\" content=\"image\/jpeg\" \/>\n<meta name=\"author\" content=\"bznadmin\" \/>\n<meta name=\"twitter:card\" content=\"summary_large_image\" \/>\n<meta name=\"twitter:label1\" content=\"Escrito por\" \/>\n\t<meta name=\"twitter:data1\" content=\"bznadmin\" \/>\n<script type=\"application\/ld+json\" class=\"yoast-schema-graph\">{\"@context\":\"https:\\\/\\\/schema.org\",\"@graph\":[{\"@type\":\"BlogPosting\",\"@id\":\"https:\\\/\\\/www.modula.eu\\\/es\\\/blog\\\/cadena-de-suministro-o-supply-chain-que-es-y-cuales-son-los-elementos-para-su-gestion-correcta\\\/#article\",\"isPartOf\":{\"@id\":\"https:\\\/\\\/www.modula.eu\\\/es\\\/blog\\\/cadena-de-suministro-o-supply-chain-que-es-y-cuales-son-los-elementos-para-su-gestion-correcta\\\/\"},\"author\":{\"name\":\"bznadmin\",\"@id\":\"https:\\\/\\\/www.modula.eu\\\/es\\\/#\\\/schema\\\/person\\\/7c5b83a68cf511134b5990861dad5936\"},\"headline\":\"Cadena de suministro o supply chain: qu\u00e9 es y cu\u00e1les son los elementos para su gesti\u00f3n correcta\",\"datePublished\":\"2023-01-24T15:12:02+00:00\",\"dateModified\":\"2026-05-28T12:42:00+00:00\",\"mainEntityOfPage\":{\"@id\":\"https:\\\/\\\/www.modula.eu\\\/es\\\/blog\\\/cadena-de-suministro-o-supply-chain-que-es-y-cuales-son-los-elementos-para-su-gestion-correcta\\\/\"},\"wordCount\":19,\"commentCount\":0,\"publisher\":{\"@id\":\"https:\\\/\\\/www.modula.eu\\\/es\\\/#organization\"},\"image\":{\"@id\":\"https:\\\/\\\/www.modula.eu\\\/es\\\/blog\\\/cadena-de-suministro-o-supply-chain-que-es-y-cuales-son-los-elementos-para-su-gestion-correcta\\\/#primaryimage\"},\"thumbnailUrl\":\"https:\\\/\\\/www.modula.eu\\\/wp-content\\\/uploads\\\/2023\\\/01\\\/albert-hausmann.jpg\",\"articleSection\":[\"Aplicaciones\"],\"inLanguage\":\"es\",\"potentialAction\":[{\"@type\":\"CommentAction\",\"name\":\"Comment\",\"target\":[\"https:\\\/\\\/www.modula.eu\\\/es\\\/blog\\\/cadena-de-suministro-o-supply-chain-que-es-y-cuales-son-los-elementos-para-su-gestion-correcta\\\/#respond\"]}]},{\"@type\":\"WebPage\",\"@id\":\"https:\\\/\\\/www.modula.eu\\\/es\\\/blog\\\/cadena-de-suministro-o-supply-chain-que-es-y-cuales-son-los-elementos-para-su-gestion-correcta\\\/\",\"url\":\"https:\\\/\\\/www.modula.eu\\\/es\\\/blog\\\/cadena-de-suministro-o-supply-chain-que-es-y-cuales-son-los-elementos-para-su-gestion-correcta\\\/\",\"name\":\"Cadena de suministro o supply chain: qu\u00e9 es y cu\u00e1les son los elementos para su gesti\u00f3n correcta | Modula\",\"isPartOf\":{\"@id\":\"https:\\\/\\\/www.modula.eu\\\/es\\\/#website\"},\"primaryImageOfPage\":{\"@id\":\"https:\\\/\\\/www.modula.eu\\\/es\\\/blog\\\/cadena-de-suministro-o-supply-chain-que-es-y-cuales-son-los-elementos-para-su-gestion-correcta\\\/#primaryimage\"},\"image\":{\"@id\":\"https:\\\/\\\/www.modula.eu\\\/es\\\/blog\\\/cadena-de-suministro-o-supply-chain-que-es-y-cuales-son-los-elementos-para-su-gestion-correcta\\\/#primaryimage\"},\"thumbnailUrl\":\"https:\\\/\\\/www.modula.eu\\\/wp-content\\\/uploads\\\/2023\\\/01\\\/albert-hausmann.jpg\",\"datePublished\":\"2023-01-24T15:12:02+00:00\",\"dateModified\":\"2026-05-28T12:42:00+00:00\",\"description\":\"En este art\u00edculo fuimos a entrevistar a Alberto Hausmann, Director de la Cadena de Suministro de Modula Spa, no s\u00f3lo para hablar de qu\u00e9 es la Cadena de Suministro sino sobre todo para investigar c\u00f3mo se gestiona en Modula\",\"breadcrumb\":{\"@id\":\"https:\\\/\\\/www.modula.eu\\\/es\\\/blog\\\/cadena-de-suministro-o-supply-chain-que-es-y-cuales-son-los-elementos-para-su-gestion-correcta\\\/#breadcrumb\"},\"inLanguage\":\"es\",\"potentialAction\":[{\"@type\":\"ReadAction\",\"target\":[\"https:\\\/\\\/www.modula.eu\\\/es\\\/blog\\\/cadena-de-suministro-o-supply-chain-que-es-y-cuales-son-los-elementos-para-su-gestion-correcta\\\/\"]}]},{\"@type\":\"ImageObject\",\"inLanguage\":\"es\",\"@id\":\"https:\\\/\\\/www.modula.eu\\\/es\\\/blog\\\/cadena-de-suministro-o-supply-chain-que-es-y-cuales-son-los-elementos-para-su-gestion-correcta\\\/#primaryimage\",\"url\":\"https:\\\/\\\/www.modula.eu\\\/wp-content\\\/uploads\\\/2023\\\/01\\\/albert-hausmann.jpg\",\"contentUrl\":\"https:\\\/\\\/www.modula.eu\\\/wp-content\\\/uploads\\\/2023\\\/01\\\/albert-hausmann.jpg\",\"width\":1000,\"height\":750},{\"@type\":\"BreadcrumbList\",\"@id\":\"https:\\\/\\\/www.modula.eu\\\/es\\\/blog\\\/cadena-de-suministro-o-supply-chain-que-es-y-cuales-son-los-elementos-para-su-gestion-correcta\\\/#breadcrumb\",\"itemListElement\":[{\"@type\":\"ListItem\",\"position\":1,\"name\":\"Home\",\"item\":\"https:\\\/\\\/www.modula.eu\\\/es\\\/\"},{\"@type\":\"ListItem\",\"position\":2,\"name\":\"Aplicaciones\",\"item\":\"https:\\\/\\\/www.modula.eu\\\/es\\\/blog\\\/aplicaciones\\\/\"},{\"@type\":\"ListItem\",\"position\":3,\"name\":\"Cadena de suministro o supply chain: qu\u00e9 es y cu\u00e1les son los elementos para su gesti\u00f3n correcta\"}]},{\"@type\":\"WebSite\",\"@id\":\"https:\\\/\\\/www.modula.eu\\\/es\\\/#website\",\"url\":\"https:\\\/\\\/www.modula.eu\\\/es\\\/\",\"name\":\"Modula S.p.A.\",\"description\":\"Think Vertical\",\"publisher\":{\"@id\":\"https:\\\/\\\/www.modula.eu\\\/es\\\/#organization\"},\"potentialAction\":[{\"@type\":\"SearchAction\",\"target\":{\"@type\":\"EntryPoint\",\"urlTemplate\":\"https:\\\/\\\/www.modula.eu\\\/es\\\/?s={search_term_string}\"},\"query-input\":{\"@type\":\"PropertyValueSpecification\",\"valueRequired\":true,\"valueName\":\"search_term_string\"}}],\"inLanguage\":\"es\"},{\"@type\":\"Person\",\"@id\":\"https:\\\/\\\/www.modula.eu\\\/es\\\/#\\\/schema\\\/person\\\/7c5b83a68cf511134b5990861dad5936\",\"name\":\"bznadmin\",\"sameAs\":[\"https:\\\/\\\/www.modula.eu\"]}]}<\/script>\n<!-- \/ Yoast SEO plugin. -->","yoast_head_json":{"title":"Cadena de suministro o supply chain: qu\u00e9 es y cu\u00e1les son los elementos para su gesti\u00f3n correcta | Modula","description":"En este art\u00edculo fuimos a entrevistar a Alberto Hausmann, Director de la Cadena de Suministro de Modula Spa, no s\u00f3lo para hablar de qu\u00e9 es la Cadena de Suministro sino sobre todo para investigar c\u00f3mo se gestiona en Modula","robots":{"index":"index","follow":"follow","max-snippet":"max-snippet:-1","max-image-preview":"max-image-preview:large","max-video-preview":"max-video-preview:-1"},"canonical":"https:\/\/www.modula.eu\/es\/blog\/cadena-de-suministro-o-supply-chain-que-es-y-cuales-son-los-elementos-para-su-gestion-correcta\/","og_locale":"es_ES","og_type":"article","og_title":"Cadena de suministro o supply chain: qu\u00e9 es y cu\u00e1les son los elementos para su gesti\u00f3n correcta | Modula","og_description":"En este art\u00edculo fuimos a entrevistar a Alberto Hausmann, Director de la Cadena de Suministro de Modula Spa, no s\u00f3lo para hablar de qu\u00e9 es la Cadena de Suministro sino sobre todo para investigar c\u00f3mo se gestiona en Modula","og_url":"https:\/\/www.modula.eu\/es\/blog\/cadena-de-suministro-o-supply-chain-que-es-y-cuales-son-los-elementos-para-su-gestion-correcta\/","og_site_name":"Modula","article_published_time":"2023-01-24T15:12:02+00:00","article_modified_time":"2026-05-28T12:42:00+00:00","og_image":[{"width":1000,"height":750,"url":"https:\/\/www.modula.eu\/wp-content\/uploads\/2023\/01\/albert-hausmann.jpg","type":"image\/jpeg"}],"author":"bznadmin","twitter_card":"summary_large_image","twitter_misc":{"Escrito por":"bznadmin"},"schema":{"@context":"https:\/\/schema.org","@graph":[{"@type":"BlogPosting","@id":"https:\/\/www.modula.eu\/es\/blog\/cadena-de-suministro-o-supply-chain-que-es-y-cuales-son-los-elementos-para-su-gestion-correcta\/#article","isPartOf":{"@id":"https:\/\/www.modula.eu\/es\/blog\/cadena-de-suministro-o-supply-chain-que-es-y-cuales-son-los-elementos-para-su-gestion-correcta\/"},"author":{"name":"bznadmin","@id":"https:\/\/www.modula.eu\/es\/#\/schema\/person\/7c5b83a68cf511134b5990861dad5936"},"headline":"Cadena de suministro o supply chain: qu\u00e9 es y cu\u00e1les son los elementos para su gesti\u00f3n correcta","datePublished":"2023-01-24T15:12:02+00:00","dateModified":"2026-05-28T12:42:00+00:00","mainEntityOfPage":{"@id":"https:\/\/www.modula.eu\/es\/blog\/cadena-de-suministro-o-supply-chain-que-es-y-cuales-son-los-elementos-para-su-gestion-correcta\/"},"wordCount":19,"commentCount":0,"publisher":{"@id":"https:\/\/www.modula.eu\/es\/#organization"},"image":{"@id":"https:\/\/www.modula.eu\/es\/blog\/cadena-de-suministro-o-supply-chain-que-es-y-cuales-son-los-elementos-para-su-gestion-correcta\/#primaryimage"},"thumbnailUrl":"https:\/\/www.modula.eu\/wp-content\/uploads\/2023\/01\/albert-hausmann.jpg","articleSection":["Aplicaciones"],"inLanguage":"es","potentialAction":[{"@type":"CommentAction","name":"Comment","target":["https:\/\/www.modula.eu\/es\/blog\/cadena-de-suministro-o-supply-chain-que-es-y-cuales-son-los-elementos-para-su-gestion-correcta\/#respond"]}]},{"@type":"WebPage","@id":"https:\/\/www.modula.eu\/es\/blog\/cadena-de-suministro-o-supply-chain-que-es-y-cuales-son-los-elementos-para-su-gestion-correcta\/","url":"https:\/\/www.modula.eu\/es\/blog\/cadena-de-suministro-o-supply-chain-que-es-y-cuales-son-los-elementos-para-su-gestion-correcta\/","name":"Cadena de suministro o supply chain: qu\u00e9 es y cu\u00e1les son los elementos para su gesti\u00f3n correcta | Modula","isPartOf":{"@id":"https:\/\/www.modula.eu\/es\/#website"},"primaryImageOfPage":{"@id":"https:\/\/www.modula.eu\/es\/blog\/cadena-de-suministro-o-supply-chain-que-es-y-cuales-son-los-elementos-para-su-gestion-correcta\/#primaryimage"},"image":{"@id":"https:\/\/www.modula.eu\/es\/blog\/cadena-de-suministro-o-supply-chain-que-es-y-cuales-son-los-elementos-para-su-gestion-correcta\/#primaryimage"},"thumbnailUrl":"https:\/\/www.modula.eu\/wp-content\/uploads\/2023\/01\/albert-hausmann.jpg","datePublished":"2023-01-24T15:12:02+00:00","dateModified":"2026-05-28T12:42:00+00:00","description":"En este art\u00edculo fuimos a entrevistar a Alberto Hausmann, Director de la Cadena de Suministro de Modula Spa, no s\u00f3lo para hablar de qu\u00e9 es la Cadena de Suministro sino sobre todo para investigar c\u00f3mo se gestiona en Modula","breadcrumb":{"@id":"https:\/\/www.modula.eu\/es\/blog\/cadena-de-suministro-o-supply-chain-que-es-y-cuales-son-los-elementos-para-su-gestion-correcta\/#breadcrumb"},"inLanguage":"es","potentialAction":[{"@type":"ReadAction","target":["https:\/\/www.modula.eu\/es\/blog\/cadena-de-suministro-o-supply-chain-que-es-y-cuales-son-los-elementos-para-su-gestion-correcta\/"]}]},{"@type":"ImageObject","inLanguage":"es","@id":"https:\/\/www.modula.eu\/es\/blog\/cadena-de-suministro-o-supply-chain-que-es-y-cuales-son-los-elementos-para-su-gestion-correcta\/#primaryimage","url":"https:\/\/www.modula.eu\/wp-content\/uploads\/2023\/01\/albert-hausmann.jpg","contentUrl":"https:\/\/www.modula.eu\/wp-content\/uploads\/2023\/01\/albert-hausmann.jpg","width":1000,"height":750},{"@type":"BreadcrumbList","@id":"https:\/\/www.modula.eu\/es\/blog\/cadena-de-suministro-o-supply-chain-que-es-y-cuales-son-los-elementos-para-su-gestion-correcta\/#breadcrumb","itemListElement":[{"@type":"ListItem","position":1,"name":"Home","item":"https:\/\/www.modula.eu\/es\/"},{"@type":"ListItem","position":2,"name":"Aplicaciones","item":"https:\/\/www.modula.eu\/es\/blog\/aplicaciones\/"},{"@type":"ListItem","position":3,"name":"Cadena de suministro o supply chain: qu\u00e9 es y cu\u00e1les son los elementos para su gesti\u00f3n correcta"}]},{"@type":"WebSite","@id":"https:\/\/www.modula.eu\/es\/#website","url":"https:\/\/www.modula.eu\/es\/","name":"Modula S.p.A.","description":"Think Vertical","publisher":{"@id":"https:\/\/www.modula.eu\/es\/#organization"},"potentialAction":[{"@type":"SearchAction","target":{"@type":"EntryPoint","urlTemplate":"https:\/\/www.modula.eu\/es\/?s={search_term_string}"},"query-input":{"@type":"PropertyValueSpecification","valueRequired":true,"valueName":"search_term_string"}}],"inLanguage":"es"},{"@type":"Person","@id":"https:\/\/www.modula.eu\/es\/#\/schema\/person\/7c5b83a68cf511134b5990861dad5936","name":"bznadmin","sameAs":["https:\/\/www.modula.eu"]}]}},"permalink_manager":null,"_links":{"self":[{"href":"https:\/\/www.modula.eu\/es\/wp-json\/wp\/v2\/posts\/15364","targetHints":{"allow":["GET"]}}],"collection":[{"href":"https:\/\/www.modula.eu\/es\/wp-json\/wp\/v2\/posts"}],"about":[{"href":"https:\/\/www.modula.eu\/es\/wp-json\/wp\/v2\/types\/post"}],"author":[{"embeddable":true,"href":"https:\/\/www.modula.eu\/es\/wp-json\/wp\/v2\/users\/1"}],"replies":[{"embeddable":true,"href":"https:\/\/www.modula.eu\/es\/wp-json\/wp\/v2\/comments?post=15364"}],"version-history":[{"count":0,"href":"https:\/\/www.modula.eu\/es\/wp-json\/wp\/v2\/posts\/15364\/revisions"}],"wp:featuredmedia":[{"embeddable":true,"href":"https:\/\/www.modula.eu\/es\/wp-json\/wp\/v2\/media\/15358"}],"wp:attachment":[{"href":"https:\/\/www.modula.eu\/es\/wp-json\/wp\/v2\/media?parent=15364"}],"wp:term":[{"taxonomy":"category","embeddable":true,"href":"https:\/\/www.modula.eu\/es\/wp-json\/wp\/v2\/categories?post=15364"},{"taxonomy":"post_tag","embeddable":true,"href":"https:\/\/www.modula.eu\/es\/wp-json\/wp\/v2\/tags?post=15364"}],"curies":[{"name":"wp","href":"https:\/\/api.w.org\/{rel}","templated":true}]}}