{"id":23136,"date":"2023-04-19T11:18:54","date_gmt":"2023-04-19T09:18:54","guid":{"rendered":"https:\/\/www.modula.eu\/blog\/8-trends-for-the-logistics-sector-in-2023-the-opportunities-behind-the-challenges\/"},"modified":"2026-06-22T14:32:35","modified_gmt":"2026-06-22T12:32:35","slug":"8-tendencias-para-el-sector-logistico-en-2023-las-oportunidades-detras-de-los-retos","status":"publish","type":"post","link":"https:\/\/www.modula.eu\/es\/blog\/8-tendencias-para-el-sector-logistico-en-2023-las-oportunidades-detras-de-los-retos\/","title":{"rendered":"8 tendencias para el sector log\u00edstico en 2023: las oportunidades detr\u00e1s de los retos"},"content":{"rendered":"","protected":false},"excerpt":{"rendered":"","protected":false},"author":1,"featured_media":23127,"comment_status":"open","ping_status":"closed","sticky":false,"template":"","format":"standard","meta":{"_acf_changed":false,"inline_featured_image":false,"footnotes":""},"categories":[59],"tags":[],"class_list":["post-23136","post","type-post","status-publish","format-standard","has-post-thumbnail","hentry","category-gestion-del-almacen"],"acf":[],"yoast_head":"<!-- This site is optimized with the Yoast SEO plugin v28.3 - https:\/\/yoast.com\/product\/yoast-seo-wordpress\/ -->\n<title>8 tendencias para el sector log\u00edstico en 2023: las oportunidades detr\u00e1s de los retos | Modula<\/title>\n<meta name=\"description\" content=\"El sector log\u00edstico, que siempre ha estado en continuo desarrollo y evoluci\u00f3n, se ha enfrentado en los \u00faltimos a\u00f1os a varios problemas y obst\u00e1culos. Las innovaciones y las tendencias que caracterizar\u00e1n al sector log\u00edstico en 2023 son una respuesta directa a estas dificultades.\" \/>\n<meta name=\"robots\" content=\"index, follow, max-snippet:-1, max-image-preview:large, max-video-preview:-1\" \/>\n<link rel=\"canonical\" href=\"https:\/\/www.modula.eu\/es\/blog\/8-tendencias-para-el-sector-logistico-en-2023-las-oportunidades-detras-de-los-retos\/\" \/>\n<meta property=\"og:locale\" content=\"es_ES\" \/>\n<meta property=\"og:type\" content=\"article\" \/>\n<meta property=\"og:title\" content=\"8 tendencias para el sector log\u00edstico en 2023: las oportunidades detr\u00e1s de los retos | Modula\" \/>\n<meta property=\"og:description\" content=\"El sector log\u00edstico, que siempre ha estado en continuo desarrollo y evoluci\u00f3n, se ha enfrentado en los \u00faltimos a\u00f1os a varios problemas y obst\u00e1culos. Las innovaciones y las tendencias que caracterizar\u00e1n al sector log\u00edstico en 2023 son una respuesta directa a estas dificultades.\" \/>\n<meta property=\"og:url\" content=\"https:\/\/www.modula.eu\/es\/blog\/8-tendencias-para-el-sector-logistico-en-2023-las-oportunidades-detras-de-los-retos\/\" \/>\n<meta property=\"og:site_name\" content=\"Modula\" \/>\n<meta property=\"article:published_time\" content=\"2023-04-19T09:18:54+00:00\" \/>\n<meta property=\"article:modified_time\" content=\"2026-06-22T12:32:35+00:00\" \/>\n<meta property=\"og:image\" content=\"https:\/\/www.modula.eu\/wp-content\/uploads\/2023\/04\/197236720_l_normal_none-1-1024x683.jpg\" \/>\n\t<meta property=\"og:image:width\" content=\"1024\" \/>\n\t<meta property=\"og:image:height\" content=\"683\" \/>\n\t<meta property=\"og:image:type\" content=\"image\/jpeg\" \/>\n<meta name=\"author\" content=\"bznadmin\" \/>\n<meta name=\"twitter:card\" content=\"summary_large_image\" \/>\n<meta name=\"twitter:label1\" content=\"Escrito por\" \/>\n\t<meta name=\"twitter:data1\" content=\"bznadmin\" \/>\n<script type=\"application\/ld+json\" class=\"yoast-schema-graph\">{\"@context\":\"https:\\\/\\\/schema.org\",\"@graph\":[{\"@type\":\"BlogPosting\",\"@id\":\"https:\\\/\\\/www.modula.eu\\\/es\\\/blog\\\/8-tendencias-para-el-sector-logistico-en-2023-las-oportunidades-detras-de-los-retos\\\/#article\",\"isPartOf\":{\"@id\":\"https:\\\/\\\/www.modula.eu\\\/es\\\/blog\\\/8-tendencias-para-el-sector-logistico-en-2023-las-oportunidades-detras-de-los-retos\\\/\"},\"author\":{\"name\":\"bznadmin\",\"@id\":\"https:\\\/\\\/www.modula.eu\\\/es\\\/#\\\/schema\\\/person\\\/7c5b83a68cf511134b5990861dad5936\"},\"headline\":\"8 tendencias para el sector log\u00edstico en 2023: las oportunidades detr\u00e1s de los retos\",\"datePublished\":\"2023-04-19T09:18:54+00:00\",\"dateModified\":\"2026-06-22T12:32:35+00:00\",\"mainEntityOfPage\":{\"@id\":\"https:\\\/\\\/www.modula.eu\\\/es\\\/blog\\\/8-tendencias-para-el-sector-logistico-en-2023-las-oportunidades-detras-de-los-retos\\\/\"},\"wordCount\":14,\"commentCount\":0,\"publisher\":{\"@id\":\"https:\\\/\\\/www.modula.eu\\\/es\\\/#organization\"},\"image\":{\"@id\":\"https:\\\/\\\/www.modula.eu\\\/es\\\/blog\\\/8-tendencias-para-el-sector-logistico-en-2023-las-oportunidades-detras-de-los-retos\\\/#primaryimage\"},\"thumbnailUrl\":\"https:\\\/\\\/www.modula.eu\\\/wp-content\\\/uploads\\\/2023\\\/04\\\/197236720_l_normal_none-1-scaled.jpg\",\"articleSection\":[\"Gesti\u00f3n del almac\u00e9n\"],\"inLanguage\":\"es\",\"potentialAction\":[{\"@type\":\"CommentAction\",\"name\":\"Comment\",\"target\":[\"https:\\\/\\\/www.modula.eu\\\/es\\\/blog\\\/8-tendencias-para-el-sector-logistico-en-2023-las-oportunidades-detras-de-los-retos\\\/#respond\"]}]},{\"@type\":\"WebPage\",\"@id\":\"https:\\\/\\\/www.modula.eu\\\/es\\\/blog\\\/8-tendencias-para-el-sector-logistico-en-2023-las-oportunidades-detras-de-los-retos\\\/\",\"url\":\"https:\\\/\\\/www.modula.eu\\\/es\\\/blog\\\/8-tendencias-para-el-sector-logistico-en-2023-las-oportunidades-detras-de-los-retos\\\/\",\"name\":\"8 tendencias para el sector log\u00edstico en 2023: las oportunidades detr\u00e1s de los retos | Modula\",\"isPartOf\":{\"@id\":\"https:\\\/\\\/www.modula.eu\\\/es\\\/#website\"},\"primaryImageOfPage\":{\"@id\":\"https:\\\/\\\/www.modula.eu\\\/es\\\/blog\\\/8-tendencias-para-el-sector-logistico-en-2023-las-oportunidades-detras-de-los-retos\\\/#primaryimage\"},\"image\":{\"@id\":\"https:\\\/\\\/www.modula.eu\\\/es\\\/blog\\\/8-tendencias-para-el-sector-logistico-en-2023-las-oportunidades-detras-de-los-retos\\\/#primaryimage\"},\"thumbnailUrl\":\"https:\\\/\\\/www.modula.eu\\\/wp-content\\\/uploads\\\/2023\\\/04\\\/197236720_l_normal_none-1-scaled.jpg\",\"datePublished\":\"2023-04-19T09:18:54+00:00\",\"dateModified\":\"2026-06-22T12:32:35+00:00\",\"description\":\"El sector log\u00edstico, que siempre ha estado en continuo desarrollo y evoluci\u00f3n, se ha enfrentado en los \u00faltimos a\u00f1os a varios problemas y obst\u00e1culos. Las innovaciones y las tendencias que caracterizar\u00e1n al sector log\u00edstico en 2023 son una respuesta directa a estas dificultades.\",\"breadcrumb\":{\"@id\":\"https:\\\/\\\/www.modula.eu\\\/es\\\/blog\\\/8-tendencias-para-el-sector-logistico-en-2023-las-oportunidades-detras-de-los-retos\\\/#breadcrumb\"},\"inLanguage\":\"es\",\"potentialAction\":[{\"@type\":\"ReadAction\",\"target\":[\"https:\\\/\\\/www.modula.eu\\\/es\\\/blog\\\/8-tendencias-para-el-sector-logistico-en-2023-las-oportunidades-detras-de-los-retos\\\/\"]}]},{\"@type\":\"ImageObject\",\"inLanguage\":\"es\",\"@id\":\"https:\\\/\\\/www.modula.eu\\\/es\\\/blog\\\/8-tendencias-para-el-sector-logistico-en-2023-las-oportunidades-detras-de-los-retos\\\/#primaryimage\",\"url\":\"https:\\\/\\\/www.modula.eu\\\/wp-content\\\/uploads\\\/2023\\\/04\\\/197236720_l_normal_none-1-scaled.jpg\",\"contentUrl\":\"https:\\\/\\\/www.modula.eu\\\/wp-content\\\/uploads\\\/2023\\\/04\\\/197236720_l_normal_none-1-scaled.jpg\",\"width\":2560,\"height\":1706,\"caption\":\"Highly rendering of warehouse with boxes in 3d on black background\"},{\"@type\":\"BreadcrumbList\",\"@id\":\"https:\\\/\\\/www.modula.eu\\\/es\\\/blog\\\/8-tendencias-para-el-sector-logistico-en-2023-las-oportunidades-detras-de-los-retos\\\/#breadcrumb\",\"itemListElement\":[{\"@type\":\"ListItem\",\"position\":1,\"name\":\"Home\",\"item\":\"https:\\\/\\\/www.modula.eu\\\/es\\\/\"},{\"@type\":\"ListItem\",\"position\":2,\"name\":\"Gesti\u00f3n del almac\u00e9n\",\"item\":\"https:\\\/\\\/www.modula.eu\\\/es\\\/blog\\\/gestion-del-almacen\\\/\"},{\"@type\":\"ListItem\",\"position\":3,\"name\":\"8 tendencias para el sector log\u00edstico en 2023: las oportunidades detr\u00e1s de los retos\"}]},{\"@type\":\"WebSite\",\"@id\":\"https:\\\/\\\/www.modula.eu\\\/es\\\/#website\",\"url\":\"https:\\\/\\\/www.modula.eu\\\/es\\\/\",\"name\":\"Modula S.p.A.\",\"description\":\"Think Vertical\",\"publisher\":{\"@id\":\"https:\\\/\\\/www.modula.eu\\\/es\\\/#organization\"},\"potentialAction\":[{\"@type\":\"SearchAction\",\"target\":{\"@type\":\"EntryPoint\",\"urlTemplate\":\"https:\\\/\\\/www.modula.eu\\\/es\\\/?s={search_term_string}\"},\"query-input\":{\"@type\":\"PropertyValueSpecification\",\"valueRequired\":true,\"valueName\":\"search_term_string\"}}],\"inLanguage\":\"es\"},{\"@type\":\"Person\",\"@id\":\"https:\\\/\\\/www.modula.eu\\\/es\\\/#\\\/schema\\\/person\\\/7c5b83a68cf511134b5990861dad5936\",\"name\":\"bznadmin\",\"sameAs\":[\"https:\\\/\\\/www.modula.eu\"]}]}<\/script>\n<!-- \/ Yoast SEO plugin. -->","yoast_head_json":{"title":"8 tendencias para el sector log\u00edstico en 2023: las oportunidades detr\u00e1s de los retos | Modula","description":"El sector log\u00edstico, que siempre ha estado en continuo desarrollo y evoluci\u00f3n, se ha enfrentado en los \u00faltimos a\u00f1os a varios problemas y obst\u00e1culos. Las innovaciones y las tendencias que caracterizar\u00e1n al sector log\u00edstico en 2023 son una respuesta directa a estas dificultades.","robots":{"index":"index","follow":"follow","max-snippet":"max-snippet:-1","max-image-preview":"max-image-preview:large","max-video-preview":"max-video-preview:-1"},"canonical":"https:\/\/www.modula.eu\/es\/blog\/8-tendencias-para-el-sector-logistico-en-2023-las-oportunidades-detras-de-los-retos\/","og_locale":"es_ES","og_type":"article","og_title":"8 tendencias para el sector log\u00edstico en 2023: las oportunidades detr\u00e1s de los retos | Modula","og_description":"El sector log\u00edstico, que siempre ha estado en continuo desarrollo y evoluci\u00f3n, se ha enfrentado en los \u00faltimos a\u00f1os a varios problemas y obst\u00e1culos. Las innovaciones y las tendencias que caracterizar\u00e1n al sector log\u00edstico en 2023 son una respuesta directa a estas dificultades.","og_url":"https:\/\/www.modula.eu\/es\/blog\/8-tendencias-para-el-sector-logistico-en-2023-las-oportunidades-detras-de-los-retos\/","og_site_name":"Modula","article_published_time":"2023-04-19T09:18:54+00:00","article_modified_time":"2026-06-22T12:32:35+00:00","og_image":[{"width":1024,"height":683,"url":"https:\/\/www.modula.eu\/wp-content\/uploads\/2023\/04\/197236720_l_normal_none-1-1024x683.jpg","type":"image\/jpeg"}],"author":"bznadmin","twitter_card":"summary_large_image","twitter_misc":{"Escrito por":"bznadmin"},"schema":{"@context":"https:\/\/schema.org","@graph":[{"@type":"BlogPosting","@id":"https:\/\/www.modula.eu\/es\/blog\/8-tendencias-para-el-sector-logistico-en-2023-las-oportunidades-detras-de-los-retos\/#article","isPartOf":{"@id":"https:\/\/www.modula.eu\/es\/blog\/8-tendencias-para-el-sector-logistico-en-2023-las-oportunidades-detras-de-los-retos\/"},"author":{"name":"bznadmin","@id":"https:\/\/www.modula.eu\/es\/#\/schema\/person\/7c5b83a68cf511134b5990861dad5936"},"headline":"8 tendencias para el sector log\u00edstico en 2023: las oportunidades detr\u00e1s de los retos","datePublished":"2023-04-19T09:18:54+00:00","dateModified":"2026-06-22T12:32:35+00:00","mainEntityOfPage":{"@id":"https:\/\/www.modula.eu\/es\/blog\/8-tendencias-para-el-sector-logistico-en-2023-las-oportunidades-detras-de-los-retos\/"},"wordCount":14,"commentCount":0,"publisher":{"@id":"https:\/\/www.modula.eu\/es\/#organization"},"image":{"@id":"https:\/\/www.modula.eu\/es\/blog\/8-tendencias-para-el-sector-logistico-en-2023-las-oportunidades-detras-de-los-retos\/#primaryimage"},"thumbnailUrl":"https:\/\/www.modula.eu\/wp-content\/uploads\/2023\/04\/197236720_l_normal_none-1-scaled.jpg","articleSection":["Gesti\u00f3n del almac\u00e9n"],"inLanguage":"es","potentialAction":[{"@type":"CommentAction","name":"Comment","target":["https:\/\/www.modula.eu\/es\/blog\/8-tendencias-para-el-sector-logistico-en-2023-las-oportunidades-detras-de-los-retos\/#respond"]}]},{"@type":"WebPage","@id":"https:\/\/www.modula.eu\/es\/blog\/8-tendencias-para-el-sector-logistico-en-2023-las-oportunidades-detras-de-los-retos\/","url":"https:\/\/www.modula.eu\/es\/blog\/8-tendencias-para-el-sector-logistico-en-2023-las-oportunidades-detras-de-los-retos\/","name":"8 tendencias para el sector log\u00edstico en 2023: las oportunidades detr\u00e1s de los retos | Modula","isPartOf":{"@id":"https:\/\/www.modula.eu\/es\/#website"},"primaryImageOfPage":{"@id":"https:\/\/www.modula.eu\/es\/blog\/8-tendencias-para-el-sector-logistico-en-2023-las-oportunidades-detras-de-los-retos\/#primaryimage"},"image":{"@id":"https:\/\/www.modula.eu\/es\/blog\/8-tendencias-para-el-sector-logistico-en-2023-las-oportunidades-detras-de-los-retos\/#primaryimage"},"thumbnailUrl":"https:\/\/www.modula.eu\/wp-content\/uploads\/2023\/04\/197236720_l_normal_none-1-scaled.jpg","datePublished":"2023-04-19T09:18:54+00:00","dateModified":"2026-06-22T12:32:35+00:00","description":"El sector log\u00edstico, que siempre ha estado en continuo desarrollo y evoluci\u00f3n, se ha enfrentado en los \u00faltimos a\u00f1os a varios problemas y obst\u00e1culos. Las innovaciones y las tendencias que caracterizar\u00e1n al sector log\u00edstico en 2023 son una respuesta directa a estas dificultades.","breadcrumb":{"@id":"https:\/\/www.modula.eu\/es\/blog\/8-tendencias-para-el-sector-logistico-en-2023-las-oportunidades-detras-de-los-retos\/#breadcrumb"},"inLanguage":"es","potentialAction":[{"@type":"ReadAction","target":["https:\/\/www.modula.eu\/es\/blog\/8-tendencias-para-el-sector-logistico-en-2023-las-oportunidades-detras-de-los-retos\/"]}]},{"@type":"ImageObject","inLanguage":"es","@id":"https:\/\/www.modula.eu\/es\/blog\/8-tendencias-para-el-sector-logistico-en-2023-las-oportunidades-detras-de-los-retos\/#primaryimage","url":"https:\/\/www.modula.eu\/wp-content\/uploads\/2023\/04\/197236720_l_normal_none-1-scaled.jpg","contentUrl":"https:\/\/www.modula.eu\/wp-content\/uploads\/2023\/04\/197236720_l_normal_none-1-scaled.jpg","width":2560,"height":1706,"caption":"Highly rendering of warehouse with boxes in 3d on black background"},{"@type":"BreadcrumbList","@id":"https:\/\/www.modula.eu\/es\/blog\/8-tendencias-para-el-sector-logistico-en-2023-las-oportunidades-detras-de-los-retos\/#breadcrumb","itemListElement":[{"@type":"ListItem","position":1,"name":"Home","item":"https:\/\/www.modula.eu\/es\/"},{"@type":"ListItem","position":2,"name":"Gesti\u00f3n del almac\u00e9n","item":"https:\/\/www.modula.eu\/es\/blog\/gestion-del-almacen\/"},{"@type":"ListItem","position":3,"name":"8 tendencias para el sector log\u00edstico en 2023: las oportunidades detr\u00e1s de los retos"}]},{"@type":"WebSite","@id":"https:\/\/www.modula.eu\/es\/#website","url":"https:\/\/www.modula.eu\/es\/","name":"Modula S.p.A.","description":"Think Vertical","publisher":{"@id":"https:\/\/www.modula.eu\/es\/#organization"},"potentialAction":[{"@type":"SearchAction","target":{"@type":"EntryPoint","urlTemplate":"https:\/\/www.modula.eu\/es\/?s={search_term_string}"},"query-input":{"@type":"PropertyValueSpecification","valueRequired":true,"valueName":"search_term_string"}}],"inLanguage":"es"},{"@type":"Person","@id":"https:\/\/www.modula.eu\/es\/#\/schema\/person\/7c5b83a68cf511134b5990861dad5936","name":"bznadmin","sameAs":["https:\/\/www.modula.eu"]}]}},"permalink_manager":null,"_links":{"self":[{"href":"https:\/\/www.modula.eu\/es\/wp-json\/wp\/v2\/posts\/23136","targetHints":{"allow":["GET"]}}],"collection":[{"href":"https:\/\/www.modula.eu\/es\/wp-json\/wp\/v2\/posts"}],"about":[{"href":"https:\/\/www.modula.eu\/es\/wp-json\/wp\/v2\/types\/post"}],"author":[{"embeddable":true,"href":"https:\/\/www.modula.eu\/es\/wp-json\/wp\/v2\/users\/1"}],"replies":[{"embeddable":true,"href":"https:\/\/www.modula.eu\/es\/wp-json\/wp\/v2\/comments?post=23136"}],"version-history":[{"count":2,"href":"https:\/\/www.modula.eu\/es\/wp-json\/wp\/v2\/posts\/23136\/revisions"}],"predecessor-version":[{"id":84408,"href":"https:\/\/www.modula.eu\/es\/wp-json\/wp\/v2\/posts\/23136\/revisions\/84408"}],"wp:featuredmedia":[{"embeddable":true,"href":"https:\/\/www.modula.eu\/es\/wp-json\/wp\/v2\/media\/23127"}],"wp:attachment":[{"href":"https:\/\/www.modula.eu\/es\/wp-json\/wp\/v2\/media?parent=23136"}],"wp:term":[{"taxonomy":"category","embeddable":true,"href":"https:\/\/www.modula.eu\/es\/wp-json\/wp\/v2\/categories?post=23136"},{"taxonomy":"post_tag","embeddable":true,"href":"https:\/\/www.modula.eu\/es\/wp-json\/wp\/v2\/tags?post=23136"}],"curies":[{"name":"wp","href":"https:\/\/api.w.org\/{rel}","templated":true}]}}