{"id":34632,"date":"2024-06-06T10:19:34","date_gmt":"2024-06-06T08:19:34","guid":{"rendered":"https:\/\/www.modula.eu\/blog\/management-of-after-sales-service-for-modula-automatic-warehouses\/"},"modified":"2024-08-29T11:11:02","modified_gmt":"2024-08-29T09:11:02","slug":"gestion-del-servicio-posventa-de-los-almacenes-automaticos-modula","status":"publish","type":"post","link":"https:\/\/www.modula.eu\/es\/gestion-del-servicio-posventa-de-los-almacenes-automaticos-modula\/","title":{"rendered":"Gesti\u00f3n del servicio posventa de los almacenes autom\u00e1ticos Modula"},"content":{"rendered":"","protected":false},"excerpt":{"rendered":"","protected":false},"author":1,"featured_media":34609,"comment_status":"open","ping_status":"open","sticky":false,"template":"","format":"standard","meta":{"_acf_changed":false,"inline_featured_image":false,"footnotes":""},"categories":[53],"tags":[],"class_list":["post-34632","post","type-post","status-publish","format-standard","has-post-thumbnail","hentry","category-aplicaciones"],"acf":[],"yoast_head":"<!-- This site is optimized with the Yoast SEO plugin v27.4 - https:\/\/yoast.com\/product\/yoast-seo-wordpress\/ -->\n<title>Gesti\u00f3n del servicio posventa de los almacenes autom\u00e1ticos Modula | Modula<\/title>\n<meta name=\"description\" content=\"En el art\u00edculo sobre el asesoramiento personalizado Modula vimos, en detalle, la hoja de ruta a trav\u00e9s de la cual en Modula proporcionamos soluciones de almac\u00e9n personalizadas a empresas de todos los tama\u00f1os y sectores industriales.\" \/>\n<meta name=\"robots\" content=\"index, follow, max-snippet:-1, max-image-preview:large, max-video-preview:-1\" \/>\n<link rel=\"canonical\" href=\"https:\/\/www.modula.eu\/es\/gestion-del-servicio-posventa-de-los-almacenes-automaticos-modula\/\" \/>\n<meta property=\"og:locale\" content=\"es_ES\" \/>\n<meta property=\"og:type\" content=\"article\" \/>\n<meta property=\"og:title\" content=\"Gesti\u00f3n del servicio posventa de los almacenes autom\u00e1ticos Modula | Modula\" \/>\n<meta property=\"og:description\" content=\"En el art\u00edculo sobre el asesoramiento personalizado Modula vimos, en detalle, la hoja de ruta a trav\u00e9s de la cual en Modula proporcionamos soluciones de almac\u00e9n personalizadas a empresas de todos los tama\u00f1os y sectores industriales.\" \/>\n<meta property=\"og:url\" content=\"https:\/\/www.modula.eu\/es\/gestion-del-servicio-posventa-de-los-almacenes-automaticos-modula\/\" \/>\n<meta property=\"og:site_name\" content=\"Modula\" \/>\n<meta property=\"article:published_time\" content=\"2024-06-06T08:19:34+00:00\" \/>\n<meta property=\"article:modified_time\" content=\"2024-08-29T09:11:02+00:00\" \/>\n<meta property=\"og:image\" content=\"https:\/\/www.modula.eu\/wp-content\/uploads\/2024\/06\/ART-CUSTOMER-CARE_ANTEPRIMA_500x270_2024.jpg\" \/>\n\t<meta property=\"og:image:width\" content=\"500\" \/>\n\t<meta property=\"og:image:height\" content=\"270\" \/>\n\t<meta property=\"og:image:type\" content=\"image\/jpeg\" \/>\n<meta name=\"author\" content=\"bznadmin\" \/>\n<meta name=\"twitter:card\" content=\"summary_large_image\" \/>\n<meta name=\"twitter:label1\" content=\"Escrito por\" \/>\n\t<meta name=\"twitter:data1\" content=\"bznadmin\" \/>\n<script type=\"application\/ld+json\" class=\"yoast-schema-graph\">{\"@context\":\"https:\\\/\\\/schema.org\",\"@graph\":[{\"@type\":\"Article\",\"@id\":\"https:\\\/\\\/www.modula.eu\\\/es\\\/gestion-del-servicio-posventa-de-los-almacenes-automaticos-modula\\\/#article\",\"isPartOf\":{\"@id\":\"https:\\\/\\\/www.modula.eu\\\/es\\\/gestion-del-servicio-posventa-de-los-almacenes-automaticos-modula\\\/\"},\"author\":{\"name\":\"bznadmin\",\"@id\":\"https:\\\/\\\/www.modula.eu\\\/es\\\/#\\\/schema\\\/person\\\/7c5b83a68cf511134b5990861dad5936\"},\"headline\":\"Gesti\u00f3n del servicio posventa de los almacenes autom\u00e1ticos Modula\",\"datePublished\":\"2024-06-06T08:19:34+00:00\",\"dateModified\":\"2024-08-29T09:11:02+00:00\",\"mainEntityOfPage\":{\"@id\":\"https:\\\/\\\/www.modula.eu\\\/es\\\/gestion-del-servicio-posventa-de-los-almacenes-automaticos-modula\\\/\"},\"wordCount\":11,\"commentCount\":0,\"publisher\":{\"@id\":\"https:\\\/\\\/www.modula.eu\\\/es\\\/#organization\"},\"image\":{\"@id\":\"https:\\\/\\\/www.modula.eu\\\/es\\\/gestion-del-servicio-posventa-de-los-almacenes-automaticos-modula\\\/#primaryimage\"},\"thumbnailUrl\":\"https:\\\/\\\/www.modula.eu\\\/wp-content\\\/uploads\\\/2024\\\/06\\\/ART-CUSTOMER-CARE_ANTEPRIMA_500x270_2024.jpg\",\"articleSection\":[\"Aplicaciones\"],\"inLanguage\":\"es\",\"potentialAction\":[{\"@type\":\"CommentAction\",\"name\":\"Comment\",\"target\":[\"https:\\\/\\\/www.modula.eu\\\/es\\\/gestion-del-servicio-posventa-de-los-almacenes-automaticos-modula\\\/#respond\"]}]},{\"@type\":\"WebPage\",\"@id\":\"https:\\\/\\\/www.modula.eu\\\/es\\\/gestion-del-servicio-posventa-de-los-almacenes-automaticos-modula\\\/\",\"url\":\"https:\\\/\\\/www.modula.eu\\\/es\\\/gestion-del-servicio-posventa-de-los-almacenes-automaticos-modula\\\/\",\"name\":\"Gesti\u00f3n del servicio posventa de los almacenes autom\u00e1ticos Modula | Modula\",\"isPartOf\":{\"@id\":\"https:\\\/\\\/www.modula.eu\\\/es\\\/#website\"},\"primaryImageOfPage\":{\"@id\":\"https:\\\/\\\/www.modula.eu\\\/es\\\/gestion-del-servicio-posventa-de-los-almacenes-automaticos-modula\\\/#primaryimage\"},\"image\":{\"@id\":\"https:\\\/\\\/www.modula.eu\\\/es\\\/gestion-del-servicio-posventa-de-los-almacenes-automaticos-modula\\\/#primaryimage\"},\"thumbnailUrl\":\"https:\\\/\\\/www.modula.eu\\\/wp-content\\\/uploads\\\/2024\\\/06\\\/ART-CUSTOMER-CARE_ANTEPRIMA_500x270_2024.jpg\",\"datePublished\":\"2024-06-06T08:19:34+00:00\",\"dateModified\":\"2024-08-29T09:11:02+00:00\",\"description\":\"En el art\u00edculo sobre el asesoramiento personalizado Modula vimos, en detalle, la hoja de ruta a trav\u00e9s de la cual en Modula proporcionamos soluciones de almac\u00e9n personalizadas a empresas de todos los tama\u00f1os y sectores industriales.\",\"breadcrumb\":{\"@id\":\"https:\\\/\\\/www.modula.eu\\\/es\\\/gestion-del-servicio-posventa-de-los-almacenes-automaticos-modula\\\/#breadcrumb\"},\"inLanguage\":\"es\",\"potentialAction\":[{\"@type\":\"ReadAction\",\"target\":[\"https:\\\/\\\/www.modula.eu\\\/es\\\/gestion-del-servicio-posventa-de-los-almacenes-automaticos-modula\\\/\"]}]},{\"@type\":\"ImageObject\",\"inLanguage\":\"es\",\"@id\":\"https:\\\/\\\/www.modula.eu\\\/es\\\/gestion-del-servicio-posventa-de-los-almacenes-automaticos-modula\\\/#primaryimage\",\"url\":\"https:\\\/\\\/www.modula.eu\\\/wp-content\\\/uploads\\\/2024\\\/06\\\/ART-CUSTOMER-CARE_ANTEPRIMA_500x270_2024.jpg\",\"contentUrl\":\"https:\\\/\\\/www.modula.eu\\\/wp-content\\\/uploads\\\/2024\\\/06\\\/ART-CUSTOMER-CARE_ANTEPRIMA_500x270_2024.jpg\",\"width\":500,\"height\":270},{\"@type\":\"BreadcrumbList\",\"@id\":\"https:\\\/\\\/www.modula.eu\\\/es\\\/gestion-del-servicio-posventa-de-los-almacenes-automaticos-modula\\\/#breadcrumb\",\"itemListElement\":[{\"@type\":\"ListItem\",\"position\":1,\"name\":\"Home\",\"item\":\"https:\\\/\\\/www.modula.eu\\\/es\\\/\"},{\"@type\":\"ListItem\",\"position\":2,\"name\":\"Aplicaciones\",\"item\":\"https:\\\/\\\/www.modula.eu\\\/es\\\/blog\\\/aplicaciones\\\/\"},{\"@type\":\"ListItem\",\"position\":3,\"name\":\"Gesti\u00f3n del servicio posventa de los almacenes autom\u00e1ticos Modula\"}]},{\"@type\":\"WebSite\",\"@id\":\"https:\\\/\\\/www.modula.eu\\\/es\\\/#website\",\"url\":\"https:\\\/\\\/www.modula.eu\\\/es\\\/\",\"name\":\"Modula\",\"description\":\"Think Vertical\",\"publisher\":{\"@id\":\"https:\\\/\\\/www.modula.eu\\\/es\\\/#organization\"},\"potentialAction\":[{\"@type\":\"SearchAction\",\"target\":{\"@type\":\"EntryPoint\",\"urlTemplate\":\"https:\\\/\\\/www.modula.eu\\\/es\\\/?s={search_term_string}\"},\"query-input\":{\"@type\":\"PropertyValueSpecification\",\"valueRequired\":true,\"valueName\":\"search_term_string\"}}],\"inLanguage\":\"es\"},{\"@type\":\"Organization\",\"@id\":\"https:\\\/\\\/www.modula.eu\\\/es\\\/#organization\",\"name\":\"Modula\",\"url\":\"https:\\\/\\\/www.modula.eu\\\/es\\\/\",\"logo\":{\"@type\":\"ImageObject\",\"inLanguage\":\"es\",\"@id\":\"https:\\\/\\\/www.modula.eu\\\/es\\\/#\\\/schema\\\/logo\\\/image\\\/\",\"url\":\"https:\\\/\\\/www.modula.eu\\\/wp-content\\\/uploads\\\/2022\\\/12\\\/Modula-logo.jpg\",\"contentUrl\":\"https:\\\/\\\/www.modula.eu\\\/wp-content\\\/uploads\\\/2022\\\/12\\\/Modula-logo.jpg\",\"width\":759,\"height\":512,\"caption\":\"Modula\"},\"image\":{\"@id\":\"https:\\\/\\\/www.modula.eu\\\/es\\\/#\\\/schema\\\/logo\\\/image\\\/\"}},{\"@type\":\"Person\",\"@id\":\"https:\\\/\\\/www.modula.eu\\\/es\\\/#\\\/schema\\\/person\\\/7c5b83a68cf511134b5990861dad5936\",\"name\":\"bznadmin\",\"sameAs\":[\"https:\\\/\\\/www.modula.eu\"]}]}<\/script>\n<!-- \/ Yoast SEO plugin. -->","yoast_head_json":{"title":"Gesti\u00f3n del servicio posventa de los almacenes autom\u00e1ticos Modula | Modula","description":"En el art\u00edculo sobre el asesoramiento personalizado Modula vimos, en detalle, la hoja de ruta a trav\u00e9s de la cual en Modula proporcionamos soluciones de almac\u00e9n personalizadas a empresas de todos los tama\u00f1os y sectores industriales.","robots":{"index":"index","follow":"follow","max-snippet":"max-snippet:-1","max-image-preview":"max-image-preview:large","max-video-preview":"max-video-preview:-1"},"canonical":"https:\/\/www.modula.eu\/es\/gestion-del-servicio-posventa-de-los-almacenes-automaticos-modula\/","og_locale":"es_ES","og_type":"article","og_title":"Gesti\u00f3n del servicio posventa de los almacenes autom\u00e1ticos Modula | Modula","og_description":"En el art\u00edculo sobre el asesoramiento personalizado Modula vimos, en detalle, la hoja de ruta a trav\u00e9s de la cual en Modula proporcionamos soluciones de almac\u00e9n personalizadas a empresas de todos los tama\u00f1os y sectores industriales.","og_url":"https:\/\/www.modula.eu\/es\/gestion-del-servicio-posventa-de-los-almacenes-automaticos-modula\/","og_site_name":"Modula","article_published_time":"2024-06-06T08:19:34+00:00","article_modified_time":"2024-08-29T09:11:02+00:00","og_image":[{"width":500,"height":270,"url":"https:\/\/www.modula.eu\/wp-content\/uploads\/2024\/06\/ART-CUSTOMER-CARE_ANTEPRIMA_500x270_2024.jpg","type":"image\/jpeg"}],"author":"bznadmin","twitter_card":"summary_large_image","twitter_misc":{"Escrito por":"bznadmin"},"schema":{"@context":"https:\/\/schema.org","@graph":[{"@type":"Article","@id":"https:\/\/www.modula.eu\/es\/gestion-del-servicio-posventa-de-los-almacenes-automaticos-modula\/#article","isPartOf":{"@id":"https:\/\/www.modula.eu\/es\/gestion-del-servicio-posventa-de-los-almacenes-automaticos-modula\/"},"author":{"name":"bznadmin","@id":"https:\/\/www.modula.eu\/es\/#\/schema\/person\/7c5b83a68cf511134b5990861dad5936"},"headline":"Gesti\u00f3n del servicio posventa de los almacenes autom\u00e1ticos Modula","datePublished":"2024-06-06T08:19:34+00:00","dateModified":"2024-08-29T09:11:02+00:00","mainEntityOfPage":{"@id":"https:\/\/www.modula.eu\/es\/gestion-del-servicio-posventa-de-los-almacenes-automaticos-modula\/"},"wordCount":11,"commentCount":0,"publisher":{"@id":"https:\/\/www.modula.eu\/es\/#organization"},"image":{"@id":"https:\/\/www.modula.eu\/es\/gestion-del-servicio-posventa-de-los-almacenes-automaticos-modula\/#primaryimage"},"thumbnailUrl":"https:\/\/www.modula.eu\/wp-content\/uploads\/2024\/06\/ART-CUSTOMER-CARE_ANTEPRIMA_500x270_2024.jpg","articleSection":["Aplicaciones"],"inLanguage":"es","potentialAction":[{"@type":"CommentAction","name":"Comment","target":["https:\/\/www.modula.eu\/es\/gestion-del-servicio-posventa-de-los-almacenes-automaticos-modula\/#respond"]}]},{"@type":"WebPage","@id":"https:\/\/www.modula.eu\/es\/gestion-del-servicio-posventa-de-los-almacenes-automaticos-modula\/","url":"https:\/\/www.modula.eu\/es\/gestion-del-servicio-posventa-de-los-almacenes-automaticos-modula\/","name":"Gesti\u00f3n del servicio posventa de los almacenes autom\u00e1ticos Modula | Modula","isPartOf":{"@id":"https:\/\/www.modula.eu\/es\/#website"},"primaryImageOfPage":{"@id":"https:\/\/www.modula.eu\/es\/gestion-del-servicio-posventa-de-los-almacenes-automaticos-modula\/#primaryimage"},"image":{"@id":"https:\/\/www.modula.eu\/es\/gestion-del-servicio-posventa-de-los-almacenes-automaticos-modula\/#primaryimage"},"thumbnailUrl":"https:\/\/www.modula.eu\/wp-content\/uploads\/2024\/06\/ART-CUSTOMER-CARE_ANTEPRIMA_500x270_2024.jpg","datePublished":"2024-06-06T08:19:34+00:00","dateModified":"2024-08-29T09:11:02+00:00","description":"En el art\u00edculo sobre el asesoramiento personalizado Modula vimos, en detalle, la hoja de ruta a trav\u00e9s de la cual en Modula proporcionamos soluciones de almac\u00e9n personalizadas a empresas de todos los tama\u00f1os y sectores industriales.","breadcrumb":{"@id":"https:\/\/www.modula.eu\/es\/gestion-del-servicio-posventa-de-los-almacenes-automaticos-modula\/#breadcrumb"},"inLanguage":"es","potentialAction":[{"@type":"ReadAction","target":["https:\/\/www.modula.eu\/es\/gestion-del-servicio-posventa-de-los-almacenes-automaticos-modula\/"]}]},{"@type":"ImageObject","inLanguage":"es","@id":"https:\/\/www.modula.eu\/es\/gestion-del-servicio-posventa-de-los-almacenes-automaticos-modula\/#primaryimage","url":"https:\/\/www.modula.eu\/wp-content\/uploads\/2024\/06\/ART-CUSTOMER-CARE_ANTEPRIMA_500x270_2024.jpg","contentUrl":"https:\/\/www.modula.eu\/wp-content\/uploads\/2024\/06\/ART-CUSTOMER-CARE_ANTEPRIMA_500x270_2024.jpg","width":500,"height":270},{"@type":"BreadcrumbList","@id":"https:\/\/www.modula.eu\/es\/gestion-del-servicio-posventa-de-los-almacenes-automaticos-modula\/#breadcrumb","itemListElement":[{"@type":"ListItem","position":1,"name":"Home","item":"https:\/\/www.modula.eu\/es\/"},{"@type":"ListItem","position":2,"name":"Aplicaciones","item":"https:\/\/www.modula.eu\/es\/blog\/aplicaciones\/"},{"@type":"ListItem","position":3,"name":"Gesti\u00f3n del servicio posventa de los almacenes autom\u00e1ticos Modula"}]},{"@type":"WebSite","@id":"https:\/\/www.modula.eu\/es\/#website","url":"https:\/\/www.modula.eu\/es\/","name":"Modula","description":"Think Vertical","publisher":{"@id":"https:\/\/www.modula.eu\/es\/#organization"},"potentialAction":[{"@type":"SearchAction","target":{"@type":"EntryPoint","urlTemplate":"https:\/\/www.modula.eu\/es\/?s={search_term_string}"},"query-input":{"@type":"PropertyValueSpecification","valueRequired":true,"valueName":"search_term_string"}}],"inLanguage":"es"},{"@type":"Organization","@id":"https:\/\/www.modula.eu\/es\/#organization","name":"Modula","url":"https:\/\/www.modula.eu\/es\/","logo":{"@type":"ImageObject","inLanguage":"es","@id":"https:\/\/www.modula.eu\/es\/#\/schema\/logo\/image\/","url":"https:\/\/www.modula.eu\/wp-content\/uploads\/2022\/12\/Modula-logo.jpg","contentUrl":"https:\/\/www.modula.eu\/wp-content\/uploads\/2022\/12\/Modula-logo.jpg","width":759,"height":512,"caption":"Modula"},"image":{"@id":"https:\/\/www.modula.eu\/es\/#\/schema\/logo\/image\/"}},{"@type":"Person","@id":"https:\/\/www.modula.eu\/es\/#\/schema\/person\/7c5b83a68cf511134b5990861dad5936","name":"bznadmin","sameAs":["https:\/\/www.modula.eu"]}]}},"_links":{"self":[{"href":"https:\/\/www.modula.eu\/es\/wp-json\/wp\/v2\/posts\/34632","targetHints":{"allow":["GET"]}}],"collection":[{"href":"https:\/\/www.modula.eu\/es\/wp-json\/wp\/v2\/posts"}],"about":[{"href":"https:\/\/www.modula.eu\/es\/wp-json\/wp\/v2\/types\/post"}],"author":[{"embeddable":true,"href":"https:\/\/www.modula.eu\/es\/wp-json\/wp\/v2\/users\/1"}],"replies":[{"embeddable":true,"href":"https:\/\/www.modula.eu\/es\/wp-json\/wp\/v2\/comments?post=34632"}],"version-history":[{"count":0,"href":"https:\/\/www.modula.eu\/es\/wp-json\/wp\/v2\/posts\/34632\/revisions"}],"wp:featuredmedia":[{"embeddable":true,"href":"https:\/\/www.modula.eu\/es\/wp-json\/wp\/v2\/media\/34609"}],"wp:attachment":[{"href":"https:\/\/www.modula.eu\/es\/wp-json\/wp\/v2\/media?parent=34632"}],"wp:term":[{"taxonomy":"category","embeddable":true,"href":"https:\/\/www.modula.eu\/es\/wp-json\/wp\/v2\/categories?post=34632"},{"taxonomy":"post_tag","embeddable":true,"href":"https:\/\/www.modula.eu\/es\/wp-json\/wp\/v2\/tags?post=34632"}],"curies":[{"name":"wp","href":"https:\/\/api.w.org\/{rel}","templated":true}]}}