{"id":56246,"date":"2025-05-14T08:52:09","date_gmt":"2025-05-14T06:52:09","guid":{"rendered":"https:\/\/www.modula.eu\/blog\/the-modula-flexibox-the-new-automatic-bin-storage-warehouse-for-more-efficient-logistics\/"},"modified":"2026-02-09T17:47:45","modified_gmt":"2026-02-09T16:47:45","slug":"modula-flexibox-el-nuevo-almacen-automatico-con-cajas-para-una-logistica-mas-eficiente","status":"publish","type":"post","link":"https:\/\/www.modula.eu\/es\/blog\/modula-flexibox-el-nuevo-almacen-automatico-con-cajas-para-una-logistica-mas-eficiente\/","title":{"rendered":"Modula Flexibox: el nuevo almac\u00e9n autom\u00e1tico con cajas para una log\u00edstica m\u00e1s eficiente"},"content":{"rendered":"","protected":false},"excerpt":{"rendered":"","protected":false},"author":1,"featured_media":56241,"comment_status":"closed","ping_status":"closed","sticky":false,"template":"","format":"standard","meta":{"_acf_changed":false,"inline_featured_image":false,"footnotes":""},"categories":[56],"tags":[],"class_list":["post-56246","post","type-post","status-publish","format-standard","has-post-thumbnail","hentry","category-almacenes-automaticos"],"acf":[],"yoast_head":"<!-- This site is optimized with the Yoast SEO plugin v28.3 - https:\/\/yoast.com\/product\/yoast-seo-wordpress\/ -->\n<title>Modula Flexibox: Innovador Almac\u00e9n Autom\u00e1tico con Cajas | Modula<\/title>\n<meta name=\"description\" content=\"Optimiza la log\u00edstica de tu almac\u00e9n con Modula Flexibox: una soluci\u00f3n autom\u00e1tica con cajas que garantiza rapidez, precisi\u00f3n y flexibilidad.\" \/>\n<meta name=\"robots\" content=\"index, follow, max-snippet:-1, max-image-preview:large, max-video-preview:-1\" \/>\n<link rel=\"canonical\" href=\"https:\/\/www.modula.eu\/es\/blog\/modula-flexibox-el-nuevo-almacen-automatico-con-cajas-para-una-logistica-mas-eficiente\/\" \/>\n<meta property=\"og:locale\" content=\"es_ES\" \/>\n<meta property=\"og:type\" content=\"article\" \/>\n<meta property=\"og:title\" content=\"Modula Flexibox: Innovador Almac\u00e9n Autom\u00e1tico con Cajas | Modula\" \/>\n<meta property=\"og:description\" content=\"Optimiza la log\u00edstica de tu almac\u00e9n con Modula Flexibox: una soluci\u00f3n autom\u00e1tica con cajas que garantiza rapidez, precisi\u00f3n y flexibilidad.\" \/>\n<meta property=\"og:url\" content=\"https:\/\/www.modula.eu\/es\/blog\/modula-flexibox-el-nuevo-almacen-automatico-con-cajas-para-una-logistica-mas-eficiente\/\" \/>\n<meta property=\"og:site_name\" content=\"Modula\" \/>\n<meta property=\"article:published_time\" content=\"2025-05-14T06:52:09+00:00\" \/>\n<meta property=\"article:modified_time\" content=\"2026-02-09T16:47:45+00:00\" \/>\n<meta property=\"og:image\" content=\"https:\/\/www.modula.eu\/wp-content\/uploads\/2025\/05\/ART_FLEXIBOX_3_500x270.jpg\" \/>\n\t<meta property=\"og:image:width\" content=\"500\" \/>\n\t<meta property=\"og:image:height\" content=\"270\" \/>\n\t<meta property=\"og:image:type\" content=\"image\/jpeg\" \/>\n<meta name=\"author\" content=\"bznadmin\" \/>\n<meta name=\"twitter:card\" content=\"summary_large_image\" \/>\n<meta name=\"twitter:label1\" content=\"Escrito por\" \/>\n\t<meta name=\"twitter:data1\" content=\"bznadmin\" \/>\n<script type=\"application\/ld+json\" class=\"yoast-schema-graph\">{\"@context\":\"https:\\\/\\\/schema.org\",\"@graph\":[{\"@type\":\"BlogPosting\",\"@id\":\"https:\\\/\\\/www.modula.eu\\\/es\\\/blog\\\/modula-flexibox-el-nuevo-almacen-automatico-con-cajas-para-una-logistica-mas-eficiente\\\/#article\",\"isPartOf\":{\"@id\":\"https:\\\/\\\/www.modula.eu\\\/es\\\/blog\\\/modula-flexibox-el-nuevo-almacen-automatico-con-cajas-para-una-logistica-mas-eficiente\\\/\"},\"author\":{\"name\":\"bznadmin\",\"@id\":\"https:\\\/\\\/www.modula.eu\\\/es\\\/#\\\/schema\\\/person\\\/7c5b83a68cf511134b5990861dad5936\"},\"headline\":\"Modula Flexibox: el nuevo almac\u00e9n autom\u00e1tico con cajas para una log\u00edstica m\u00e1s eficiente\",\"datePublished\":\"2025-05-14T06:52:09+00:00\",\"dateModified\":\"2026-02-09T16:47:45+00:00\",\"mainEntityOfPage\":{\"@id\":\"https:\\\/\\\/www.modula.eu\\\/es\\\/blog\\\/modula-flexibox-el-nuevo-almacen-automatico-con-cajas-para-una-logistica-mas-eficiente\\\/\"},\"wordCount\":17,\"publisher\":{\"@id\":\"https:\\\/\\\/www.modula.eu\\\/es\\\/#organization\"},\"image\":{\"@id\":\"https:\\\/\\\/www.modula.eu\\\/es\\\/blog\\\/modula-flexibox-el-nuevo-almacen-automatico-con-cajas-para-una-logistica-mas-eficiente\\\/#primaryimage\"},\"thumbnailUrl\":\"https:\\\/\\\/www.modula.eu\\\/wp-content\\\/uploads\\\/2025\\\/05\\\/ART_FLEXIBOX_3_500x270.jpg\",\"articleSection\":[\"Almacenes rotativos autom\u00e1ticos\"],\"inLanguage\":\"es\"},{\"@type\":\"WebPage\",\"@id\":\"https:\\\/\\\/www.modula.eu\\\/es\\\/blog\\\/modula-flexibox-el-nuevo-almacen-automatico-con-cajas-para-una-logistica-mas-eficiente\\\/\",\"url\":\"https:\\\/\\\/www.modula.eu\\\/es\\\/blog\\\/modula-flexibox-el-nuevo-almacen-automatico-con-cajas-para-una-logistica-mas-eficiente\\\/\",\"name\":\"Modula Flexibox: Innovador Almac\u00e9n Autom\u00e1tico con Cajas | Modula\",\"isPartOf\":{\"@id\":\"https:\\\/\\\/www.modula.eu\\\/es\\\/#website\"},\"primaryImageOfPage\":{\"@id\":\"https:\\\/\\\/www.modula.eu\\\/es\\\/blog\\\/modula-flexibox-el-nuevo-almacen-automatico-con-cajas-para-una-logistica-mas-eficiente\\\/#primaryimage\"},\"image\":{\"@id\":\"https:\\\/\\\/www.modula.eu\\\/es\\\/blog\\\/modula-flexibox-el-nuevo-almacen-automatico-con-cajas-para-una-logistica-mas-eficiente\\\/#primaryimage\"},\"thumbnailUrl\":\"https:\\\/\\\/www.modula.eu\\\/wp-content\\\/uploads\\\/2025\\\/05\\\/ART_FLEXIBOX_3_500x270.jpg\",\"datePublished\":\"2025-05-14T06:52:09+00:00\",\"dateModified\":\"2026-02-09T16:47:45+00:00\",\"description\":\"Optimiza la log\u00edstica de tu almac\u00e9n con Modula Flexibox: una soluci\u00f3n autom\u00e1tica con cajas que garantiza rapidez, precisi\u00f3n y flexibilidad.\",\"breadcrumb\":{\"@id\":\"https:\\\/\\\/www.modula.eu\\\/es\\\/blog\\\/modula-flexibox-el-nuevo-almacen-automatico-con-cajas-para-una-logistica-mas-eficiente\\\/#breadcrumb\"},\"inLanguage\":\"es\",\"potentialAction\":[{\"@type\":\"ReadAction\",\"target\":[\"https:\\\/\\\/www.modula.eu\\\/es\\\/blog\\\/modula-flexibox-el-nuevo-almacen-automatico-con-cajas-para-una-logistica-mas-eficiente\\\/\"]}]},{\"@type\":\"ImageObject\",\"inLanguage\":\"es\",\"@id\":\"https:\\\/\\\/www.modula.eu\\\/es\\\/blog\\\/modula-flexibox-el-nuevo-almacen-automatico-con-cajas-para-una-logistica-mas-eficiente\\\/#primaryimage\",\"url\":\"https:\\\/\\\/www.modula.eu\\\/wp-content\\\/uploads\\\/2025\\\/05\\\/ART_FLEXIBOX_3_500x270.jpg\",\"contentUrl\":\"https:\\\/\\\/www.modula.eu\\\/wp-content\\\/uploads\\\/2025\\\/05\\\/ART_FLEXIBOX_3_500x270.jpg\",\"width\":500,\"height\":270},{\"@type\":\"BreadcrumbList\",\"@id\":\"https:\\\/\\\/www.modula.eu\\\/es\\\/blog\\\/modula-flexibox-el-nuevo-almacen-automatico-con-cajas-para-una-logistica-mas-eficiente\\\/#breadcrumb\",\"itemListElement\":[{\"@type\":\"ListItem\",\"position\":1,\"name\":\"Home\",\"item\":\"https:\\\/\\\/www.modula.eu\\\/es\\\/\"},{\"@type\":\"ListItem\",\"position\":2,\"name\":\"Almacenes rotativos autom\u00e1ticos\",\"item\":\"https:\\\/\\\/www.modula.eu\\\/es\\\/blog\\\/almacenes-automaticos\\\/\"},{\"@type\":\"ListItem\",\"position\":3,\"name\":\"Modula Flexibox: el nuevo almac\u00e9n autom\u00e1tico con cajas para una log\u00edstica m\u00e1s eficiente\"}]},{\"@type\":\"WebSite\",\"@id\":\"https:\\\/\\\/www.modula.eu\\\/es\\\/#website\",\"url\":\"https:\\\/\\\/www.modula.eu\\\/es\\\/\",\"name\":\"Modula S.p.A.\",\"description\":\"Think Vertical\",\"publisher\":{\"@id\":\"https:\\\/\\\/www.modula.eu\\\/es\\\/#organization\"},\"potentialAction\":[{\"@type\":\"SearchAction\",\"target\":{\"@type\":\"EntryPoint\",\"urlTemplate\":\"https:\\\/\\\/www.modula.eu\\\/es\\\/?s={search_term_string}\"},\"query-input\":{\"@type\":\"PropertyValueSpecification\",\"valueRequired\":true,\"valueName\":\"search_term_string\"}}],\"inLanguage\":\"es\"},{\"@type\":\"Person\",\"@id\":\"https:\\\/\\\/www.modula.eu\\\/es\\\/#\\\/schema\\\/person\\\/7c5b83a68cf511134b5990861dad5936\",\"name\":\"bznadmin\",\"sameAs\":[\"https:\\\/\\\/www.modula.eu\"]}]}<\/script>\n<!-- \/ Yoast SEO plugin. -->","yoast_head_json":{"title":"Modula Flexibox: Innovador Almac\u00e9n Autom\u00e1tico con Cajas | Modula","description":"Optimiza la log\u00edstica de tu almac\u00e9n con Modula Flexibox: una soluci\u00f3n autom\u00e1tica con cajas que garantiza rapidez, precisi\u00f3n y flexibilidad.","robots":{"index":"index","follow":"follow","max-snippet":"max-snippet:-1","max-image-preview":"max-image-preview:large","max-video-preview":"max-video-preview:-1"},"canonical":"https:\/\/www.modula.eu\/es\/blog\/modula-flexibox-el-nuevo-almacen-automatico-con-cajas-para-una-logistica-mas-eficiente\/","og_locale":"es_ES","og_type":"article","og_title":"Modula Flexibox: Innovador Almac\u00e9n Autom\u00e1tico con Cajas | Modula","og_description":"Optimiza la log\u00edstica de tu almac\u00e9n con Modula Flexibox: una soluci\u00f3n autom\u00e1tica con cajas que garantiza rapidez, precisi\u00f3n y flexibilidad.","og_url":"https:\/\/www.modula.eu\/es\/blog\/modula-flexibox-el-nuevo-almacen-automatico-con-cajas-para-una-logistica-mas-eficiente\/","og_site_name":"Modula","article_published_time":"2025-05-14T06:52:09+00:00","article_modified_time":"2026-02-09T16:47:45+00:00","og_image":[{"width":500,"height":270,"url":"https:\/\/www.modula.eu\/wp-content\/uploads\/2025\/05\/ART_FLEXIBOX_3_500x270.jpg","type":"image\/jpeg"}],"author":"bznadmin","twitter_card":"summary_large_image","twitter_misc":{"Escrito por":"bznadmin"},"schema":{"@context":"https:\/\/schema.org","@graph":[{"@type":"BlogPosting","@id":"https:\/\/www.modula.eu\/es\/blog\/modula-flexibox-el-nuevo-almacen-automatico-con-cajas-para-una-logistica-mas-eficiente\/#article","isPartOf":{"@id":"https:\/\/www.modula.eu\/es\/blog\/modula-flexibox-el-nuevo-almacen-automatico-con-cajas-para-una-logistica-mas-eficiente\/"},"author":{"name":"bznadmin","@id":"https:\/\/www.modula.eu\/es\/#\/schema\/person\/7c5b83a68cf511134b5990861dad5936"},"headline":"Modula Flexibox: el nuevo almac\u00e9n autom\u00e1tico con cajas para una log\u00edstica m\u00e1s eficiente","datePublished":"2025-05-14T06:52:09+00:00","dateModified":"2026-02-09T16:47:45+00:00","mainEntityOfPage":{"@id":"https:\/\/www.modula.eu\/es\/blog\/modula-flexibox-el-nuevo-almacen-automatico-con-cajas-para-una-logistica-mas-eficiente\/"},"wordCount":17,"publisher":{"@id":"https:\/\/www.modula.eu\/es\/#organization"},"image":{"@id":"https:\/\/www.modula.eu\/es\/blog\/modula-flexibox-el-nuevo-almacen-automatico-con-cajas-para-una-logistica-mas-eficiente\/#primaryimage"},"thumbnailUrl":"https:\/\/www.modula.eu\/wp-content\/uploads\/2025\/05\/ART_FLEXIBOX_3_500x270.jpg","articleSection":["Almacenes rotativos autom\u00e1ticos"],"inLanguage":"es"},{"@type":"WebPage","@id":"https:\/\/www.modula.eu\/es\/blog\/modula-flexibox-el-nuevo-almacen-automatico-con-cajas-para-una-logistica-mas-eficiente\/","url":"https:\/\/www.modula.eu\/es\/blog\/modula-flexibox-el-nuevo-almacen-automatico-con-cajas-para-una-logistica-mas-eficiente\/","name":"Modula Flexibox: Innovador Almac\u00e9n Autom\u00e1tico con Cajas | Modula","isPartOf":{"@id":"https:\/\/www.modula.eu\/es\/#website"},"primaryImageOfPage":{"@id":"https:\/\/www.modula.eu\/es\/blog\/modula-flexibox-el-nuevo-almacen-automatico-con-cajas-para-una-logistica-mas-eficiente\/#primaryimage"},"image":{"@id":"https:\/\/www.modula.eu\/es\/blog\/modula-flexibox-el-nuevo-almacen-automatico-con-cajas-para-una-logistica-mas-eficiente\/#primaryimage"},"thumbnailUrl":"https:\/\/www.modula.eu\/wp-content\/uploads\/2025\/05\/ART_FLEXIBOX_3_500x270.jpg","datePublished":"2025-05-14T06:52:09+00:00","dateModified":"2026-02-09T16:47:45+00:00","description":"Optimiza la log\u00edstica de tu almac\u00e9n con Modula Flexibox: una soluci\u00f3n autom\u00e1tica con cajas que garantiza rapidez, precisi\u00f3n y flexibilidad.","breadcrumb":{"@id":"https:\/\/www.modula.eu\/es\/blog\/modula-flexibox-el-nuevo-almacen-automatico-con-cajas-para-una-logistica-mas-eficiente\/#breadcrumb"},"inLanguage":"es","potentialAction":[{"@type":"ReadAction","target":["https:\/\/www.modula.eu\/es\/blog\/modula-flexibox-el-nuevo-almacen-automatico-con-cajas-para-una-logistica-mas-eficiente\/"]}]},{"@type":"ImageObject","inLanguage":"es","@id":"https:\/\/www.modula.eu\/es\/blog\/modula-flexibox-el-nuevo-almacen-automatico-con-cajas-para-una-logistica-mas-eficiente\/#primaryimage","url":"https:\/\/www.modula.eu\/wp-content\/uploads\/2025\/05\/ART_FLEXIBOX_3_500x270.jpg","contentUrl":"https:\/\/www.modula.eu\/wp-content\/uploads\/2025\/05\/ART_FLEXIBOX_3_500x270.jpg","width":500,"height":270},{"@type":"BreadcrumbList","@id":"https:\/\/www.modula.eu\/es\/blog\/modula-flexibox-el-nuevo-almacen-automatico-con-cajas-para-una-logistica-mas-eficiente\/#breadcrumb","itemListElement":[{"@type":"ListItem","position":1,"name":"Home","item":"https:\/\/www.modula.eu\/es\/"},{"@type":"ListItem","position":2,"name":"Almacenes rotativos autom\u00e1ticos","item":"https:\/\/www.modula.eu\/es\/blog\/almacenes-automaticos\/"},{"@type":"ListItem","position":3,"name":"Modula Flexibox: el nuevo almac\u00e9n autom\u00e1tico con cajas para una log\u00edstica m\u00e1s eficiente"}]},{"@type":"WebSite","@id":"https:\/\/www.modula.eu\/es\/#website","url":"https:\/\/www.modula.eu\/es\/","name":"Modula S.p.A.","description":"Think Vertical","publisher":{"@id":"https:\/\/www.modula.eu\/es\/#organization"},"potentialAction":[{"@type":"SearchAction","target":{"@type":"EntryPoint","urlTemplate":"https:\/\/www.modula.eu\/es\/?s={search_term_string}"},"query-input":{"@type":"PropertyValueSpecification","valueRequired":true,"valueName":"search_term_string"}}],"inLanguage":"es"},{"@type":"Person","@id":"https:\/\/www.modula.eu\/es\/#\/schema\/person\/7c5b83a68cf511134b5990861dad5936","name":"bznadmin","sameAs":["https:\/\/www.modula.eu"]}]}},"permalink_manager":null,"_links":{"self":[{"href":"https:\/\/www.modula.eu\/es\/wp-json\/wp\/v2\/posts\/56246","targetHints":{"allow":["GET"]}}],"collection":[{"href":"https:\/\/www.modula.eu\/es\/wp-json\/wp\/v2\/posts"}],"about":[{"href":"https:\/\/www.modula.eu\/es\/wp-json\/wp\/v2\/types\/post"}],"author":[{"embeddable":true,"href":"https:\/\/www.modula.eu\/es\/wp-json\/wp\/v2\/users\/1"}],"replies":[{"embeddable":true,"href":"https:\/\/www.modula.eu\/es\/wp-json\/wp\/v2\/comments?post=56246"}],"version-history":[{"count":0,"href":"https:\/\/www.modula.eu\/es\/wp-json\/wp\/v2\/posts\/56246\/revisions"}],"wp:featuredmedia":[{"embeddable":true,"href":"https:\/\/www.modula.eu\/es\/wp-json\/wp\/v2\/media\/56241"}],"wp:attachment":[{"href":"https:\/\/www.modula.eu\/es\/wp-json\/wp\/v2\/media?parent=56246"}],"wp:term":[{"taxonomy":"category","embeddable":true,"href":"https:\/\/www.modula.eu\/es\/wp-json\/wp\/v2\/categories?post=56246"},{"taxonomy":"post_tag","embeddable":true,"href":"https:\/\/www.modula.eu\/es\/wp-json\/wp\/v2\/tags?post=56246"}],"curies":[{"name":"wp","href":"https:\/\/api.w.org\/{rel}","templated":true}]}}