{"id":69583,"date":"2025-11-18T14:20:44","date_gmt":"2025-11-18T13:20:44","guid":{"rendered":"https:\/\/www.modula.eu\/blog\/what-are-logistics-and-supply-chain-management\/"},"modified":"2025-11-18T15:00:00","modified_gmt":"2025-11-18T14:00:00","slug":"logistica-y-gestion-de-la-cadena-de-suministro-definicion-diferencias-y-como-pueden-integrarse","status":"publish","type":"post","link":"https:\/\/www.modula.eu\/es\/blog\/logistica-y-gestion-de-la-cadena-de-suministro-definicion-diferencias-y-como-pueden-integrarse\/","title":{"rendered":"Log\u00edstica y gesti\u00f3n de la cadena de suministro: definici\u00f3n, diferencias y c\u00f3mo pueden integrarse"},"content":{"rendered":"","protected":false},"excerpt":{"rendered":"","protected":false},"author":1,"featured_media":69585,"comment_status":"closed","ping_status":"closed","sticky":false,"template":"","format":"standard","meta":{"_acf_changed":false,"inline_featured_image":false,"footnotes":""},"categories":[56],"tags":[],"class_list":["post-69583","post","type-post","status-publish","format-standard","has-post-thumbnail","hentry","category-almacenes-automaticos"],"acf":[],"yoast_head":"<!-- This site is optimized with the Yoast SEO plugin v28.3 - https:\/\/yoast.com\/product\/yoast-seo-wordpress\/ -->\n<title>Log\u00edstica y gesti\u00f3n de la cadena de suministro: Definiciones, procesos y mejores pr\u00e1cticas | Modula<\/title>\n<meta name=\"description\" content=\"An\u00e1lisis exhaustivo de la log\u00edstica y la gesti\u00f3n de la cadena de suministro: componentes, modelos operativos, optimizaci\u00f3n de flujos y tecnolog\u00edas para la gesti\u00f3n integrada.\" \/>\n<meta name=\"robots\" content=\"index, follow, max-snippet:-1, max-image-preview:large, max-video-preview:-1\" \/>\n<link rel=\"canonical\" href=\"https:\/\/www.modula.eu\/es\/blog\/logistica-y-gestion-de-la-cadena-de-suministro-definicion-diferencias-y-como-pueden-integrarse\/\" \/>\n<meta property=\"og:locale\" content=\"es_ES\" \/>\n<meta property=\"og:type\" content=\"article\" \/>\n<meta property=\"og:title\" content=\"Log\u00edstica y gesti\u00f3n de la cadena de suministro: Definiciones, procesos y mejores pr\u00e1cticas | Modula\" \/>\n<meta property=\"og:description\" content=\"An\u00e1lisis exhaustivo de la log\u00edstica y la gesti\u00f3n de la cadena de suministro: componentes, modelos operativos, optimizaci\u00f3n de flujos y tecnolog\u00edas para la gesti\u00f3n integrada.\" \/>\n<meta property=\"og:url\" content=\"https:\/\/www.modula.eu\/es\/blog\/logistica-y-gestion-de-la-cadena-de-suministro-definicion-diferencias-y-como-pueden-integrarse\/\" \/>\n<meta property=\"og:site_name\" content=\"Modula\" \/>\n<meta property=\"article:published_time\" content=\"2025-11-18T13:20:44+00:00\" \/>\n<meta property=\"article:modified_time\" content=\"2025-11-18T14:00:00+00:00\" \/>\n<meta property=\"og:image\" content=\"https:\/\/www.modula.eu\/wp-content\/uploads\/2025\/11\/CLA3351-1024x768.jpg\" \/>\n\t<meta property=\"og:image:width\" content=\"1024\" \/>\n\t<meta property=\"og:image:height\" content=\"768\" \/>\n\t<meta property=\"og:image:type\" content=\"image\/jpeg\" \/>\n<meta name=\"author\" content=\"bznadmin\" \/>\n<meta name=\"twitter:card\" content=\"summary_large_image\" \/>\n<meta name=\"twitter:label1\" content=\"Escrito por\" \/>\n\t<meta name=\"twitter:data1\" content=\"bznadmin\" \/>\n<script type=\"application\/ld+json\" class=\"yoast-schema-graph\">{\"@context\":\"https:\\\/\\\/schema.org\",\"@graph\":[{\"@type\":\"BlogPosting\",\"@id\":\"https:\\\/\\\/www.modula.eu\\\/es\\\/blog\\\/logistica-y-gestion-de-la-cadena-de-suministro-definicion-diferencias-y-como-pueden-integrarse\\\/#article\",\"isPartOf\":{\"@id\":\"https:\\\/\\\/www.modula.eu\\\/es\\\/blog\\\/logistica-y-gestion-de-la-cadena-de-suministro-definicion-diferencias-y-como-pueden-integrarse\\\/\"},\"author\":{\"name\":\"bznadmin\",\"@id\":\"https:\\\/\\\/www.modula.eu\\\/es\\\/#\\\/schema\\\/person\\\/7c5b83a68cf511134b5990861dad5936\"},\"headline\":\"Log\u00edstica y gesti\u00f3n de la cadena de suministro: definici\u00f3n, diferencias y c\u00f3mo pueden integrarse\",\"datePublished\":\"2025-11-18T13:20:44+00:00\",\"dateModified\":\"2025-11-18T14:00:00+00:00\",\"mainEntityOfPage\":{\"@id\":\"https:\\\/\\\/www.modula.eu\\\/es\\\/blog\\\/logistica-y-gestion-de-la-cadena-de-suministro-definicion-diferencias-y-como-pueden-integrarse\\\/\"},\"wordCount\":18,\"publisher\":{\"@id\":\"https:\\\/\\\/www.modula.eu\\\/es\\\/#organization\"},\"image\":{\"@id\":\"https:\\\/\\\/www.modula.eu\\\/es\\\/blog\\\/logistica-y-gestion-de-la-cadena-de-suministro-definicion-diferencias-y-como-pueden-integrarse\\\/#primaryimage\"},\"thumbnailUrl\":\"https:\\\/\\\/www.modula.eu\\\/wp-content\\\/uploads\\\/2025\\\/11\\\/CLA3351.jpg\",\"articleSection\":[\"Almacenes rotativos autom\u00e1ticos\"],\"inLanguage\":\"es\"},{\"@type\":\"WebPage\",\"@id\":\"https:\\\/\\\/www.modula.eu\\\/es\\\/blog\\\/logistica-y-gestion-de-la-cadena-de-suministro-definicion-diferencias-y-como-pueden-integrarse\\\/\",\"url\":\"https:\\\/\\\/www.modula.eu\\\/es\\\/blog\\\/logistica-y-gestion-de-la-cadena-de-suministro-definicion-diferencias-y-como-pueden-integrarse\\\/\",\"name\":\"Log\u00edstica y gesti\u00f3n de la cadena de suministro: Definiciones, procesos y mejores pr\u00e1cticas | Modula\",\"isPartOf\":{\"@id\":\"https:\\\/\\\/www.modula.eu\\\/es\\\/#website\"},\"primaryImageOfPage\":{\"@id\":\"https:\\\/\\\/www.modula.eu\\\/es\\\/blog\\\/logistica-y-gestion-de-la-cadena-de-suministro-definicion-diferencias-y-como-pueden-integrarse\\\/#primaryimage\"},\"image\":{\"@id\":\"https:\\\/\\\/www.modula.eu\\\/es\\\/blog\\\/logistica-y-gestion-de-la-cadena-de-suministro-definicion-diferencias-y-como-pueden-integrarse\\\/#primaryimage\"},\"thumbnailUrl\":\"https:\\\/\\\/www.modula.eu\\\/wp-content\\\/uploads\\\/2025\\\/11\\\/CLA3351.jpg\",\"datePublished\":\"2025-11-18T13:20:44+00:00\",\"dateModified\":\"2025-11-18T14:00:00+00:00\",\"description\":\"An\u00e1lisis exhaustivo de la log\u00edstica y la gesti\u00f3n de la cadena de suministro: componentes, modelos operativos, optimizaci\u00f3n de flujos y tecnolog\u00edas para la gesti\u00f3n integrada.\",\"breadcrumb\":{\"@id\":\"https:\\\/\\\/www.modula.eu\\\/es\\\/blog\\\/logistica-y-gestion-de-la-cadena-de-suministro-definicion-diferencias-y-como-pueden-integrarse\\\/#breadcrumb\"},\"inLanguage\":\"es\",\"potentialAction\":[{\"@type\":\"ReadAction\",\"target\":[\"https:\\\/\\\/www.modula.eu\\\/es\\\/blog\\\/logistica-y-gestion-de-la-cadena-de-suministro-definicion-diferencias-y-como-pueden-integrarse\\\/\"]}]},{\"@type\":\"ImageObject\",\"inLanguage\":\"es\",\"@id\":\"https:\\\/\\\/www.modula.eu\\\/es\\\/blog\\\/logistica-y-gestion-de-la-cadena-de-suministro-definicion-diferencias-y-como-pueden-integrarse\\\/#primaryimage\",\"url\":\"https:\\\/\\\/www.modula.eu\\\/wp-content\\\/uploads\\\/2025\\\/11\\\/CLA3351.jpg\",\"contentUrl\":\"https:\\\/\\\/www.modula.eu\\\/wp-content\\\/uploads\\\/2025\\\/11\\\/CLA3351.jpg\",\"width\":2400,\"height\":1800,\"caption\":\"Logistics vs. Supply Chain Management: how do they differ?\"},{\"@type\":\"BreadcrumbList\",\"@id\":\"https:\\\/\\\/www.modula.eu\\\/es\\\/blog\\\/logistica-y-gestion-de-la-cadena-de-suministro-definicion-diferencias-y-como-pueden-integrarse\\\/#breadcrumb\",\"itemListElement\":[{\"@type\":\"ListItem\",\"position\":1,\"name\":\"Home\",\"item\":\"https:\\\/\\\/www.modula.eu\\\/es\\\/\"},{\"@type\":\"ListItem\",\"position\":2,\"name\":\"Almacenes rotativos autom\u00e1ticos\",\"item\":\"https:\\\/\\\/www.modula.eu\\\/es\\\/blog\\\/almacenes-automaticos\\\/\"},{\"@type\":\"ListItem\",\"position\":3,\"name\":\"Log\u00edstica y gesti\u00f3n de la cadena de suministro: definici\u00f3n, diferencias y c\u00f3mo pueden integrarse\"}]},{\"@type\":\"WebSite\",\"@id\":\"https:\\\/\\\/www.modula.eu\\\/es\\\/#website\",\"url\":\"https:\\\/\\\/www.modula.eu\\\/es\\\/\",\"name\":\"Modula S.p.A.\",\"description\":\"Think Vertical\",\"publisher\":{\"@id\":\"https:\\\/\\\/www.modula.eu\\\/es\\\/#organization\"},\"potentialAction\":[{\"@type\":\"SearchAction\",\"target\":{\"@type\":\"EntryPoint\",\"urlTemplate\":\"https:\\\/\\\/www.modula.eu\\\/es\\\/?s={search_term_string}\"},\"query-input\":{\"@type\":\"PropertyValueSpecification\",\"valueRequired\":true,\"valueName\":\"search_term_string\"}}],\"inLanguage\":\"es\"},{\"@type\":\"Person\",\"@id\":\"https:\\\/\\\/www.modula.eu\\\/es\\\/#\\\/schema\\\/person\\\/7c5b83a68cf511134b5990861dad5936\",\"name\":\"bznadmin\",\"sameAs\":[\"https:\\\/\\\/www.modula.eu\"]}]}<\/script>\n<!-- \/ Yoast SEO plugin. -->","yoast_head_json":{"title":"Log\u00edstica y gesti\u00f3n de la cadena de suministro: Definiciones, procesos y mejores pr\u00e1cticas | Modula","description":"An\u00e1lisis exhaustivo de la log\u00edstica y la gesti\u00f3n de la cadena de suministro: componentes, modelos operativos, optimizaci\u00f3n de flujos y tecnolog\u00edas para la gesti\u00f3n integrada.","robots":{"index":"index","follow":"follow","max-snippet":"max-snippet:-1","max-image-preview":"max-image-preview:large","max-video-preview":"max-video-preview:-1"},"canonical":"https:\/\/www.modula.eu\/es\/blog\/logistica-y-gestion-de-la-cadena-de-suministro-definicion-diferencias-y-como-pueden-integrarse\/","og_locale":"es_ES","og_type":"article","og_title":"Log\u00edstica y gesti\u00f3n de la cadena de suministro: Definiciones, procesos y mejores pr\u00e1cticas | Modula","og_description":"An\u00e1lisis exhaustivo de la log\u00edstica y la gesti\u00f3n de la cadena de suministro: componentes, modelos operativos, optimizaci\u00f3n de flujos y tecnolog\u00edas para la gesti\u00f3n integrada.","og_url":"https:\/\/www.modula.eu\/es\/blog\/logistica-y-gestion-de-la-cadena-de-suministro-definicion-diferencias-y-como-pueden-integrarse\/","og_site_name":"Modula","article_published_time":"2025-11-18T13:20:44+00:00","article_modified_time":"2025-11-18T14:00:00+00:00","og_image":[{"width":1024,"height":768,"url":"https:\/\/www.modula.eu\/wp-content\/uploads\/2025\/11\/CLA3351-1024x768.jpg","type":"image\/jpeg"}],"author":"bznadmin","twitter_card":"summary_large_image","twitter_misc":{"Escrito por":"bznadmin"},"schema":{"@context":"https:\/\/schema.org","@graph":[{"@type":"BlogPosting","@id":"https:\/\/www.modula.eu\/es\/blog\/logistica-y-gestion-de-la-cadena-de-suministro-definicion-diferencias-y-como-pueden-integrarse\/#article","isPartOf":{"@id":"https:\/\/www.modula.eu\/es\/blog\/logistica-y-gestion-de-la-cadena-de-suministro-definicion-diferencias-y-como-pueden-integrarse\/"},"author":{"name":"bznadmin","@id":"https:\/\/www.modula.eu\/es\/#\/schema\/person\/7c5b83a68cf511134b5990861dad5936"},"headline":"Log\u00edstica y gesti\u00f3n de la cadena de suministro: definici\u00f3n, diferencias y c\u00f3mo pueden integrarse","datePublished":"2025-11-18T13:20:44+00:00","dateModified":"2025-11-18T14:00:00+00:00","mainEntityOfPage":{"@id":"https:\/\/www.modula.eu\/es\/blog\/logistica-y-gestion-de-la-cadena-de-suministro-definicion-diferencias-y-como-pueden-integrarse\/"},"wordCount":18,"publisher":{"@id":"https:\/\/www.modula.eu\/es\/#organization"},"image":{"@id":"https:\/\/www.modula.eu\/es\/blog\/logistica-y-gestion-de-la-cadena-de-suministro-definicion-diferencias-y-como-pueden-integrarse\/#primaryimage"},"thumbnailUrl":"https:\/\/www.modula.eu\/wp-content\/uploads\/2025\/11\/CLA3351.jpg","articleSection":["Almacenes rotativos autom\u00e1ticos"],"inLanguage":"es"},{"@type":"WebPage","@id":"https:\/\/www.modula.eu\/es\/blog\/logistica-y-gestion-de-la-cadena-de-suministro-definicion-diferencias-y-como-pueden-integrarse\/","url":"https:\/\/www.modula.eu\/es\/blog\/logistica-y-gestion-de-la-cadena-de-suministro-definicion-diferencias-y-como-pueden-integrarse\/","name":"Log\u00edstica y gesti\u00f3n de la cadena de suministro: Definiciones, procesos y mejores pr\u00e1cticas | Modula","isPartOf":{"@id":"https:\/\/www.modula.eu\/es\/#website"},"primaryImageOfPage":{"@id":"https:\/\/www.modula.eu\/es\/blog\/logistica-y-gestion-de-la-cadena-de-suministro-definicion-diferencias-y-como-pueden-integrarse\/#primaryimage"},"image":{"@id":"https:\/\/www.modula.eu\/es\/blog\/logistica-y-gestion-de-la-cadena-de-suministro-definicion-diferencias-y-como-pueden-integrarse\/#primaryimage"},"thumbnailUrl":"https:\/\/www.modula.eu\/wp-content\/uploads\/2025\/11\/CLA3351.jpg","datePublished":"2025-11-18T13:20:44+00:00","dateModified":"2025-11-18T14:00:00+00:00","description":"An\u00e1lisis exhaustivo de la log\u00edstica y la gesti\u00f3n de la cadena de suministro: componentes, modelos operativos, optimizaci\u00f3n de flujos y tecnolog\u00edas para la gesti\u00f3n integrada.","breadcrumb":{"@id":"https:\/\/www.modula.eu\/es\/blog\/logistica-y-gestion-de-la-cadena-de-suministro-definicion-diferencias-y-como-pueden-integrarse\/#breadcrumb"},"inLanguage":"es","potentialAction":[{"@type":"ReadAction","target":["https:\/\/www.modula.eu\/es\/blog\/logistica-y-gestion-de-la-cadena-de-suministro-definicion-diferencias-y-como-pueden-integrarse\/"]}]},{"@type":"ImageObject","inLanguage":"es","@id":"https:\/\/www.modula.eu\/es\/blog\/logistica-y-gestion-de-la-cadena-de-suministro-definicion-diferencias-y-como-pueden-integrarse\/#primaryimage","url":"https:\/\/www.modula.eu\/wp-content\/uploads\/2025\/11\/CLA3351.jpg","contentUrl":"https:\/\/www.modula.eu\/wp-content\/uploads\/2025\/11\/CLA3351.jpg","width":2400,"height":1800,"caption":"Logistics vs. Supply Chain Management: how do they differ?"},{"@type":"BreadcrumbList","@id":"https:\/\/www.modula.eu\/es\/blog\/logistica-y-gestion-de-la-cadena-de-suministro-definicion-diferencias-y-como-pueden-integrarse\/#breadcrumb","itemListElement":[{"@type":"ListItem","position":1,"name":"Home","item":"https:\/\/www.modula.eu\/es\/"},{"@type":"ListItem","position":2,"name":"Almacenes rotativos autom\u00e1ticos","item":"https:\/\/www.modula.eu\/es\/blog\/almacenes-automaticos\/"},{"@type":"ListItem","position":3,"name":"Log\u00edstica y gesti\u00f3n de la cadena de suministro: definici\u00f3n, diferencias y c\u00f3mo pueden integrarse"}]},{"@type":"WebSite","@id":"https:\/\/www.modula.eu\/es\/#website","url":"https:\/\/www.modula.eu\/es\/","name":"Modula S.p.A.","description":"Think Vertical","publisher":{"@id":"https:\/\/www.modula.eu\/es\/#organization"},"potentialAction":[{"@type":"SearchAction","target":{"@type":"EntryPoint","urlTemplate":"https:\/\/www.modula.eu\/es\/?s={search_term_string}"},"query-input":{"@type":"PropertyValueSpecification","valueRequired":true,"valueName":"search_term_string"}}],"inLanguage":"es"},{"@type":"Person","@id":"https:\/\/www.modula.eu\/es\/#\/schema\/person\/7c5b83a68cf511134b5990861dad5936","name":"bznadmin","sameAs":["https:\/\/www.modula.eu"]}]}},"permalink_manager":null,"_links":{"self":[{"href":"https:\/\/www.modula.eu\/es\/wp-json\/wp\/v2\/posts\/69583","targetHints":{"allow":["GET"]}}],"collection":[{"href":"https:\/\/www.modula.eu\/es\/wp-json\/wp\/v2\/posts"}],"about":[{"href":"https:\/\/www.modula.eu\/es\/wp-json\/wp\/v2\/types\/post"}],"author":[{"embeddable":true,"href":"https:\/\/www.modula.eu\/es\/wp-json\/wp\/v2\/users\/1"}],"replies":[{"embeddable":true,"href":"https:\/\/www.modula.eu\/es\/wp-json\/wp\/v2\/comments?post=69583"}],"version-history":[{"count":0,"href":"https:\/\/www.modula.eu\/es\/wp-json\/wp\/v2\/posts\/69583\/revisions"}],"wp:featuredmedia":[{"embeddable":true,"href":"https:\/\/www.modula.eu\/es\/wp-json\/wp\/v2\/media\/69585"}],"wp:attachment":[{"href":"https:\/\/www.modula.eu\/es\/wp-json\/wp\/v2\/media?parent=69583"}],"wp:term":[{"taxonomy":"category","embeddable":true,"href":"https:\/\/www.modula.eu\/es\/wp-json\/wp\/v2\/categories?post=69583"},{"taxonomy":"post_tag","embeddable":true,"href":"https:\/\/www.modula.eu\/es\/wp-json\/wp\/v2\/tags?post=69583"}],"curies":[{"name":"wp","href":"https:\/\/api.w.org\/{rel}","templated":true}]}}