{"id":71679,"date":"2026-01-15T17:20:30","date_gmt":"2026-01-15T16:20:30","guid":{"rendered":"https:\/\/www.modula.eu\/blog\/digital-revolution-in-the-factory-the-modula-case-as-a-lesson-for-industry\/"},"modified":"2026-05-28T14:41:19","modified_gmt":"2026-05-28T12:41:19","slug":"revolucion-digital-en-la-fabrica-el-caso-modula-como-leccion-para-la-industria","status":"publish","type":"post","link":"https:\/\/www.modula.eu\/es\/blog\/revolucion-digital-en-la-fabrica-el-caso-modula-como-leccion-para-la-industria\/","title":{"rendered":"Revoluci\u00f3n digital en la f\u00e1brica: el caso Modula como lecci\u00f3n para la industria"},"content":{"rendered":"","protected":false},"excerpt":{"rendered":"","protected":false},"author":6,"featured_media":71681,"comment_status":"open","ping_status":"closed","sticky":false,"template":"","format":"standard","meta":{"_acf_changed":false,"inline_featured_image":false,"footnotes":""},"categories":[53],"tags":[],"class_list":["post-71679","post","type-post","status-publish","format-standard","has-post-thumbnail","hentry","category-aplicaciones"],"acf":[],"yoast_head":"<!-- This site is optimized with the Yoast SEO plugin v28.3 - https:\/\/yoast.com\/product\/yoast-seo-wordpress\/ -->\n<title>Revoluci\u00f3n digital en la f\u00e1brica: el caso Modula como lecci\u00f3n para la industria | Modula<\/title>\n<meta name=\"description\" content=\"Descubre c\u00f3mo Modula transform\u00f3 su f\u00e1brica con digitalizaci\u00f3n, automatizaci\u00f3n y gesti\u00f3n de datos, ofreciendo una lecci\u00f3n pr\u00e1ctica para industrias que desean adoptar tecnolog\u00edas 4.0.\" \/>\n<meta name=\"robots\" content=\"index, follow, max-snippet:-1, max-image-preview:large, max-video-preview:-1\" \/>\n<link rel=\"canonical\" href=\"https:\/\/www.modula.eu\/es\/blog\/revolucion-digital-en-la-fabrica-el-caso-modula-como-leccion-para-la-industria\/\" \/>\n<meta property=\"og:locale\" content=\"es_ES\" \/>\n<meta property=\"og:type\" content=\"article\" \/>\n<meta property=\"og:title\" content=\"Revoluci\u00f3n digital en la f\u00e1brica: el caso Modula como lecci\u00f3n para la industria | Modula\" \/>\n<meta property=\"og:description\" content=\"Descubre c\u00f3mo Modula transform\u00f3 su f\u00e1brica con digitalizaci\u00f3n, automatizaci\u00f3n y gesti\u00f3n de datos, ofreciendo una lecci\u00f3n pr\u00e1ctica para industrias que desean adoptar tecnolog\u00edas 4.0.\" \/>\n<meta property=\"og:url\" content=\"https:\/\/www.modula.eu\/es\/blog\/revolucion-digital-en-la-fabrica-el-caso-modula-como-leccion-para-la-industria\/\" \/>\n<meta property=\"og:site_name\" content=\"Modula\" \/>\n<meta property=\"article:published_time\" content=\"2026-01-15T16:20:30+00:00\" \/>\n<meta property=\"article:modified_time\" content=\"2026-05-28T12:41:19+00:00\" \/>\n<meta property=\"og:image\" content=\"https:\/\/www.modula.eu\/wp-content\/uploads\/2026\/01\/Montanti-1-1024x684.jpg\" \/>\n\t<meta property=\"og:image:width\" content=\"1024\" \/>\n\t<meta property=\"og:image:height\" content=\"684\" \/>\n\t<meta property=\"og:image:type\" content=\"image\/jpeg\" \/>\n<meta name=\"author\" content=\"Irene Bretta\" \/>\n<meta name=\"twitter:card\" content=\"summary_large_image\" \/>\n<meta name=\"twitter:label1\" content=\"Escrito por\" \/>\n\t<meta name=\"twitter:data1\" content=\"Irene Bretta\" \/>\n<script type=\"application\/ld+json\" class=\"yoast-schema-graph\">{\"@context\":\"https:\\\/\\\/schema.org\",\"@graph\":[{\"@type\":\"BlogPosting\",\"@id\":\"https:\\\/\\\/www.modula.eu\\\/es\\\/blog\\\/revolucion-digital-en-la-fabrica-el-caso-modula-como-leccion-para-la-industria\\\/#article\",\"isPartOf\":{\"@id\":\"https:\\\/\\\/www.modula.eu\\\/es\\\/blog\\\/revolucion-digital-en-la-fabrica-el-caso-modula-como-leccion-para-la-industria\\\/\"},\"author\":{\"name\":\"Irene Bretta\",\"@id\":\"https:\\\/\\\/www.modula.eu\\\/es\\\/#\\\/schema\\\/person\\\/8418fb3a8951e09a2aabee89b6004c6c\"},\"headline\":\"Revoluci\u00f3n digital en la f\u00e1brica: el caso Modula como lecci\u00f3n para la industria\",\"datePublished\":\"2026-01-15T16:20:30+00:00\",\"dateModified\":\"2026-05-28T12:41:19+00:00\",\"mainEntityOfPage\":{\"@id\":\"https:\\\/\\\/www.modula.eu\\\/es\\\/blog\\\/revolucion-digital-en-la-fabrica-el-caso-modula-como-leccion-para-la-industria\\\/\"},\"wordCount\":16,\"commentCount\":0,\"publisher\":{\"@id\":\"https:\\\/\\\/www.modula.eu\\\/es\\\/#organization\"},\"image\":{\"@id\":\"https:\\\/\\\/www.modula.eu\\\/es\\\/blog\\\/revolucion-digital-en-la-fabrica-el-caso-modula-como-leccion-para-la-industria\\\/#primaryimage\"},\"thumbnailUrl\":\"https:\\\/\\\/www.modula.eu\\\/wp-content\\\/uploads\\\/2026\\\/01\\\/Montanti-1-scaled.jpg\",\"articleSection\":[\"Aplicaciones\"],\"inLanguage\":\"es\",\"potentialAction\":[{\"@type\":\"CommentAction\",\"name\":\"Comment\",\"target\":[\"https:\\\/\\\/www.modula.eu\\\/es\\\/blog\\\/revolucion-digital-en-la-fabrica-el-caso-modula-como-leccion-para-la-industria\\\/#respond\"]}]},{\"@type\":\"WebPage\",\"@id\":\"https:\\\/\\\/www.modula.eu\\\/es\\\/blog\\\/revolucion-digital-en-la-fabrica-el-caso-modula-como-leccion-para-la-industria\\\/\",\"url\":\"https:\\\/\\\/www.modula.eu\\\/es\\\/blog\\\/revolucion-digital-en-la-fabrica-el-caso-modula-como-leccion-para-la-industria\\\/\",\"name\":\"Revoluci\u00f3n digital en la f\u00e1brica: el caso Modula como lecci\u00f3n para la industria | Modula\",\"isPartOf\":{\"@id\":\"https:\\\/\\\/www.modula.eu\\\/es\\\/#website\"},\"primaryImageOfPage\":{\"@id\":\"https:\\\/\\\/www.modula.eu\\\/es\\\/blog\\\/revolucion-digital-en-la-fabrica-el-caso-modula-como-leccion-para-la-industria\\\/#primaryimage\"},\"image\":{\"@id\":\"https:\\\/\\\/www.modula.eu\\\/es\\\/blog\\\/revolucion-digital-en-la-fabrica-el-caso-modula-como-leccion-para-la-industria\\\/#primaryimage\"},\"thumbnailUrl\":\"https:\\\/\\\/www.modula.eu\\\/wp-content\\\/uploads\\\/2026\\\/01\\\/Montanti-1-scaled.jpg\",\"datePublished\":\"2026-01-15T16:20:30+00:00\",\"dateModified\":\"2026-05-28T12:41:19+00:00\",\"description\":\"Descubre c\u00f3mo Modula transform\u00f3 su f\u00e1brica con digitalizaci\u00f3n, automatizaci\u00f3n y gesti\u00f3n de datos, ofreciendo una lecci\u00f3n pr\u00e1ctica para industrias que desean adoptar tecnolog\u00edas 4.0.\",\"breadcrumb\":{\"@id\":\"https:\\\/\\\/www.modula.eu\\\/es\\\/blog\\\/revolucion-digital-en-la-fabrica-el-caso-modula-como-leccion-para-la-industria\\\/#breadcrumb\"},\"inLanguage\":\"es\",\"potentialAction\":[{\"@type\":\"ReadAction\",\"target\":[\"https:\\\/\\\/www.modula.eu\\\/es\\\/blog\\\/revolucion-digital-en-la-fabrica-el-caso-modula-como-leccion-para-la-industria\\\/\"]}]},{\"@type\":\"ImageObject\",\"inLanguage\":\"es\",\"@id\":\"https:\\\/\\\/www.modula.eu\\\/es\\\/blog\\\/revolucion-digital-en-la-fabrica-el-caso-modula-como-leccion-para-la-industria\\\/#primaryimage\",\"url\":\"https:\\\/\\\/www.modula.eu\\\/wp-content\\\/uploads\\\/2026\\\/01\\\/Montanti-1-scaled.jpg\",\"contentUrl\":\"https:\\\/\\\/www.modula.eu\\\/wp-content\\\/uploads\\\/2026\\\/01\\\/Montanti-1-scaled.jpg\",\"width\":2560,\"height\":1710},{\"@type\":\"BreadcrumbList\",\"@id\":\"https:\\\/\\\/www.modula.eu\\\/es\\\/blog\\\/revolucion-digital-en-la-fabrica-el-caso-modula-como-leccion-para-la-industria\\\/#breadcrumb\",\"itemListElement\":[{\"@type\":\"ListItem\",\"position\":1,\"name\":\"Home\",\"item\":\"https:\\\/\\\/www.modula.eu\\\/es\\\/\"},{\"@type\":\"ListItem\",\"position\":2,\"name\":\"Aplicaciones\",\"item\":\"https:\\\/\\\/www.modula.eu\\\/es\\\/blog\\\/aplicaciones\\\/\"},{\"@type\":\"ListItem\",\"position\":3,\"name\":\"Revoluci\u00f3n digital en la f\u00e1brica: el caso Modula como lecci\u00f3n para la industria\"}]},{\"@type\":\"WebSite\",\"@id\":\"https:\\\/\\\/www.modula.eu\\\/es\\\/#website\",\"url\":\"https:\\\/\\\/www.modula.eu\\\/es\\\/\",\"name\":\"Modula S.p.A.\",\"description\":\"Think Vertical\",\"publisher\":{\"@id\":\"https:\\\/\\\/www.modula.eu\\\/es\\\/#organization\"},\"potentialAction\":[{\"@type\":\"SearchAction\",\"target\":{\"@type\":\"EntryPoint\",\"urlTemplate\":\"https:\\\/\\\/www.modula.eu\\\/es\\\/?s={search_term_string}\"},\"query-input\":{\"@type\":\"PropertyValueSpecification\",\"valueRequired\":true,\"valueName\":\"search_term_string\"}}],\"inLanguage\":\"es\"},{\"@type\":\"Person\",\"@id\":\"https:\\\/\\\/www.modula.eu\\\/es\\\/#\\\/schema\\\/person\\\/8418fb3a8951e09a2aabee89b6004c6c\",\"name\":\"Irene Bretta\"}]}<\/script>\n<!-- \/ Yoast SEO plugin. -->","yoast_head_json":{"title":"Revoluci\u00f3n digital en la f\u00e1brica: el caso Modula como lecci\u00f3n para la industria | Modula","description":"Descubre c\u00f3mo Modula transform\u00f3 su f\u00e1brica con digitalizaci\u00f3n, automatizaci\u00f3n y gesti\u00f3n de datos, ofreciendo una lecci\u00f3n pr\u00e1ctica para industrias que desean adoptar tecnolog\u00edas 4.0.","robots":{"index":"index","follow":"follow","max-snippet":"max-snippet:-1","max-image-preview":"max-image-preview:large","max-video-preview":"max-video-preview:-1"},"canonical":"https:\/\/www.modula.eu\/es\/blog\/revolucion-digital-en-la-fabrica-el-caso-modula-como-leccion-para-la-industria\/","og_locale":"es_ES","og_type":"article","og_title":"Revoluci\u00f3n digital en la f\u00e1brica: el caso Modula como lecci\u00f3n para la industria | Modula","og_description":"Descubre c\u00f3mo Modula transform\u00f3 su f\u00e1brica con digitalizaci\u00f3n, automatizaci\u00f3n y gesti\u00f3n de datos, ofreciendo una lecci\u00f3n pr\u00e1ctica para industrias que desean adoptar tecnolog\u00edas 4.0.","og_url":"https:\/\/www.modula.eu\/es\/blog\/revolucion-digital-en-la-fabrica-el-caso-modula-como-leccion-para-la-industria\/","og_site_name":"Modula","article_published_time":"2026-01-15T16:20:30+00:00","article_modified_time":"2026-05-28T12:41:19+00:00","og_image":[{"width":1024,"height":684,"url":"https:\/\/www.modula.eu\/wp-content\/uploads\/2026\/01\/Montanti-1-1024x684.jpg","type":"image\/jpeg"}],"author":"Irene Bretta","twitter_card":"summary_large_image","twitter_misc":{"Escrito por":"Irene Bretta"},"schema":{"@context":"https:\/\/schema.org","@graph":[{"@type":"BlogPosting","@id":"https:\/\/www.modula.eu\/es\/blog\/revolucion-digital-en-la-fabrica-el-caso-modula-como-leccion-para-la-industria\/#article","isPartOf":{"@id":"https:\/\/www.modula.eu\/es\/blog\/revolucion-digital-en-la-fabrica-el-caso-modula-como-leccion-para-la-industria\/"},"author":{"name":"Irene Bretta","@id":"https:\/\/www.modula.eu\/es\/#\/schema\/person\/8418fb3a8951e09a2aabee89b6004c6c"},"headline":"Revoluci\u00f3n digital en la f\u00e1brica: el caso Modula como lecci\u00f3n para la industria","datePublished":"2026-01-15T16:20:30+00:00","dateModified":"2026-05-28T12:41:19+00:00","mainEntityOfPage":{"@id":"https:\/\/www.modula.eu\/es\/blog\/revolucion-digital-en-la-fabrica-el-caso-modula-como-leccion-para-la-industria\/"},"wordCount":16,"commentCount":0,"publisher":{"@id":"https:\/\/www.modula.eu\/es\/#organization"},"image":{"@id":"https:\/\/www.modula.eu\/es\/blog\/revolucion-digital-en-la-fabrica-el-caso-modula-como-leccion-para-la-industria\/#primaryimage"},"thumbnailUrl":"https:\/\/www.modula.eu\/wp-content\/uploads\/2026\/01\/Montanti-1-scaled.jpg","articleSection":["Aplicaciones"],"inLanguage":"es","potentialAction":[{"@type":"CommentAction","name":"Comment","target":["https:\/\/www.modula.eu\/es\/blog\/revolucion-digital-en-la-fabrica-el-caso-modula-como-leccion-para-la-industria\/#respond"]}]},{"@type":"WebPage","@id":"https:\/\/www.modula.eu\/es\/blog\/revolucion-digital-en-la-fabrica-el-caso-modula-como-leccion-para-la-industria\/","url":"https:\/\/www.modula.eu\/es\/blog\/revolucion-digital-en-la-fabrica-el-caso-modula-como-leccion-para-la-industria\/","name":"Revoluci\u00f3n digital en la f\u00e1brica: el caso Modula como lecci\u00f3n para la industria | Modula","isPartOf":{"@id":"https:\/\/www.modula.eu\/es\/#website"},"primaryImageOfPage":{"@id":"https:\/\/www.modula.eu\/es\/blog\/revolucion-digital-en-la-fabrica-el-caso-modula-como-leccion-para-la-industria\/#primaryimage"},"image":{"@id":"https:\/\/www.modula.eu\/es\/blog\/revolucion-digital-en-la-fabrica-el-caso-modula-como-leccion-para-la-industria\/#primaryimage"},"thumbnailUrl":"https:\/\/www.modula.eu\/wp-content\/uploads\/2026\/01\/Montanti-1-scaled.jpg","datePublished":"2026-01-15T16:20:30+00:00","dateModified":"2026-05-28T12:41:19+00:00","description":"Descubre c\u00f3mo Modula transform\u00f3 su f\u00e1brica con digitalizaci\u00f3n, automatizaci\u00f3n y gesti\u00f3n de datos, ofreciendo una lecci\u00f3n pr\u00e1ctica para industrias que desean adoptar tecnolog\u00edas 4.0.","breadcrumb":{"@id":"https:\/\/www.modula.eu\/es\/blog\/revolucion-digital-en-la-fabrica-el-caso-modula-como-leccion-para-la-industria\/#breadcrumb"},"inLanguage":"es","potentialAction":[{"@type":"ReadAction","target":["https:\/\/www.modula.eu\/es\/blog\/revolucion-digital-en-la-fabrica-el-caso-modula-como-leccion-para-la-industria\/"]}]},{"@type":"ImageObject","inLanguage":"es","@id":"https:\/\/www.modula.eu\/es\/blog\/revolucion-digital-en-la-fabrica-el-caso-modula-como-leccion-para-la-industria\/#primaryimage","url":"https:\/\/www.modula.eu\/wp-content\/uploads\/2026\/01\/Montanti-1-scaled.jpg","contentUrl":"https:\/\/www.modula.eu\/wp-content\/uploads\/2026\/01\/Montanti-1-scaled.jpg","width":2560,"height":1710},{"@type":"BreadcrumbList","@id":"https:\/\/www.modula.eu\/es\/blog\/revolucion-digital-en-la-fabrica-el-caso-modula-como-leccion-para-la-industria\/#breadcrumb","itemListElement":[{"@type":"ListItem","position":1,"name":"Home","item":"https:\/\/www.modula.eu\/es\/"},{"@type":"ListItem","position":2,"name":"Aplicaciones","item":"https:\/\/www.modula.eu\/es\/blog\/aplicaciones\/"},{"@type":"ListItem","position":3,"name":"Revoluci\u00f3n digital en la f\u00e1brica: el caso Modula como lecci\u00f3n para la industria"}]},{"@type":"WebSite","@id":"https:\/\/www.modula.eu\/es\/#website","url":"https:\/\/www.modula.eu\/es\/","name":"Modula S.p.A.","description":"Think Vertical","publisher":{"@id":"https:\/\/www.modula.eu\/es\/#organization"},"potentialAction":[{"@type":"SearchAction","target":{"@type":"EntryPoint","urlTemplate":"https:\/\/www.modula.eu\/es\/?s={search_term_string}"},"query-input":{"@type":"PropertyValueSpecification","valueRequired":true,"valueName":"search_term_string"}}],"inLanguage":"es"},{"@type":"Person","@id":"https:\/\/www.modula.eu\/es\/#\/schema\/person\/8418fb3a8951e09a2aabee89b6004c6c","name":"Irene Bretta"}]}},"permalink_manager":null,"_links":{"self":[{"href":"https:\/\/www.modula.eu\/es\/wp-json\/wp\/v2\/posts\/71679","targetHints":{"allow":["GET"]}}],"collection":[{"href":"https:\/\/www.modula.eu\/es\/wp-json\/wp\/v2\/posts"}],"about":[{"href":"https:\/\/www.modula.eu\/es\/wp-json\/wp\/v2\/types\/post"}],"author":[{"embeddable":true,"href":"https:\/\/www.modula.eu\/es\/wp-json\/wp\/v2\/users\/6"}],"replies":[{"embeddable":true,"href":"https:\/\/www.modula.eu\/es\/wp-json\/wp\/v2\/comments?post=71679"}],"version-history":[{"count":0,"href":"https:\/\/www.modula.eu\/es\/wp-json\/wp\/v2\/posts\/71679\/revisions"}],"wp:featuredmedia":[{"embeddable":true,"href":"https:\/\/www.modula.eu\/es\/wp-json\/wp\/v2\/media\/71681"}],"wp:attachment":[{"href":"https:\/\/www.modula.eu\/es\/wp-json\/wp\/v2\/media?parent=71679"}],"wp:term":[{"taxonomy":"category","embeddable":true,"href":"https:\/\/www.modula.eu\/es\/wp-json\/wp\/v2\/categories?post=71679"},{"taxonomy":"post_tag","embeddable":true,"href":"https:\/\/www.modula.eu\/es\/wp-json\/wp\/v2\/tags?post=71679"}],"curies":[{"name":"wp","href":"https:\/\/api.w.org\/{rel}","templated":true}]}}