{"id":7447,"date":"2021-06-30T09:15:45","date_gmt":"2021-06-30T07:15:45","guid":{"rendered":"https:\/\/www.modula.eu\/sin-categorizar\/magazzino-robotizzato-le-integrazioni-di-sistemi-robot-nel-magazzino-automatico-modula\/"},"modified":"2026-01-21T15:57:55","modified_gmt":"2026-01-21T14:57:55","slug":"almacen-robotizado-las-integraciones-de-sistemas-robotizados-en-el-almacen-automatico-modula","status":"publish","type":"post","link":"https:\/\/www.modula.eu\/es\/blog\/almacen-robotizado-las-integraciones-de-sistemas-robotizados-en-el-almacen-automatico-modula\/","title":{"rendered":"Almac\u00e9n robotizado: las integraciones de sistemas robotizados en el almac\u00e9n autom\u00e1tico Modula"},"content":{"rendered":"","protected":false},"excerpt":{"rendered":"","protected":false},"author":1,"featured_media":5521,"comment_status":"open","ping_status":"open","sticky":false,"template":"","format":"standard","meta":{"_acf_changed":false,"inline_featured_image":false,"footnotes":""},"categories":[53],"tags":[],"class_list":["post-7447","post","type-post","status-publish","format-standard","has-post-thumbnail","hentry","category-aplicaciones"],"acf":[],"yoast_head":"<!-- This site is optimized with the Yoast SEO plugin v27.4 - https:\/\/yoast.com\/product\/yoast-seo-wordpress\/ -->\n<title>Almac\u00e9n robotizado: las integraciones de sistemas robotizados en el almac\u00e9n autom\u00e1tico Modula | Modula<\/title>\n<meta name=\"description\" content=\"En la era de la Industria 4.0, el almac\u00e9n automatizado robotizado est\u00e1 demostrando ser una soluci\u00f3n eficaz, capaz de garantizar un alto rendimiento en la log\u00edstica de almac\u00e9n. Pero, \u00bfa qu\u00e9 nos referimos cuando hablamos de un almac\u00e9n robotizado?\" \/>\n<meta name=\"robots\" content=\"index, follow, max-snippet:-1, max-image-preview:large, max-video-preview:-1\" \/>\n<link rel=\"canonical\" href=\"https:\/\/www.modula.eu\/es\/blog\/almacen-robotizado-las-integraciones-de-sistemas-robotizados-en-el-almacen-automatico-modula\/\" \/>\n<meta property=\"og:locale\" content=\"es_ES\" \/>\n<meta property=\"og:type\" content=\"article\" \/>\n<meta property=\"og:title\" content=\"Almac\u00e9n robotizado: las integraciones de sistemas robotizados en el almac\u00e9n autom\u00e1tico Modula | Modula\" \/>\n<meta property=\"og:description\" content=\"En la era de la Industria 4.0, el almac\u00e9n automatizado robotizado est\u00e1 demostrando ser una soluci\u00f3n eficaz, capaz de garantizar un alto rendimiento en la log\u00edstica de almac\u00e9n. Pero, \u00bfa qu\u00e9 nos referimos cuando hablamos de un almac\u00e9n robotizado?\" \/>\n<meta property=\"og:url\" content=\"https:\/\/www.modula.eu\/es\/blog\/almacen-robotizado-las-integraciones-de-sistemas-robotizados-en-el-almacen-automatico-modula\/\" \/>\n<meta property=\"og:site_name\" content=\"Modula\" \/>\n<meta property=\"article:published_time\" content=\"2021-06-30T07:15:45+00:00\" \/>\n<meta property=\"article:modified_time\" content=\"2026-01-21T14:57:55+00:00\" \/>\n<meta property=\"og:image\" content=\"https:\/\/www.modula.eu\/wp-content\/uploads\/2022\/06\/CCC_1045-1200x800-1.jpeg\" \/>\n\t<meta property=\"og:image:width\" content=\"1200\" \/>\n\t<meta property=\"og:image:height\" content=\"800\" \/>\n\t<meta property=\"og:image:type\" content=\"image\/jpeg\" \/>\n<meta name=\"author\" content=\"bznadmin\" \/>\n<meta name=\"twitter:card\" content=\"summary_large_image\" \/>\n<meta name=\"twitter:label1\" content=\"Escrito por\" \/>\n\t<meta name=\"twitter:data1\" content=\"bznadmin\" \/>\n<script type=\"application\/ld+json\" class=\"yoast-schema-graph\">{\"@context\":\"https:\\\/\\\/schema.org\",\"@graph\":[{\"@type\":\"Article\",\"@id\":\"https:\\\/\\\/www.modula.eu\\\/es\\\/blog\\\/almacen-robotizado-las-integraciones-de-sistemas-robotizados-en-el-almacen-automatico-modula\\\/#article\",\"isPartOf\":{\"@id\":\"https:\\\/\\\/www.modula.eu\\\/es\\\/blog\\\/almacen-robotizado-las-integraciones-de-sistemas-robotizados-en-el-almacen-automatico-modula\\\/\"},\"author\":{\"name\":\"bznadmin\",\"@id\":\"https:\\\/\\\/www.modula.eu\\\/es\\\/#\\\/schema\\\/person\\\/7c5b83a68cf511134b5990861dad5936\"},\"headline\":\"Almac\u00e9n robotizado: las integraciones de sistemas robotizados en el almac\u00e9n autom\u00e1tico Modula\",\"datePublished\":\"2021-06-30T07:15:45+00:00\",\"dateModified\":\"2026-01-21T14:57:55+00:00\",\"mainEntityOfPage\":{\"@id\":\"https:\\\/\\\/www.modula.eu\\\/es\\\/blog\\\/almacen-robotizado-las-integraciones-de-sistemas-robotizados-en-el-almacen-automatico-modula\\\/\"},\"wordCount\":15,\"commentCount\":0,\"publisher\":{\"@id\":\"https:\\\/\\\/www.modula.eu\\\/es\\\/#organization\"},\"image\":{\"@id\":\"https:\\\/\\\/www.modula.eu\\\/es\\\/blog\\\/almacen-robotizado-las-integraciones-de-sistemas-robotizados-en-el-almacen-automatico-modula\\\/#primaryimage\"},\"thumbnailUrl\":\"https:\\\/\\\/www.modula.eu\\\/wp-content\\\/uploads\\\/2022\\\/06\\\/CCC_1045-1200x800-1.jpeg\",\"articleSection\":[\"Aplicaciones\"],\"inLanguage\":\"es\",\"potentialAction\":[{\"@type\":\"CommentAction\",\"name\":\"Comment\",\"target\":[\"https:\\\/\\\/www.modula.eu\\\/es\\\/blog\\\/almacen-robotizado-las-integraciones-de-sistemas-robotizados-en-el-almacen-automatico-modula\\\/#respond\"]}]},{\"@type\":\"WebPage\",\"@id\":\"https:\\\/\\\/www.modula.eu\\\/es\\\/blog\\\/almacen-robotizado-las-integraciones-de-sistemas-robotizados-en-el-almacen-automatico-modula\\\/\",\"url\":\"https:\\\/\\\/www.modula.eu\\\/es\\\/blog\\\/almacen-robotizado-las-integraciones-de-sistemas-robotizados-en-el-almacen-automatico-modula\\\/\",\"name\":\"Almac\u00e9n robotizado: las integraciones de sistemas robotizados en el almac\u00e9n autom\u00e1tico Modula | Modula\",\"isPartOf\":{\"@id\":\"https:\\\/\\\/www.modula.eu\\\/es\\\/#website\"},\"primaryImageOfPage\":{\"@id\":\"https:\\\/\\\/www.modula.eu\\\/es\\\/blog\\\/almacen-robotizado-las-integraciones-de-sistemas-robotizados-en-el-almacen-automatico-modula\\\/#primaryimage\"},\"image\":{\"@id\":\"https:\\\/\\\/www.modula.eu\\\/es\\\/blog\\\/almacen-robotizado-las-integraciones-de-sistemas-robotizados-en-el-almacen-automatico-modula\\\/#primaryimage\"},\"thumbnailUrl\":\"https:\\\/\\\/www.modula.eu\\\/wp-content\\\/uploads\\\/2022\\\/06\\\/CCC_1045-1200x800-1.jpeg\",\"datePublished\":\"2021-06-30T07:15:45+00:00\",\"dateModified\":\"2026-01-21T14:57:55+00:00\",\"description\":\"En la era de la Industria 4.0, el almac\u00e9n automatizado robotizado est\u00e1 demostrando ser una soluci\u00f3n eficaz, capaz de garantizar un alto rendimiento en la log\u00edstica de almac\u00e9n. Pero, \u00bfa qu\u00e9 nos referimos cuando hablamos de un almac\u00e9n robotizado?\",\"breadcrumb\":{\"@id\":\"https:\\\/\\\/www.modula.eu\\\/es\\\/blog\\\/almacen-robotizado-las-integraciones-de-sistemas-robotizados-en-el-almacen-automatico-modula\\\/#breadcrumb\"},\"inLanguage\":\"es\",\"potentialAction\":[{\"@type\":\"ReadAction\",\"target\":[\"https:\\\/\\\/www.modula.eu\\\/es\\\/blog\\\/almacen-robotizado-las-integraciones-de-sistemas-robotizados-en-el-almacen-automatico-modula\\\/\"]}]},{\"@type\":\"ImageObject\",\"inLanguage\":\"es\",\"@id\":\"https:\\\/\\\/www.modula.eu\\\/es\\\/blog\\\/almacen-robotizado-las-integraciones-de-sistemas-robotizados-en-el-almacen-automatico-modula\\\/#primaryimage\",\"url\":\"https:\\\/\\\/www.modula.eu\\\/wp-content\\\/uploads\\\/2022\\\/06\\\/CCC_1045-1200x800-1.jpeg\",\"contentUrl\":\"https:\\\/\\\/www.modula.eu\\\/wp-content\\\/uploads\\\/2022\\\/06\\\/CCC_1045-1200x800-1.jpeg\",\"width\":1200,\"height\":800},{\"@type\":\"BreadcrumbList\",\"@id\":\"https:\\\/\\\/www.modula.eu\\\/es\\\/blog\\\/almacen-robotizado-las-integraciones-de-sistemas-robotizados-en-el-almacen-automatico-modula\\\/#breadcrumb\",\"itemListElement\":[{\"@type\":\"ListItem\",\"position\":1,\"name\":\"Home\",\"item\":\"https:\\\/\\\/www.modula.eu\\\/es\\\/\"},{\"@type\":\"ListItem\",\"position\":2,\"name\":\"Aplicaciones\",\"item\":\"https:\\\/\\\/www.modula.eu\\\/es\\\/blog\\\/aplicaciones\\\/\"},{\"@type\":\"ListItem\",\"position\":3,\"name\":\"Almac\u00e9n robotizado: las integraciones de sistemas robotizados en el almac\u00e9n autom\u00e1tico Modula\"}]},{\"@type\":\"WebSite\",\"@id\":\"https:\\\/\\\/www.modula.eu\\\/es\\\/#website\",\"url\":\"https:\\\/\\\/www.modula.eu\\\/es\\\/\",\"name\":\"Modula\",\"description\":\"Think Vertical\",\"publisher\":{\"@id\":\"https:\\\/\\\/www.modula.eu\\\/es\\\/#organization\"},\"potentialAction\":[{\"@type\":\"SearchAction\",\"target\":{\"@type\":\"EntryPoint\",\"urlTemplate\":\"https:\\\/\\\/www.modula.eu\\\/es\\\/?s={search_term_string}\"},\"query-input\":{\"@type\":\"PropertyValueSpecification\",\"valueRequired\":true,\"valueName\":\"search_term_string\"}}],\"inLanguage\":\"es\"},{\"@type\":\"Organization\",\"@id\":\"https:\\\/\\\/www.modula.eu\\\/es\\\/#organization\",\"name\":\"Modula\",\"url\":\"https:\\\/\\\/www.modula.eu\\\/es\\\/\",\"logo\":{\"@type\":\"ImageObject\",\"inLanguage\":\"es\",\"@id\":\"https:\\\/\\\/www.modula.eu\\\/es\\\/#\\\/schema\\\/logo\\\/image\\\/\",\"url\":\"https:\\\/\\\/www.modula.eu\\\/wp-content\\\/uploads\\\/2022\\\/12\\\/Modula-logo.jpg\",\"contentUrl\":\"https:\\\/\\\/www.modula.eu\\\/wp-content\\\/uploads\\\/2022\\\/12\\\/Modula-logo.jpg\",\"width\":759,\"height\":512,\"caption\":\"Modula\"},\"image\":{\"@id\":\"https:\\\/\\\/www.modula.eu\\\/es\\\/#\\\/schema\\\/logo\\\/image\\\/\"}},{\"@type\":\"Person\",\"@id\":\"https:\\\/\\\/www.modula.eu\\\/es\\\/#\\\/schema\\\/person\\\/7c5b83a68cf511134b5990861dad5936\",\"name\":\"bznadmin\",\"sameAs\":[\"https:\\\/\\\/www.modula.eu\"]}]}<\/script>\n<!-- \/ Yoast SEO plugin. -->","yoast_head_json":{"title":"Almac\u00e9n robotizado: las integraciones de sistemas robotizados en el almac\u00e9n autom\u00e1tico Modula | Modula","description":"En la era de la Industria 4.0, el almac\u00e9n automatizado robotizado est\u00e1 demostrando ser una soluci\u00f3n eficaz, capaz de garantizar un alto rendimiento en la log\u00edstica de almac\u00e9n. Pero, \u00bfa qu\u00e9 nos referimos cuando hablamos de un almac\u00e9n robotizado?","robots":{"index":"index","follow":"follow","max-snippet":"max-snippet:-1","max-image-preview":"max-image-preview:large","max-video-preview":"max-video-preview:-1"},"canonical":"https:\/\/www.modula.eu\/es\/blog\/almacen-robotizado-las-integraciones-de-sistemas-robotizados-en-el-almacen-automatico-modula\/","og_locale":"es_ES","og_type":"article","og_title":"Almac\u00e9n robotizado: las integraciones de sistemas robotizados en el almac\u00e9n autom\u00e1tico Modula | Modula","og_description":"En la era de la Industria 4.0, el almac\u00e9n automatizado robotizado est\u00e1 demostrando ser una soluci\u00f3n eficaz, capaz de garantizar un alto rendimiento en la log\u00edstica de almac\u00e9n. Pero, \u00bfa qu\u00e9 nos referimos cuando hablamos de un almac\u00e9n robotizado?","og_url":"https:\/\/www.modula.eu\/es\/blog\/almacen-robotizado-las-integraciones-de-sistemas-robotizados-en-el-almacen-automatico-modula\/","og_site_name":"Modula","article_published_time":"2021-06-30T07:15:45+00:00","article_modified_time":"2026-01-21T14:57:55+00:00","og_image":[{"width":1200,"height":800,"url":"https:\/\/www.modula.eu\/wp-content\/uploads\/2022\/06\/CCC_1045-1200x800-1.jpeg","type":"image\/jpeg"}],"author":"bznadmin","twitter_card":"summary_large_image","twitter_misc":{"Escrito por":"bznadmin"},"schema":{"@context":"https:\/\/schema.org","@graph":[{"@type":"Article","@id":"https:\/\/www.modula.eu\/es\/blog\/almacen-robotizado-las-integraciones-de-sistemas-robotizados-en-el-almacen-automatico-modula\/#article","isPartOf":{"@id":"https:\/\/www.modula.eu\/es\/blog\/almacen-robotizado-las-integraciones-de-sistemas-robotizados-en-el-almacen-automatico-modula\/"},"author":{"name":"bznadmin","@id":"https:\/\/www.modula.eu\/es\/#\/schema\/person\/7c5b83a68cf511134b5990861dad5936"},"headline":"Almac\u00e9n robotizado: las integraciones de sistemas robotizados en el almac\u00e9n autom\u00e1tico Modula","datePublished":"2021-06-30T07:15:45+00:00","dateModified":"2026-01-21T14:57:55+00:00","mainEntityOfPage":{"@id":"https:\/\/www.modula.eu\/es\/blog\/almacen-robotizado-las-integraciones-de-sistemas-robotizados-en-el-almacen-automatico-modula\/"},"wordCount":15,"commentCount":0,"publisher":{"@id":"https:\/\/www.modula.eu\/es\/#organization"},"image":{"@id":"https:\/\/www.modula.eu\/es\/blog\/almacen-robotizado-las-integraciones-de-sistemas-robotizados-en-el-almacen-automatico-modula\/#primaryimage"},"thumbnailUrl":"https:\/\/www.modula.eu\/wp-content\/uploads\/2022\/06\/CCC_1045-1200x800-1.jpeg","articleSection":["Aplicaciones"],"inLanguage":"es","potentialAction":[{"@type":"CommentAction","name":"Comment","target":["https:\/\/www.modula.eu\/es\/blog\/almacen-robotizado-las-integraciones-de-sistemas-robotizados-en-el-almacen-automatico-modula\/#respond"]}]},{"@type":"WebPage","@id":"https:\/\/www.modula.eu\/es\/blog\/almacen-robotizado-las-integraciones-de-sistemas-robotizados-en-el-almacen-automatico-modula\/","url":"https:\/\/www.modula.eu\/es\/blog\/almacen-robotizado-las-integraciones-de-sistemas-robotizados-en-el-almacen-automatico-modula\/","name":"Almac\u00e9n robotizado: las integraciones de sistemas robotizados en el almac\u00e9n autom\u00e1tico Modula | Modula","isPartOf":{"@id":"https:\/\/www.modula.eu\/es\/#website"},"primaryImageOfPage":{"@id":"https:\/\/www.modula.eu\/es\/blog\/almacen-robotizado-las-integraciones-de-sistemas-robotizados-en-el-almacen-automatico-modula\/#primaryimage"},"image":{"@id":"https:\/\/www.modula.eu\/es\/blog\/almacen-robotizado-las-integraciones-de-sistemas-robotizados-en-el-almacen-automatico-modula\/#primaryimage"},"thumbnailUrl":"https:\/\/www.modula.eu\/wp-content\/uploads\/2022\/06\/CCC_1045-1200x800-1.jpeg","datePublished":"2021-06-30T07:15:45+00:00","dateModified":"2026-01-21T14:57:55+00:00","description":"En la era de la Industria 4.0, el almac\u00e9n automatizado robotizado est\u00e1 demostrando ser una soluci\u00f3n eficaz, capaz de garantizar un alto rendimiento en la log\u00edstica de almac\u00e9n. Pero, \u00bfa qu\u00e9 nos referimos cuando hablamos de un almac\u00e9n robotizado?","breadcrumb":{"@id":"https:\/\/www.modula.eu\/es\/blog\/almacen-robotizado-las-integraciones-de-sistemas-robotizados-en-el-almacen-automatico-modula\/#breadcrumb"},"inLanguage":"es","potentialAction":[{"@type":"ReadAction","target":["https:\/\/www.modula.eu\/es\/blog\/almacen-robotizado-las-integraciones-de-sistemas-robotizados-en-el-almacen-automatico-modula\/"]}]},{"@type":"ImageObject","inLanguage":"es","@id":"https:\/\/www.modula.eu\/es\/blog\/almacen-robotizado-las-integraciones-de-sistemas-robotizados-en-el-almacen-automatico-modula\/#primaryimage","url":"https:\/\/www.modula.eu\/wp-content\/uploads\/2022\/06\/CCC_1045-1200x800-1.jpeg","contentUrl":"https:\/\/www.modula.eu\/wp-content\/uploads\/2022\/06\/CCC_1045-1200x800-1.jpeg","width":1200,"height":800},{"@type":"BreadcrumbList","@id":"https:\/\/www.modula.eu\/es\/blog\/almacen-robotizado-las-integraciones-de-sistemas-robotizados-en-el-almacen-automatico-modula\/#breadcrumb","itemListElement":[{"@type":"ListItem","position":1,"name":"Home","item":"https:\/\/www.modula.eu\/es\/"},{"@type":"ListItem","position":2,"name":"Aplicaciones","item":"https:\/\/www.modula.eu\/es\/blog\/aplicaciones\/"},{"@type":"ListItem","position":3,"name":"Almac\u00e9n robotizado: las integraciones de sistemas robotizados en el almac\u00e9n autom\u00e1tico Modula"}]},{"@type":"WebSite","@id":"https:\/\/www.modula.eu\/es\/#website","url":"https:\/\/www.modula.eu\/es\/","name":"Modula","description":"Think Vertical","publisher":{"@id":"https:\/\/www.modula.eu\/es\/#organization"},"potentialAction":[{"@type":"SearchAction","target":{"@type":"EntryPoint","urlTemplate":"https:\/\/www.modula.eu\/es\/?s={search_term_string}"},"query-input":{"@type":"PropertyValueSpecification","valueRequired":true,"valueName":"search_term_string"}}],"inLanguage":"es"},{"@type":"Organization","@id":"https:\/\/www.modula.eu\/es\/#organization","name":"Modula","url":"https:\/\/www.modula.eu\/es\/","logo":{"@type":"ImageObject","inLanguage":"es","@id":"https:\/\/www.modula.eu\/es\/#\/schema\/logo\/image\/","url":"https:\/\/www.modula.eu\/wp-content\/uploads\/2022\/12\/Modula-logo.jpg","contentUrl":"https:\/\/www.modula.eu\/wp-content\/uploads\/2022\/12\/Modula-logo.jpg","width":759,"height":512,"caption":"Modula"},"image":{"@id":"https:\/\/www.modula.eu\/es\/#\/schema\/logo\/image\/"}},{"@type":"Person","@id":"https:\/\/www.modula.eu\/es\/#\/schema\/person\/7c5b83a68cf511134b5990861dad5936","name":"bznadmin","sameAs":["https:\/\/www.modula.eu"]}]}},"_links":{"self":[{"href":"https:\/\/www.modula.eu\/es\/wp-json\/wp\/v2\/posts\/7447","targetHints":{"allow":["GET"]}}],"collection":[{"href":"https:\/\/www.modula.eu\/es\/wp-json\/wp\/v2\/posts"}],"about":[{"href":"https:\/\/www.modula.eu\/es\/wp-json\/wp\/v2\/types\/post"}],"author":[{"embeddable":true,"href":"https:\/\/www.modula.eu\/es\/wp-json\/wp\/v2\/users\/1"}],"replies":[{"embeddable":true,"href":"https:\/\/www.modula.eu\/es\/wp-json\/wp\/v2\/comments?post=7447"}],"version-history":[{"count":1,"href":"https:\/\/www.modula.eu\/es\/wp-json\/wp\/v2\/posts\/7447\/revisions"}],"predecessor-version":[{"id":71981,"href":"https:\/\/www.modula.eu\/es\/wp-json\/wp\/v2\/posts\/7447\/revisions\/71981"}],"wp:featuredmedia":[{"embeddable":true,"href":"https:\/\/www.modula.eu\/es\/wp-json\/wp\/v2\/media\/5521"}],"wp:attachment":[{"href":"https:\/\/www.modula.eu\/es\/wp-json\/wp\/v2\/media?parent=7447"}],"wp:term":[{"taxonomy":"category","embeddable":true,"href":"https:\/\/www.modula.eu\/es\/wp-json\/wp\/v2\/categories?post=7447"},{"taxonomy":"post_tag","embeddable":true,"href":"https:\/\/www.modula.eu\/es\/wp-json\/wp\/v2\/tags?post=7447"}],"curies":[{"name":"wp","href":"https:\/\/api.w.org\/{rel}","templated":true}]}}