{"id":7486,"date":"2020-08-18T08:39:31","date_gmt":"2020-08-18T06:39:31","guid":{"rendered":"https:\/\/www.modula.eu\/sin-categorizar\/come-fare-linventario-con-i-magazzini-automatici-verticali-modula\/"},"modified":"2025-03-13T16:23:00","modified_gmt":"2025-03-13T15:23:00","slug":"como-hacer-el-inventario-con-los-almacenes-automaticos-verticales-modula","status":"publish","type":"post","link":"https:\/\/www.modula.eu\/es\/blog\/como-hacer-el-inventario-con-los-almacenes-automaticos-verticales-modula\/","title":{"rendered":"\u00bfC\u00f3mo hacer el inventario con los almacenes autom\u00e1ticos verticales Modula?"},"content":{"rendered":"","protected":false},"excerpt":{"rendered":"","protected":false},"author":1,"featured_media":5514,"comment_status":"open","ping_status":"closed","sticky":false,"template":"","format":"standard","meta":{"_acf_changed":false,"inline_featured_image":false,"footnotes":""},"categories":[53],"tags":[],"class_list":["post-7486","post","type-post","status-publish","format-standard","has-post-thumbnail","hentry","category-aplicaciones"],"acf":[],"yoast_head":"<!-- This site is optimized with the Yoast SEO plugin v28.3 - https:\/\/yoast.com\/product\/yoast-seo-wordpress\/ -->\n<title>\u00bfC\u00f3mo hacer el inventario con los almacenes autom\u00e1ticos verticales Modula? | Modula<\/title>\n<meta name=\"description\" content=\"La idea de tener que utilizar l\u00e1piz y papel para marcar el recuento de art\u00edculos, subir y bajar escaleras para llegar a las estanter\u00edas m\u00e1s altas, pero sobre todo la perspectiva de tener que implicar a toda la empresa, durante al menos una semana, en los procesos de inventario, puede superarse mediante la colaboraci\u00f3n con los almacenes autom\u00e1ticos verticales Modula si est\u00e1n equipados con el software de gesti\u00f3n de almacenes Modula WMS.\" \/>\n<meta name=\"robots\" content=\"index, follow, max-snippet:-1, max-image-preview:large, max-video-preview:-1\" \/>\n<link rel=\"canonical\" href=\"https:\/\/www.modula.eu\/es\/blog\/como-hacer-el-inventario-con-los-almacenes-automaticos-verticales-modula\/\" \/>\n<meta property=\"og:locale\" content=\"es_ES\" \/>\n<meta property=\"og:type\" content=\"article\" \/>\n<meta property=\"og:title\" content=\"\u00bfC\u00f3mo hacer el inventario con los almacenes autom\u00e1ticos verticales Modula? | Modula\" \/>\n<meta property=\"og:description\" content=\"La idea de tener que utilizar l\u00e1piz y papel para marcar el recuento de art\u00edculos, subir y bajar escaleras para llegar a las estanter\u00edas m\u00e1s altas, pero sobre todo la perspectiva de tener que implicar a toda la empresa, durante al menos una semana, en los procesos de inventario, puede superarse mediante la colaboraci\u00f3n con los almacenes autom\u00e1ticos verticales Modula si est\u00e1n equipados con el software de gesti\u00f3n de almacenes Modula WMS.\" \/>\n<meta property=\"og:url\" content=\"https:\/\/www.modula.eu\/es\/blog\/como-hacer-el-inventario-con-los-almacenes-automaticos-verticales-modula\/\" \/>\n<meta property=\"og:site_name\" content=\"Modula\" \/>\n<meta property=\"article:published_time\" content=\"2020-08-18T06:39:31+00:00\" \/>\n<meta property=\"article:modified_time\" content=\"2025-03-13T15:23:00+00:00\" \/>\n<meta property=\"og:image\" content=\"https:\/\/www.modula.eu\/wp-content\/uploads\/2022\/06\/i-magazzini-verticali-modula-per-ottimizzare-la-lo.jpeg\" \/>\n\t<meta property=\"og:image:width\" content=\"850\" \/>\n\t<meta property=\"og:image:height\" content=\"450\" \/>\n\t<meta property=\"og:image:type\" content=\"image\/jpeg\" \/>\n<meta name=\"author\" content=\"bznadmin\" \/>\n<meta name=\"twitter:card\" content=\"summary_large_image\" \/>\n<meta name=\"twitter:label1\" content=\"Escrito por\" \/>\n\t<meta name=\"twitter:data1\" content=\"bznadmin\" \/>\n<script type=\"application\/ld+json\" class=\"yoast-schema-graph\">{\"@context\":\"https:\\\/\\\/schema.org\",\"@graph\":[{\"@type\":\"BlogPosting\",\"@id\":\"https:\\\/\\\/www.modula.eu\\\/es\\\/blog\\\/como-hacer-el-inventario-con-los-almacenes-automaticos-verticales-modula\\\/#article\",\"isPartOf\":{\"@id\":\"https:\\\/\\\/www.modula.eu\\\/es\\\/blog\\\/como-hacer-el-inventario-con-los-almacenes-automaticos-verticales-modula\\\/\"},\"author\":{\"name\":\"bznadmin\",\"@id\":\"https:\\\/\\\/www.modula.eu\\\/es\\\/#\\\/schema\\\/person\\\/7c5b83a68cf511134b5990861dad5936\"},\"headline\":\"\u00bfC\u00f3mo hacer el inventario con los almacenes autom\u00e1ticos verticales Modula?\",\"datePublished\":\"2020-08-18T06:39:31+00:00\",\"dateModified\":\"2025-03-13T15:23:00+00:00\",\"mainEntityOfPage\":{\"@id\":\"https:\\\/\\\/www.modula.eu\\\/es\\\/blog\\\/como-hacer-el-inventario-con-los-almacenes-automaticos-verticales-modula\\\/\"},\"wordCount\":12,\"commentCount\":0,\"publisher\":{\"@id\":\"https:\\\/\\\/www.modula.eu\\\/es\\\/#organization\"},\"image\":{\"@id\":\"https:\\\/\\\/www.modula.eu\\\/es\\\/blog\\\/como-hacer-el-inventario-con-los-almacenes-automaticos-verticales-modula\\\/#primaryimage\"},\"thumbnailUrl\":\"https:\\\/\\\/www.modula.eu\\\/wp-content\\\/uploads\\\/2022\\\/06\\\/i-magazzini-verticali-modula-per-ottimizzare-la-lo.jpeg\",\"articleSection\":[\"Aplicaciones\"],\"inLanguage\":\"es\",\"potentialAction\":[{\"@type\":\"CommentAction\",\"name\":\"Comment\",\"target\":[\"https:\\\/\\\/www.modula.eu\\\/es\\\/blog\\\/como-hacer-el-inventario-con-los-almacenes-automaticos-verticales-modula\\\/#respond\"]}]},{\"@type\":\"WebPage\",\"@id\":\"https:\\\/\\\/www.modula.eu\\\/es\\\/blog\\\/como-hacer-el-inventario-con-los-almacenes-automaticos-verticales-modula\\\/\",\"url\":\"https:\\\/\\\/www.modula.eu\\\/es\\\/blog\\\/como-hacer-el-inventario-con-los-almacenes-automaticos-verticales-modula\\\/\",\"name\":\"\u00bfC\u00f3mo hacer el inventario con los almacenes autom\u00e1ticos verticales Modula? | Modula\",\"isPartOf\":{\"@id\":\"https:\\\/\\\/www.modula.eu\\\/es\\\/#website\"},\"primaryImageOfPage\":{\"@id\":\"https:\\\/\\\/www.modula.eu\\\/es\\\/blog\\\/como-hacer-el-inventario-con-los-almacenes-automaticos-verticales-modula\\\/#primaryimage\"},\"image\":{\"@id\":\"https:\\\/\\\/www.modula.eu\\\/es\\\/blog\\\/como-hacer-el-inventario-con-los-almacenes-automaticos-verticales-modula\\\/#primaryimage\"},\"thumbnailUrl\":\"https:\\\/\\\/www.modula.eu\\\/wp-content\\\/uploads\\\/2022\\\/06\\\/i-magazzini-verticali-modula-per-ottimizzare-la-lo.jpeg\",\"datePublished\":\"2020-08-18T06:39:31+00:00\",\"dateModified\":\"2025-03-13T15:23:00+00:00\",\"description\":\"La idea de tener que utilizar l\u00e1piz y papel para marcar el recuento de art\u00edculos, subir y bajar escaleras para llegar a las estanter\u00edas m\u00e1s altas, pero sobre todo la perspectiva de tener que implicar a toda la empresa, durante al menos una semana, en los procesos de inventario, puede superarse mediante la colaboraci\u00f3n con los almacenes autom\u00e1ticos verticales Modula si est\u00e1n equipados con el software de gesti\u00f3n de almacenes Modula WMS.\",\"breadcrumb\":{\"@id\":\"https:\\\/\\\/www.modula.eu\\\/es\\\/blog\\\/como-hacer-el-inventario-con-los-almacenes-automaticos-verticales-modula\\\/#breadcrumb\"},\"inLanguage\":\"es\",\"potentialAction\":[{\"@type\":\"ReadAction\",\"target\":[\"https:\\\/\\\/www.modula.eu\\\/es\\\/blog\\\/como-hacer-el-inventario-con-los-almacenes-automaticos-verticales-modula\\\/\"]}]},{\"@type\":\"ImageObject\",\"inLanguage\":\"es\",\"@id\":\"https:\\\/\\\/www.modula.eu\\\/es\\\/blog\\\/como-hacer-el-inventario-con-los-almacenes-automaticos-verticales-modula\\\/#primaryimage\",\"url\":\"https:\\\/\\\/www.modula.eu\\\/wp-content\\\/uploads\\\/2022\\\/06\\\/i-magazzini-verticali-modula-per-ottimizzare-la-lo.jpeg\",\"contentUrl\":\"https:\\\/\\\/www.modula.eu\\\/wp-content\\\/uploads\\\/2022\\\/06\\\/i-magazzini-verticali-modula-per-ottimizzare-la-lo.jpeg\",\"width\":850,\"height\":450},{\"@type\":\"BreadcrumbList\",\"@id\":\"https:\\\/\\\/www.modula.eu\\\/es\\\/blog\\\/como-hacer-el-inventario-con-los-almacenes-automaticos-verticales-modula\\\/#breadcrumb\",\"itemListElement\":[{\"@type\":\"ListItem\",\"position\":1,\"name\":\"Home\",\"item\":\"https:\\\/\\\/www.modula.eu\\\/es\\\/\"},{\"@type\":\"ListItem\",\"position\":2,\"name\":\"Aplicaciones\",\"item\":\"https:\\\/\\\/www.modula.eu\\\/es\\\/blog\\\/aplicaciones\\\/\"},{\"@type\":\"ListItem\",\"position\":3,\"name\":\"\u00bfC\u00f3mo hacer el inventario con los almacenes autom\u00e1ticos verticales Modula?\"}]},{\"@type\":\"WebSite\",\"@id\":\"https:\\\/\\\/www.modula.eu\\\/es\\\/#website\",\"url\":\"https:\\\/\\\/www.modula.eu\\\/es\\\/\",\"name\":\"Modula S.p.A.\",\"description\":\"Think Vertical\",\"publisher\":{\"@id\":\"https:\\\/\\\/www.modula.eu\\\/es\\\/#organization\"},\"potentialAction\":[{\"@type\":\"SearchAction\",\"target\":{\"@type\":\"EntryPoint\",\"urlTemplate\":\"https:\\\/\\\/www.modula.eu\\\/es\\\/?s={search_term_string}\"},\"query-input\":{\"@type\":\"PropertyValueSpecification\",\"valueRequired\":true,\"valueName\":\"search_term_string\"}}],\"inLanguage\":\"es\"},{\"@type\":\"Person\",\"@id\":\"https:\\\/\\\/www.modula.eu\\\/es\\\/#\\\/schema\\\/person\\\/7c5b83a68cf511134b5990861dad5936\",\"name\":\"bznadmin\",\"sameAs\":[\"https:\\\/\\\/www.modula.eu\"]}]}<\/script>\n<!-- \/ Yoast SEO plugin. -->","yoast_head_json":{"title":"\u00bfC\u00f3mo hacer el inventario con los almacenes autom\u00e1ticos verticales Modula? | Modula","description":"La idea de tener que utilizar l\u00e1piz y papel para marcar el recuento de art\u00edculos, subir y bajar escaleras para llegar a las estanter\u00edas m\u00e1s altas, pero sobre todo la perspectiva de tener que implicar a toda la empresa, durante al menos una semana, en los procesos de inventario, puede superarse mediante la colaboraci\u00f3n con los almacenes autom\u00e1ticos verticales Modula si est\u00e1n equipados con el software de gesti\u00f3n de almacenes Modula WMS.","robots":{"index":"index","follow":"follow","max-snippet":"max-snippet:-1","max-image-preview":"max-image-preview:large","max-video-preview":"max-video-preview:-1"},"canonical":"https:\/\/www.modula.eu\/es\/blog\/como-hacer-el-inventario-con-los-almacenes-automaticos-verticales-modula\/","og_locale":"es_ES","og_type":"article","og_title":"\u00bfC\u00f3mo hacer el inventario con los almacenes autom\u00e1ticos verticales Modula? | Modula","og_description":"La idea de tener que utilizar l\u00e1piz y papel para marcar el recuento de art\u00edculos, subir y bajar escaleras para llegar a las estanter\u00edas m\u00e1s altas, pero sobre todo la perspectiva de tener que implicar a toda la empresa, durante al menos una semana, en los procesos de inventario, puede superarse mediante la colaboraci\u00f3n con los almacenes autom\u00e1ticos verticales Modula si est\u00e1n equipados con el software de gesti\u00f3n de almacenes Modula WMS.","og_url":"https:\/\/www.modula.eu\/es\/blog\/como-hacer-el-inventario-con-los-almacenes-automaticos-verticales-modula\/","og_site_name":"Modula","article_published_time":"2020-08-18T06:39:31+00:00","article_modified_time":"2025-03-13T15:23:00+00:00","og_image":[{"width":850,"height":450,"url":"https:\/\/www.modula.eu\/wp-content\/uploads\/2022\/06\/i-magazzini-verticali-modula-per-ottimizzare-la-lo.jpeg","type":"image\/jpeg"}],"author":"bznadmin","twitter_card":"summary_large_image","twitter_misc":{"Escrito por":"bznadmin"},"schema":{"@context":"https:\/\/schema.org","@graph":[{"@type":"BlogPosting","@id":"https:\/\/www.modula.eu\/es\/blog\/como-hacer-el-inventario-con-los-almacenes-automaticos-verticales-modula\/#article","isPartOf":{"@id":"https:\/\/www.modula.eu\/es\/blog\/como-hacer-el-inventario-con-los-almacenes-automaticos-verticales-modula\/"},"author":{"name":"bznadmin","@id":"https:\/\/www.modula.eu\/es\/#\/schema\/person\/7c5b83a68cf511134b5990861dad5936"},"headline":"\u00bfC\u00f3mo hacer el inventario con los almacenes autom\u00e1ticos verticales Modula?","datePublished":"2020-08-18T06:39:31+00:00","dateModified":"2025-03-13T15:23:00+00:00","mainEntityOfPage":{"@id":"https:\/\/www.modula.eu\/es\/blog\/como-hacer-el-inventario-con-los-almacenes-automaticos-verticales-modula\/"},"wordCount":12,"commentCount":0,"publisher":{"@id":"https:\/\/www.modula.eu\/es\/#organization"},"image":{"@id":"https:\/\/www.modula.eu\/es\/blog\/como-hacer-el-inventario-con-los-almacenes-automaticos-verticales-modula\/#primaryimage"},"thumbnailUrl":"https:\/\/www.modula.eu\/wp-content\/uploads\/2022\/06\/i-magazzini-verticali-modula-per-ottimizzare-la-lo.jpeg","articleSection":["Aplicaciones"],"inLanguage":"es","potentialAction":[{"@type":"CommentAction","name":"Comment","target":["https:\/\/www.modula.eu\/es\/blog\/como-hacer-el-inventario-con-los-almacenes-automaticos-verticales-modula\/#respond"]}]},{"@type":"WebPage","@id":"https:\/\/www.modula.eu\/es\/blog\/como-hacer-el-inventario-con-los-almacenes-automaticos-verticales-modula\/","url":"https:\/\/www.modula.eu\/es\/blog\/como-hacer-el-inventario-con-los-almacenes-automaticos-verticales-modula\/","name":"\u00bfC\u00f3mo hacer el inventario con los almacenes autom\u00e1ticos verticales Modula? | Modula","isPartOf":{"@id":"https:\/\/www.modula.eu\/es\/#website"},"primaryImageOfPage":{"@id":"https:\/\/www.modula.eu\/es\/blog\/como-hacer-el-inventario-con-los-almacenes-automaticos-verticales-modula\/#primaryimage"},"image":{"@id":"https:\/\/www.modula.eu\/es\/blog\/como-hacer-el-inventario-con-los-almacenes-automaticos-verticales-modula\/#primaryimage"},"thumbnailUrl":"https:\/\/www.modula.eu\/wp-content\/uploads\/2022\/06\/i-magazzini-verticali-modula-per-ottimizzare-la-lo.jpeg","datePublished":"2020-08-18T06:39:31+00:00","dateModified":"2025-03-13T15:23:00+00:00","description":"La idea de tener que utilizar l\u00e1piz y papel para marcar el recuento de art\u00edculos, subir y bajar escaleras para llegar a las estanter\u00edas m\u00e1s altas, pero sobre todo la perspectiva de tener que implicar a toda la empresa, durante al menos una semana, en los procesos de inventario, puede superarse mediante la colaboraci\u00f3n con los almacenes autom\u00e1ticos verticales Modula si est\u00e1n equipados con el software de gesti\u00f3n de almacenes Modula WMS.","breadcrumb":{"@id":"https:\/\/www.modula.eu\/es\/blog\/como-hacer-el-inventario-con-los-almacenes-automaticos-verticales-modula\/#breadcrumb"},"inLanguage":"es","potentialAction":[{"@type":"ReadAction","target":["https:\/\/www.modula.eu\/es\/blog\/como-hacer-el-inventario-con-los-almacenes-automaticos-verticales-modula\/"]}]},{"@type":"ImageObject","inLanguage":"es","@id":"https:\/\/www.modula.eu\/es\/blog\/como-hacer-el-inventario-con-los-almacenes-automaticos-verticales-modula\/#primaryimage","url":"https:\/\/www.modula.eu\/wp-content\/uploads\/2022\/06\/i-magazzini-verticali-modula-per-ottimizzare-la-lo.jpeg","contentUrl":"https:\/\/www.modula.eu\/wp-content\/uploads\/2022\/06\/i-magazzini-verticali-modula-per-ottimizzare-la-lo.jpeg","width":850,"height":450},{"@type":"BreadcrumbList","@id":"https:\/\/www.modula.eu\/es\/blog\/como-hacer-el-inventario-con-los-almacenes-automaticos-verticales-modula\/#breadcrumb","itemListElement":[{"@type":"ListItem","position":1,"name":"Home","item":"https:\/\/www.modula.eu\/es\/"},{"@type":"ListItem","position":2,"name":"Aplicaciones","item":"https:\/\/www.modula.eu\/es\/blog\/aplicaciones\/"},{"@type":"ListItem","position":3,"name":"\u00bfC\u00f3mo hacer el inventario con los almacenes autom\u00e1ticos verticales Modula?"}]},{"@type":"WebSite","@id":"https:\/\/www.modula.eu\/es\/#website","url":"https:\/\/www.modula.eu\/es\/","name":"Modula S.p.A.","description":"Think Vertical","publisher":{"@id":"https:\/\/www.modula.eu\/es\/#organization"},"potentialAction":[{"@type":"SearchAction","target":{"@type":"EntryPoint","urlTemplate":"https:\/\/www.modula.eu\/es\/?s={search_term_string}"},"query-input":{"@type":"PropertyValueSpecification","valueRequired":true,"valueName":"search_term_string"}}],"inLanguage":"es"},{"@type":"Person","@id":"https:\/\/www.modula.eu\/es\/#\/schema\/person\/7c5b83a68cf511134b5990861dad5936","name":"bznadmin","sameAs":["https:\/\/www.modula.eu"]}]}},"permalink_manager":null,"_links":{"self":[{"href":"https:\/\/www.modula.eu\/es\/wp-json\/wp\/v2\/posts\/7486","targetHints":{"allow":["GET"]}}],"collection":[{"href":"https:\/\/www.modula.eu\/es\/wp-json\/wp\/v2\/posts"}],"about":[{"href":"https:\/\/www.modula.eu\/es\/wp-json\/wp\/v2\/types\/post"}],"author":[{"embeddable":true,"href":"https:\/\/www.modula.eu\/es\/wp-json\/wp\/v2\/users\/1"}],"replies":[{"embeddable":true,"href":"https:\/\/www.modula.eu\/es\/wp-json\/wp\/v2\/comments?post=7486"}],"version-history":[{"count":0,"href":"https:\/\/www.modula.eu\/es\/wp-json\/wp\/v2\/posts\/7486\/revisions"}],"wp:featuredmedia":[{"embeddable":true,"href":"https:\/\/www.modula.eu\/es\/wp-json\/wp\/v2\/media\/5514"}],"wp:attachment":[{"href":"https:\/\/www.modula.eu\/es\/wp-json\/wp\/v2\/media?parent=7486"}],"wp:term":[{"taxonomy":"category","embeddable":true,"href":"https:\/\/www.modula.eu\/es\/wp-json\/wp\/v2\/categories?post=7486"},{"taxonomy":"post_tag","embeddable":true,"href":"https:\/\/www.modula.eu\/es\/wp-json\/wp\/v2\/tags?post=7486"}],"curies":[{"name":"wp","href":"https:\/\/api.w.org\/{rel}","templated":true}]}}