{"id":7489,"date":"2020-08-04T14:42:16","date_gmt":"2020-08-04T12:42:16","guid":{"rendered":"https:\/\/www.modula.eu\/sin-categorizar\/supply-chain-come-migliorarla-e-renderla-agile-e-resiliente-ai-cambiamenti\/"},"modified":"2023-04-19T10:15:19","modified_gmt":"2023-04-19T08:15:19","slug":"cadena-de-suministro-como-mejorarla-y-hacerla-flexible-y-resiliente-a-los-cambios","status":"publish","type":"post","link":"https:\/\/www.modula.eu\/es\/blog\/cadena-de-suministro-como-mejorarla-y-hacerla-flexible-y-resiliente-a-los-cambios\/","title":{"rendered":"Cadena de suministro: c\u00f3mo mejorarla y hacerla flexible y resiliente a los cambios"},"content":{"rendered":"","protected":false},"excerpt":{"rendered":"","protected":false},"author":1,"featured_media":5474,"comment_status":"open","ping_status":"closed","sticky":false,"template":"","format":"standard","meta":{"_acf_changed":false,"inline_featured_image":false,"footnotes":""},"categories":[56],"tags":[],"class_list":["post-7489","post","type-post","status-publish","format-standard","has-post-thumbnail","hentry","category-almacenes-automaticos"],"acf":[],"yoast_head":"<!-- This site is optimized with the Yoast SEO plugin v28.3 - https:\/\/yoast.com\/product\/yoast-seo-wordpress\/ -->\n<title>Cadena de suministro: c\u00f3mo mejorarla y hacerla flexible y resiliente a los cambios | Modula<\/title>\n<meta name=\"description\" content=\"Una cadena de suministro eficaz y eficiente necesita una planificaci\u00f3n minuciosa y atenta desde el principio. Al tratarse de un proceso muy complejo que incluye una gran variedad de recursos que hay que organizar, cualquier cambio puede traer consigo situaciones cr\u00edticas que comprometan el \u00e9xito de todo el proceso de la cadena de distribuci\u00f3n.\" \/>\n<meta name=\"robots\" content=\"index, follow, max-snippet:-1, max-image-preview:large, max-video-preview:-1\" \/>\n<link rel=\"canonical\" href=\"https:\/\/www.modula.eu\/es\/blog\/cadena-de-suministro-como-mejorarla-y-hacerla-flexible-y-resiliente-a-los-cambios\/\" \/>\n<meta property=\"og:locale\" content=\"es_ES\" \/>\n<meta property=\"og:type\" content=\"article\" \/>\n<meta property=\"og:title\" content=\"Cadena de suministro: c\u00f3mo mejorarla y hacerla flexible y resiliente a los cambios | Modula\" \/>\n<meta property=\"og:description\" content=\"Una cadena de suministro eficaz y eficiente necesita una planificaci\u00f3n minuciosa y atenta desde el principio. Al tratarse de un proceso muy complejo que incluye una gran variedad de recursos que hay que organizar, cualquier cambio puede traer consigo situaciones cr\u00edticas que comprometan el \u00e9xito de todo el proceso de la cadena de distribuci\u00f3n.\" \/>\n<meta property=\"og:url\" content=\"https:\/\/www.modula.eu\/es\/blog\/cadena-de-suministro-como-mejorarla-y-hacerla-flexible-y-resiliente-a-los-cambios\/\" \/>\n<meta property=\"og:site_name\" content=\"Modula\" \/>\n<meta property=\"article:published_time\" content=\"2020-08-04T12:42:16+00:00\" \/>\n<meta property=\"article:modified_time\" content=\"2023-04-19T08:15:19+00:00\" \/>\n<meta property=\"og:image\" content=\"https:\/\/www.modula.eu\/wp-content\/uploads\/2022\/06\/Logistica-resiliente841x440px-2.jpeg\" \/>\n\t<meta property=\"og:image:width\" content=\"841\" \/>\n\t<meta property=\"og:image:height\" content=\"440\" \/>\n\t<meta property=\"og:image:type\" content=\"image\/jpeg\" \/>\n<meta name=\"author\" content=\"bznadmin\" \/>\n<meta name=\"twitter:card\" content=\"summary_large_image\" \/>\n<meta name=\"twitter:label1\" content=\"Escrito por\" \/>\n\t<meta name=\"twitter:data1\" content=\"bznadmin\" \/>\n<script type=\"application\/ld+json\" class=\"yoast-schema-graph\">{\"@context\":\"https:\\\/\\\/schema.org\",\"@graph\":[{\"@type\":\"BlogPosting\",\"@id\":\"https:\\\/\\\/www.modula.eu\\\/es\\\/blog\\\/cadena-de-suministro-como-mejorarla-y-hacerla-flexible-y-resiliente-a-los-cambios\\\/#article\",\"isPartOf\":{\"@id\":\"https:\\\/\\\/www.modula.eu\\\/es\\\/blog\\\/cadena-de-suministro-como-mejorarla-y-hacerla-flexible-y-resiliente-a-los-cambios\\\/\"},\"author\":{\"name\":\"bznadmin\",\"@id\":\"https:\\\/\\\/www.modula.eu\\\/es\\\/#\\\/schema\\\/person\\\/7c5b83a68cf511134b5990861dad5936\"},\"headline\":\"Cadena de suministro: c\u00f3mo mejorarla y hacerla flexible y resiliente a los cambios\",\"datePublished\":\"2020-08-04T12:42:16+00:00\",\"dateModified\":\"2023-04-19T08:15:19+00:00\",\"mainEntityOfPage\":{\"@id\":\"https:\\\/\\\/www.modula.eu\\\/es\\\/blog\\\/cadena-de-suministro-como-mejorarla-y-hacerla-flexible-y-resiliente-a-los-cambios\\\/\"},\"wordCount\":14,\"commentCount\":0,\"publisher\":{\"@id\":\"https:\\\/\\\/www.modula.eu\\\/es\\\/#organization\"},\"image\":{\"@id\":\"https:\\\/\\\/www.modula.eu\\\/es\\\/blog\\\/cadena-de-suministro-como-mejorarla-y-hacerla-flexible-y-resiliente-a-los-cambios\\\/#primaryimage\"},\"thumbnailUrl\":\"https:\\\/\\\/www.modula.eu\\\/wp-content\\\/uploads\\\/2022\\\/06\\\/Logistica-resiliente841x440px-2.jpeg\",\"articleSection\":[\"Almacenes rotativos autom\u00e1ticos\"],\"inLanguage\":\"es\",\"potentialAction\":[{\"@type\":\"CommentAction\",\"name\":\"Comment\",\"target\":[\"https:\\\/\\\/www.modula.eu\\\/es\\\/blog\\\/cadena-de-suministro-como-mejorarla-y-hacerla-flexible-y-resiliente-a-los-cambios\\\/#respond\"]}]},{\"@type\":\"WebPage\",\"@id\":\"https:\\\/\\\/www.modula.eu\\\/es\\\/blog\\\/cadena-de-suministro-como-mejorarla-y-hacerla-flexible-y-resiliente-a-los-cambios\\\/\",\"url\":\"https:\\\/\\\/www.modula.eu\\\/es\\\/blog\\\/cadena-de-suministro-como-mejorarla-y-hacerla-flexible-y-resiliente-a-los-cambios\\\/\",\"name\":\"Cadena de suministro: c\u00f3mo mejorarla y hacerla flexible y resiliente a los cambios | Modula\",\"isPartOf\":{\"@id\":\"https:\\\/\\\/www.modula.eu\\\/es\\\/#website\"},\"primaryImageOfPage\":{\"@id\":\"https:\\\/\\\/www.modula.eu\\\/es\\\/blog\\\/cadena-de-suministro-como-mejorarla-y-hacerla-flexible-y-resiliente-a-los-cambios\\\/#primaryimage\"},\"image\":{\"@id\":\"https:\\\/\\\/www.modula.eu\\\/es\\\/blog\\\/cadena-de-suministro-como-mejorarla-y-hacerla-flexible-y-resiliente-a-los-cambios\\\/#primaryimage\"},\"thumbnailUrl\":\"https:\\\/\\\/www.modula.eu\\\/wp-content\\\/uploads\\\/2022\\\/06\\\/Logistica-resiliente841x440px-2.jpeg\",\"datePublished\":\"2020-08-04T12:42:16+00:00\",\"dateModified\":\"2023-04-19T08:15:19+00:00\",\"description\":\"Una cadena de suministro eficaz y eficiente necesita una planificaci\u00f3n minuciosa y atenta desde el principio. Al tratarse de un proceso muy complejo que incluye una gran variedad de recursos que hay que organizar, cualquier cambio puede traer consigo situaciones cr\u00edticas que comprometan el \u00e9xito de todo el proceso de la cadena de distribuci\u00f3n.\",\"breadcrumb\":{\"@id\":\"https:\\\/\\\/www.modula.eu\\\/es\\\/blog\\\/cadena-de-suministro-como-mejorarla-y-hacerla-flexible-y-resiliente-a-los-cambios\\\/#breadcrumb\"},\"inLanguage\":\"es\",\"potentialAction\":[{\"@type\":\"ReadAction\",\"target\":[\"https:\\\/\\\/www.modula.eu\\\/es\\\/blog\\\/cadena-de-suministro-como-mejorarla-y-hacerla-flexible-y-resiliente-a-los-cambios\\\/\"]}]},{\"@type\":\"ImageObject\",\"inLanguage\":\"es\",\"@id\":\"https:\\\/\\\/www.modula.eu\\\/es\\\/blog\\\/cadena-de-suministro-como-mejorarla-y-hacerla-flexible-y-resiliente-a-los-cambios\\\/#primaryimage\",\"url\":\"https:\\\/\\\/www.modula.eu\\\/wp-content\\\/uploads\\\/2022\\\/06\\\/Logistica-resiliente841x440px-2.jpeg\",\"contentUrl\":\"https:\\\/\\\/www.modula.eu\\\/wp-content\\\/uploads\\\/2022\\\/06\\\/Logistica-resiliente841x440px-2.jpeg\",\"width\":841,\"height\":440},{\"@type\":\"BreadcrumbList\",\"@id\":\"https:\\\/\\\/www.modula.eu\\\/es\\\/blog\\\/cadena-de-suministro-como-mejorarla-y-hacerla-flexible-y-resiliente-a-los-cambios\\\/#breadcrumb\",\"itemListElement\":[{\"@type\":\"ListItem\",\"position\":1,\"name\":\"Home\",\"item\":\"https:\\\/\\\/www.modula.eu\\\/es\\\/\"},{\"@type\":\"ListItem\",\"position\":2,\"name\":\"Almacenes rotativos autom\u00e1ticos\",\"item\":\"https:\\\/\\\/www.modula.eu\\\/es\\\/blog\\\/almacenes-automaticos\\\/\"},{\"@type\":\"ListItem\",\"position\":3,\"name\":\"Cadena de suministro: c\u00f3mo mejorarla y hacerla flexible y resiliente a los cambios\"}]},{\"@type\":\"WebSite\",\"@id\":\"https:\\\/\\\/www.modula.eu\\\/es\\\/#website\",\"url\":\"https:\\\/\\\/www.modula.eu\\\/es\\\/\",\"name\":\"Modula S.p.A.\",\"description\":\"Think Vertical\",\"publisher\":{\"@id\":\"https:\\\/\\\/www.modula.eu\\\/es\\\/#organization\"},\"potentialAction\":[{\"@type\":\"SearchAction\",\"target\":{\"@type\":\"EntryPoint\",\"urlTemplate\":\"https:\\\/\\\/www.modula.eu\\\/es\\\/?s={search_term_string}\"},\"query-input\":{\"@type\":\"PropertyValueSpecification\",\"valueRequired\":true,\"valueName\":\"search_term_string\"}}],\"inLanguage\":\"es\"},{\"@type\":\"Person\",\"@id\":\"https:\\\/\\\/www.modula.eu\\\/es\\\/#\\\/schema\\\/person\\\/7c5b83a68cf511134b5990861dad5936\",\"name\":\"bznadmin\",\"sameAs\":[\"https:\\\/\\\/www.modula.eu\"]}]}<\/script>\n<!-- \/ Yoast SEO plugin. -->","yoast_head_json":{"title":"Cadena de suministro: c\u00f3mo mejorarla y hacerla flexible y resiliente a los cambios | Modula","description":"Una cadena de suministro eficaz y eficiente necesita una planificaci\u00f3n minuciosa y atenta desde el principio. Al tratarse de un proceso muy complejo que incluye una gran variedad de recursos que hay que organizar, cualquier cambio puede traer consigo situaciones cr\u00edticas que comprometan el \u00e9xito de todo el proceso de la cadena de distribuci\u00f3n.","robots":{"index":"index","follow":"follow","max-snippet":"max-snippet:-1","max-image-preview":"max-image-preview:large","max-video-preview":"max-video-preview:-1"},"canonical":"https:\/\/www.modula.eu\/es\/blog\/cadena-de-suministro-como-mejorarla-y-hacerla-flexible-y-resiliente-a-los-cambios\/","og_locale":"es_ES","og_type":"article","og_title":"Cadena de suministro: c\u00f3mo mejorarla y hacerla flexible y resiliente a los cambios | Modula","og_description":"Una cadena de suministro eficaz y eficiente necesita una planificaci\u00f3n minuciosa y atenta desde el principio. Al tratarse de un proceso muy complejo que incluye una gran variedad de recursos que hay que organizar, cualquier cambio puede traer consigo situaciones cr\u00edticas que comprometan el \u00e9xito de todo el proceso de la cadena de distribuci\u00f3n.","og_url":"https:\/\/www.modula.eu\/es\/blog\/cadena-de-suministro-como-mejorarla-y-hacerla-flexible-y-resiliente-a-los-cambios\/","og_site_name":"Modula","article_published_time":"2020-08-04T12:42:16+00:00","article_modified_time":"2023-04-19T08:15:19+00:00","og_image":[{"width":841,"height":440,"url":"https:\/\/www.modula.eu\/wp-content\/uploads\/2022\/06\/Logistica-resiliente841x440px-2.jpeg","type":"image\/jpeg"}],"author":"bznadmin","twitter_card":"summary_large_image","twitter_misc":{"Escrito por":"bznadmin"},"schema":{"@context":"https:\/\/schema.org","@graph":[{"@type":"BlogPosting","@id":"https:\/\/www.modula.eu\/es\/blog\/cadena-de-suministro-como-mejorarla-y-hacerla-flexible-y-resiliente-a-los-cambios\/#article","isPartOf":{"@id":"https:\/\/www.modula.eu\/es\/blog\/cadena-de-suministro-como-mejorarla-y-hacerla-flexible-y-resiliente-a-los-cambios\/"},"author":{"name":"bznadmin","@id":"https:\/\/www.modula.eu\/es\/#\/schema\/person\/7c5b83a68cf511134b5990861dad5936"},"headline":"Cadena de suministro: c\u00f3mo mejorarla y hacerla flexible y resiliente a los cambios","datePublished":"2020-08-04T12:42:16+00:00","dateModified":"2023-04-19T08:15:19+00:00","mainEntityOfPage":{"@id":"https:\/\/www.modula.eu\/es\/blog\/cadena-de-suministro-como-mejorarla-y-hacerla-flexible-y-resiliente-a-los-cambios\/"},"wordCount":14,"commentCount":0,"publisher":{"@id":"https:\/\/www.modula.eu\/es\/#organization"},"image":{"@id":"https:\/\/www.modula.eu\/es\/blog\/cadena-de-suministro-como-mejorarla-y-hacerla-flexible-y-resiliente-a-los-cambios\/#primaryimage"},"thumbnailUrl":"https:\/\/www.modula.eu\/wp-content\/uploads\/2022\/06\/Logistica-resiliente841x440px-2.jpeg","articleSection":["Almacenes rotativos autom\u00e1ticos"],"inLanguage":"es","potentialAction":[{"@type":"CommentAction","name":"Comment","target":["https:\/\/www.modula.eu\/es\/blog\/cadena-de-suministro-como-mejorarla-y-hacerla-flexible-y-resiliente-a-los-cambios\/#respond"]}]},{"@type":"WebPage","@id":"https:\/\/www.modula.eu\/es\/blog\/cadena-de-suministro-como-mejorarla-y-hacerla-flexible-y-resiliente-a-los-cambios\/","url":"https:\/\/www.modula.eu\/es\/blog\/cadena-de-suministro-como-mejorarla-y-hacerla-flexible-y-resiliente-a-los-cambios\/","name":"Cadena de suministro: c\u00f3mo mejorarla y hacerla flexible y resiliente a los cambios | Modula","isPartOf":{"@id":"https:\/\/www.modula.eu\/es\/#website"},"primaryImageOfPage":{"@id":"https:\/\/www.modula.eu\/es\/blog\/cadena-de-suministro-como-mejorarla-y-hacerla-flexible-y-resiliente-a-los-cambios\/#primaryimage"},"image":{"@id":"https:\/\/www.modula.eu\/es\/blog\/cadena-de-suministro-como-mejorarla-y-hacerla-flexible-y-resiliente-a-los-cambios\/#primaryimage"},"thumbnailUrl":"https:\/\/www.modula.eu\/wp-content\/uploads\/2022\/06\/Logistica-resiliente841x440px-2.jpeg","datePublished":"2020-08-04T12:42:16+00:00","dateModified":"2023-04-19T08:15:19+00:00","description":"Una cadena de suministro eficaz y eficiente necesita una planificaci\u00f3n minuciosa y atenta desde el principio. Al tratarse de un proceso muy complejo que incluye una gran variedad de recursos que hay que organizar, cualquier cambio puede traer consigo situaciones cr\u00edticas que comprometan el \u00e9xito de todo el proceso de la cadena de distribuci\u00f3n.","breadcrumb":{"@id":"https:\/\/www.modula.eu\/es\/blog\/cadena-de-suministro-como-mejorarla-y-hacerla-flexible-y-resiliente-a-los-cambios\/#breadcrumb"},"inLanguage":"es","potentialAction":[{"@type":"ReadAction","target":["https:\/\/www.modula.eu\/es\/blog\/cadena-de-suministro-como-mejorarla-y-hacerla-flexible-y-resiliente-a-los-cambios\/"]}]},{"@type":"ImageObject","inLanguage":"es","@id":"https:\/\/www.modula.eu\/es\/blog\/cadena-de-suministro-como-mejorarla-y-hacerla-flexible-y-resiliente-a-los-cambios\/#primaryimage","url":"https:\/\/www.modula.eu\/wp-content\/uploads\/2022\/06\/Logistica-resiliente841x440px-2.jpeg","contentUrl":"https:\/\/www.modula.eu\/wp-content\/uploads\/2022\/06\/Logistica-resiliente841x440px-2.jpeg","width":841,"height":440},{"@type":"BreadcrumbList","@id":"https:\/\/www.modula.eu\/es\/blog\/cadena-de-suministro-como-mejorarla-y-hacerla-flexible-y-resiliente-a-los-cambios\/#breadcrumb","itemListElement":[{"@type":"ListItem","position":1,"name":"Home","item":"https:\/\/www.modula.eu\/es\/"},{"@type":"ListItem","position":2,"name":"Almacenes rotativos autom\u00e1ticos","item":"https:\/\/www.modula.eu\/es\/blog\/almacenes-automaticos\/"},{"@type":"ListItem","position":3,"name":"Cadena de suministro: c\u00f3mo mejorarla y hacerla flexible y resiliente a los cambios"}]},{"@type":"WebSite","@id":"https:\/\/www.modula.eu\/es\/#website","url":"https:\/\/www.modula.eu\/es\/","name":"Modula S.p.A.","description":"Think Vertical","publisher":{"@id":"https:\/\/www.modula.eu\/es\/#organization"},"potentialAction":[{"@type":"SearchAction","target":{"@type":"EntryPoint","urlTemplate":"https:\/\/www.modula.eu\/es\/?s={search_term_string}"},"query-input":{"@type":"PropertyValueSpecification","valueRequired":true,"valueName":"search_term_string"}}],"inLanguage":"es"},{"@type":"Person","@id":"https:\/\/www.modula.eu\/es\/#\/schema\/person\/7c5b83a68cf511134b5990861dad5936","name":"bznadmin","sameAs":["https:\/\/www.modula.eu"]}]}},"permalink_manager":null,"_links":{"self":[{"href":"https:\/\/www.modula.eu\/es\/wp-json\/wp\/v2\/posts\/7489","targetHints":{"allow":["GET"]}}],"collection":[{"href":"https:\/\/www.modula.eu\/es\/wp-json\/wp\/v2\/posts"}],"about":[{"href":"https:\/\/www.modula.eu\/es\/wp-json\/wp\/v2\/types\/post"}],"author":[{"embeddable":true,"href":"https:\/\/www.modula.eu\/es\/wp-json\/wp\/v2\/users\/1"}],"replies":[{"embeddable":true,"href":"https:\/\/www.modula.eu\/es\/wp-json\/wp\/v2\/comments?post=7489"}],"version-history":[{"count":0,"href":"https:\/\/www.modula.eu\/es\/wp-json\/wp\/v2\/posts\/7489\/revisions"}],"wp:featuredmedia":[{"embeddable":true,"href":"https:\/\/www.modula.eu\/es\/wp-json\/wp\/v2\/media\/5474"}],"wp:attachment":[{"href":"https:\/\/www.modula.eu\/es\/wp-json\/wp\/v2\/media?parent=7489"}],"wp:term":[{"taxonomy":"category","embeddable":true,"href":"https:\/\/www.modula.eu\/es\/wp-json\/wp\/v2\/categories?post=7489"},{"taxonomy":"post_tag","embeddable":true,"href":"https:\/\/www.modula.eu\/es\/wp-json\/wp\/v2\/tags?post=7489"}],"curies":[{"name":"wp","href":"https:\/\/api.w.org\/{rel}","templated":true}]}}