{"id":7504,"date":"2020-04-30T14:49:03","date_gmt":"2020-04-30T12:49:03","guid":{"rendered":"https:\/\/www.modula.eu\/sin-categorizar\/ottimizzare-il-processo-di-preparazione-ordini-in-magazzino\/"},"modified":"2024-05-28T12:21:15","modified_gmt":"2024-05-28T10:21:15","slug":"optimizar-el-proceso-de-preparacion-de-pedidos-en-el-almacen","status":"publish","type":"post","link":"https:\/\/www.modula.eu\/es\/blog\/optimizar-el-proceso-de-preparacion-de-pedidos-en-el-almacen\/","title":{"rendered":"Optimizar el proceso de preparaci\u00f3n de pedidos en el almac\u00e9n"},"content":{"rendered":"","protected":false},"excerpt":{"rendered":"","protected":false},"author":1,"featured_media":5510,"comment_status":"open","ping_status":"closed","sticky":false,"template":"","format":"standard","meta":{"_acf_changed":false,"inline_featured_image":false,"footnotes":""},"categories":[53],"tags":[],"class_list":["post-7504","post","type-post","status-publish","format-standard","has-post-thumbnail","hentry","category-aplicaciones"],"acf":[],"yoast_head":"<!-- This site is optimized with the Yoast SEO plugin v28.3 - https:\/\/yoast.com\/product\/yoast-seo-wordpress\/ -->\n<title>Optimizar el proceso de preparaci\u00f3n de pedidos en el almac\u00e9n | Modula<\/title>\n<meta name=\"description\" content=\"La preparaci\u00f3n de pedidos en almac\u00e9n o pickinges la actividad del almac\u00e9n en la que se recoge la mercanc\u00eda de las zonas de almacenamiento de material para conformar el pedido de un cliente, no solo para las empresas que trabajan en el sector de la distribuci\u00f3n o el e-commerce, sino para todas las empresas que utilizan un almac\u00e9n en su producci\u00f3n.\" \/>\n<meta name=\"robots\" content=\"index, follow, max-snippet:-1, max-image-preview:large, max-video-preview:-1\" \/>\n<link rel=\"canonical\" href=\"https:\/\/www.modula.eu\/es\/blog\/optimizar-el-proceso-de-preparacion-de-pedidos-en-el-almacen\/\" \/>\n<meta property=\"og:locale\" content=\"es_ES\" \/>\n<meta property=\"og:type\" content=\"article\" \/>\n<meta property=\"og:title\" content=\"Optimizar el proceso de preparaci\u00f3n de pedidos en el almac\u00e9n | Modula\" \/>\n<meta property=\"og:description\" content=\"La preparaci\u00f3n de pedidos en almac\u00e9n o pickinges la actividad del almac\u00e9n en la que se recoge la mercanc\u00eda de las zonas de almacenamiento de material para conformar el pedido de un cliente, no solo para las empresas que trabajan en el sector de la distribuci\u00f3n o el e-commerce, sino para todas las empresas que utilizan un almac\u00e9n en su producci\u00f3n.\" \/>\n<meta property=\"og:url\" content=\"https:\/\/www.modula.eu\/es\/blog\/optimizar-el-proceso-de-preparacion-de-pedidos-en-el-almacen\/\" \/>\n<meta property=\"og:site_name\" content=\"Modula\" \/>\n<meta property=\"article:published_time\" content=\"2020-04-30T12:49:03+00:00\" \/>\n<meta property=\"article:modified_time\" content=\"2024-05-28T10:21:15+00:00\" \/>\n<meta property=\"og:image\" content=\"https:\/\/www.modula.eu\/wp-content\/uploads\/2022\/06\/Preparazione-ordini-841x440-px.jpeg\" \/>\n\t<meta property=\"og:image:width\" content=\"841\" \/>\n\t<meta property=\"og:image:height\" content=\"440\" \/>\n\t<meta property=\"og:image:type\" content=\"image\/jpeg\" \/>\n<meta name=\"author\" content=\"bznadmin\" \/>\n<meta name=\"twitter:card\" content=\"summary_large_image\" \/>\n<meta name=\"twitter:label1\" content=\"Escrito por\" \/>\n\t<meta name=\"twitter:data1\" content=\"bznadmin\" \/>\n<script type=\"application\/ld+json\" class=\"yoast-schema-graph\">{\"@context\":\"https:\\\/\\\/schema.org\",\"@graph\":[{\"@type\":\"BlogPosting\",\"@id\":\"https:\\\/\\\/www.modula.eu\\\/es\\\/blog\\\/optimizar-el-proceso-de-preparacion-de-pedidos-en-el-almacen\\\/#article\",\"isPartOf\":{\"@id\":\"https:\\\/\\\/www.modula.eu\\\/es\\\/blog\\\/optimizar-el-proceso-de-preparacion-de-pedidos-en-el-almacen\\\/\"},\"author\":{\"name\":\"bznadmin\",\"@id\":\"https:\\\/\\\/www.modula.eu\\\/es\\\/#\\\/schema\\\/person\\\/7c5b83a68cf511134b5990861dad5936\"},\"headline\":\"Optimizar el proceso de preparaci\u00f3n de pedidos en el almac\u00e9n\",\"datePublished\":\"2020-04-30T12:49:03+00:00\",\"dateModified\":\"2024-05-28T10:21:15+00:00\",\"mainEntityOfPage\":{\"@id\":\"https:\\\/\\\/www.modula.eu\\\/es\\\/blog\\\/optimizar-el-proceso-de-preparacion-de-pedidos-en-el-almacen\\\/\"},\"wordCount\":12,\"commentCount\":0,\"publisher\":{\"@id\":\"https:\\\/\\\/www.modula.eu\\\/es\\\/#organization\"},\"image\":{\"@id\":\"https:\\\/\\\/www.modula.eu\\\/es\\\/blog\\\/optimizar-el-proceso-de-preparacion-de-pedidos-en-el-almacen\\\/#primaryimage\"},\"thumbnailUrl\":\"https:\\\/\\\/www.modula.eu\\\/wp-content\\\/uploads\\\/2022\\\/06\\\/Preparazione-ordini-841x440-px.jpeg\",\"articleSection\":[\"Aplicaciones\"],\"inLanguage\":\"es\",\"potentialAction\":[{\"@type\":\"CommentAction\",\"name\":\"Comment\",\"target\":[\"https:\\\/\\\/www.modula.eu\\\/es\\\/blog\\\/optimizar-el-proceso-de-preparacion-de-pedidos-en-el-almacen\\\/#respond\"]}]},{\"@type\":\"WebPage\",\"@id\":\"https:\\\/\\\/www.modula.eu\\\/es\\\/blog\\\/optimizar-el-proceso-de-preparacion-de-pedidos-en-el-almacen\\\/\",\"url\":\"https:\\\/\\\/www.modula.eu\\\/es\\\/blog\\\/optimizar-el-proceso-de-preparacion-de-pedidos-en-el-almacen\\\/\",\"name\":\"Optimizar el proceso de preparaci\u00f3n de pedidos en el almac\u00e9n | Modula\",\"isPartOf\":{\"@id\":\"https:\\\/\\\/www.modula.eu\\\/es\\\/#website\"},\"primaryImageOfPage\":{\"@id\":\"https:\\\/\\\/www.modula.eu\\\/es\\\/blog\\\/optimizar-el-proceso-de-preparacion-de-pedidos-en-el-almacen\\\/#primaryimage\"},\"image\":{\"@id\":\"https:\\\/\\\/www.modula.eu\\\/es\\\/blog\\\/optimizar-el-proceso-de-preparacion-de-pedidos-en-el-almacen\\\/#primaryimage\"},\"thumbnailUrl\":\"https:\\\/\\\/www.modula.eu\\\/wp-content\\\/uploads\\\/2022\\\/06\\\/Preparazione-ordini-841x440-px.jpeg\",\"datePublished\":\"2020-04-30T12:49:03+00:00\",\"dateModified\":\"2024-05-28T10:21:15+00:00\",\"description\":\"La preparaci\u00f3n de pedidos en almac\u00e9n o pickinges la actividad del almac\u00e9n en la que se recoge la mercanc\u00eda de las zonas de almacenamiento de material para conformar el pedido de un cliente, no solo para las empresas que trabajan en el sector de la distribuci\u00f3n o el e-commerce, sino para todas las empresas que utilizan un almac\u00e9n en su producci\u00f3n.\",\"breadcrumb\":{\"@id\":\"https:\\\/\\\/www.modula.eu\\\/es\\\/blog\\\/optimizar-el-proceso-de-preparacion-de-pedidos-en-el-almacen\\\/#breadcrumb\"},\"inLanguage\":\"es\",\"potentialAction\":[{\"@type\":\"ReadAction\",\"target\":[\"https:\\\/\\\/www.modula.eu\\\/es\\\/blog\\\/optimizar-el-proceso-de-preparacion-de-pedidos-en-el-almacen\\\/\"]}]},{\"@type\":\"ImageObject\",\"inLanguage\":\"es\",\"@id\":\"https:\\\/\\\/www.modula.eu\\\/es\\\/blog\\\/optimizar-el-proceso-de-preparacion-de-pedidos-en-el-almacen\\\/#primaryimage\",\"url\":\"https:\\\/\\\/www.modula.eu\\\/wp-content\\\/uploads\\\/2022\\\/06\\\/Preparazione-ordini-841x440-px.jpeg\",\"contentUrl\":\"https:\\\/\\\/www.modula.eu\\\/wp-content\\\/uploads\\\/2022\\\/06\\\/Preparazione-ordini-841x440-px.jpeg\",\"width\":841,\"height\":440},{\"@type\":\"BreadcrumbList\",\"@id\":\"https:\\\/\\\/www.modula.eu\\\/es\\\/blog\\\/optimizar-el-proceso-de-preparacion-de-pedidos-en-el-almacen\\\/#breadcrumb\",\"itemListElement\":[{\"@type\":\"ListItem\",\"position\":1,\"name\":\"Home\",\"item\":\"https:\\\/\\\/www.modula.eu\\\/es\\\/\"},{\"@type\":\"ListItem\",\"position\":2,\"name\":\"Aplicaciones\",\"item\":\"https:\\\/\\\/www.modula.eu\\\/es\\\/blog\\\/aplicaciones\\\/\"},{\"@type\":\"ListItem\",\"position\":3,\"name\":\"Optimizar el proceso de preparaci\u00f3n de pedidos en el almac\u00e9n\"}]},{\"@type\":\"WebSite\",\"@id\":\"https:\\\/\\\/www.modula.eu\\\/es\\\/#website\",\"url\":\"https:\\\/\\\/www.modula.eu\\\/es\\\/\",\"name\":\"Modula S.p.A.\",\"description\":\"Think Vertical\",\"publisher\":{\"@id\":\"https:\\\/\\\/www.modula.eu\\\/es\\\/#organization\"},\"potentialAction\":[{\"@type\":\"SearchAction\",\"target\":{\"@type\":\"EntryPoint\",\"urlTemplate\":\"https:\\\/\\\/www.modula.eu\\\/es\\\/?s={search_term_string}\"},\"query-input\":{\"@type\":\"PropertyValueSpecification\",\"valueRequired\":true,\"valueName\":\"search_term_string\"}}],\"inLanguage\":\"es\"},{\"@type\":\"Person\",\"@id\":\"https:\\\/\\\/www.modula.eu\\\/es\\\/#\\\/schema\\\/person\\\/7c5b83a68cf511134b5990861dad5936\",\"name\":\"bznadmin\",\"sameAs\":[\"https:\\\/\\\/www.modula.eu\"]}]}<\/script>\n<!-- \/ Yoast SEO plugin. -->","yoast_head_json":{"title":"Optimizar el proceso de preparaci\u00f3n de pedidos en el almac\u00e9n | Modula","description":"La preparaci\u00f3n de pedidos en almac\u00e9n o pickinges la actividad del almac\u00e9n en la que se recoge la mercanc\u00eda de las zonas de almacenamiento de material para conformar el pedido de un cliente, no solo para las empresas que trabajan en el sector de la distribuci\u00f3n o el e-commerce, sino para todas las empresas que utilizan un almac\u00e9n en su producci\u00f3n.","robots":{"index":"index","follow":"follow","max-snippet":"max-snippet:-1","max-image-preview":"max-image-preview:large","max-video-preview":"max-video-preview:-1"},"canonical":"https:\/\/www.modula.eu\/es\/blog\/optimizar-el-proceso-de-preparacion-de-pedidos-en-el-almacen\/","og_locale":"es_ES","og_type":"article","og_title":"Optimizar el proceso de preparaci\u00f3n de pedidos en el almac\u00e9n | Modula","og_description":"La preparaci\u00f3n de pedidos en almac\u00e9n o pickinges la actividad del almac\u00e9n en la que se recoge la mercanc\u00eda de las zonas de almacenamiento de material para conformar el pedido de un cliente, no solo para las empresas que trabajan en el sector de la distribuci\u00f3n o el e-commerce, sino para todas las empresas que utilizan un almac\u00e9n en su producci\u00f3n.","og_url":"https:\/\/www.modula.eu\/es\/blog\/optimizar-el-proceso-de-preparacion-de-pedidos-en-el-almacen\/","og_site_name":"Modula","article_published_time":"2020-04-30T12:49:03+00:00","article_modified_time":"2024-05-28T10:21:15+00:00","og_image":[{"width":841,"height":440,"url":"https:\/\/www.modula.eu\/wp-content\/uploads\/2022\/06\/Preparazione-ordini-841x440-px.jpeg","type":"image\/jpeg"}],"author":"bznadmin","twitter_card":"summary_large_image","twitter_misc":{"Escrito por":"bznadmin"},"schema":{"@context":"https:\/\/schema.org","@graph":[{"@type":"BlogPosting","@id":"https:\/\/www.modula.eu\/es\/blog\/optimizar-el-proceso-de-preparacion-de-pedidos-en-el-almacen\/#article","isPartOf":{"@id":"https:\/\/www.modula.eu\/es\/blog\/optimizar-el-proceso-de-preparacion-de-pedidos-en-el-almacen\/"},"author":{"name":"bznadmin","@id":"https:\/\/www.modula.eu\/es\/#\/schema\/person\/7c5b83a68cf511134b5990861dad5936"},"headline":"Optimizar el proceso de preparaci\u00f3n de pedidos en el almac\u00e9n","datePublished":"2020-04-30T12:49:03+00:00","dateModified":"2024-05-28T10:21:15+00:00","mainEntityOfPage":{"@id":"https:\/\/www.modula.eu\/es\/blog\/optimizar-el-proceso-de-preparacion-de-pedidos-en-el-almacen\/"},"wordCount":12,"commentCount":0,"publisher":{"@id":"https:\/\/www.modula.eu\/es\/#organization"},"image":{"@id":"https:\/\/www.modula.eu\/es\/blog\/optimizar-el-proceso-de-preparacion-de-pedidos-en-el-almacen\/#primaryimage"},"thumbnailUrl":"https:\/\/www.modula.eu\/wp-content\/uploads\/2022\/06\/Preparazione-ordini-841x440-px.jpeg","articleSection":["Aplicaciones"],"inLanguage":"es","potentialAction":[{"@type":"CommentAction","name":"Comment","target":["https:\/\/www.modula.eu\/es\/blog\/optimizar-el-proceso-de-preparacion-de-pedidos-en-el-almacen\/#respond"]}]},{"@type":"WebPage","@id":"https:\/\/www.modula.eu\/es\/blog\/optimizar-el-proceso-de-preparacion-de-pedidos-en-el-almacen\/","url":"https:\/\/www.modula.eu\/es\/blog\/optimizar-el-proceso-de-preparacion-de-pedidos-en-el-almacen\/","name":"Optimizar el proceso de preparaci\u00f3n de pedidos en el almac\u00e9n | Modula","isPartOf":{"@id":"https:\/\/www.modula.eu\/es\/#website"},"primaryImageOfPage":{"@id":"https:\/\/www.modula.eu\/es\/blog\/optimizar-el-proceso-de-preparacion-de-pedidos-en-el-almacen\/#primaryimage"},"image":{"@id":"https:\/\/www.modula.eu\/es\/blog\/optimizar-el-proceso-de-preparacion-de-pedidos-en-el-almacen\/#primaryimage"},"thumbnailUrl":"https:\/\/www.modula.eu\/wp-content\/uploads\/2022\/06\/Preparazione-ordini-841x440-px.jpeg","datePublished":"2020-04-30T12:49:03+00:00","dateModified":"2024-05-28T10:21:15+00:00","description":"La preparaci\u00f3n de pedidos en almac\u00e9n o pickinges la actividad del almac\u00e9n en la que se recoge la mercanc\u00eda de las zonas de almacenamiento de material para conformar el pedido de un cliente, no solo para las empresas que trabajan en el sector de la distribuci\u00f3n o el e-commerce, sino para todas las empresas que utilizan un almac\u00e9n en su producci\u00f3n.","breadcrumb":{"@id":"https:\/\/www.modula.eu\/es\/blog\/optimizar-el-proceso-de-preparacion-de-pedidos-en-el-almacen\/#breadcrumb"},"inLanguage":"es","potentialAction":[{"@type":"ReadAction","target":["https:\/\/www.modula.eu\/es\/blog\/optimizar-el-proceso-de-preparacion-de-pedidos-en-el-almacen\/"]}]},{"@type":"ImageObject","inLanguage":"es","@id":"https:\/\/www.modula.eu\/es\/blog\/optimizar-el-proceso-de-preparacion-de-pedidos-en-el-almacen\/#primaryimage","url":"https:\/\/www.modula.eu\/wp-content\/uploads\/2022\/06\/Preparazione-ordini-841x440-px.jpeg","contentUrl":"https:\/\/www.modula.eu\/wp-content\/uploads\/2022\/06\/Preparazione-ordini-841x440-px.jpeg","width":841,"height":440},{"@type":"BreadcrumbList","@id":"https:\/\/www.modula.eu\/es\/blog\/optimizar-el-proceso-de-preparacion-de-pedidos-en-el-almacen\/#breadcrumb","itemListElement":[{"@type":"ListItem","position":1,"name":"Home","item":"https:\/\/www.modula.eu\/es\/"},{"@type":"ListItem","position":2,"name":"Aplicaciones","item":"https:\/\/www.modula.eu\/es\/blog\/aplicaciones\/"},{"@type":"ListItem","position":3,"name":"Optimizar el proceso de preparaci\u00f3n de pedidos en el almac\u00e9n"}]},{"@type":"WebSite","@id":"https:\/\/www.modula.eu\/es\/#website","url":"https:\/\/www.modula.eu\/es\/","name":"Modula S.p.A.","description":"Think Vertical","publisher":{"@id":"https:\/\/www.modula.eu\/es\/#organization"},"potentialAction":[{"@type":"SearchAction","target":{"@type":"EntryPoint","urlTemplate":"https:\/\/www.modula.eu\/es\/?s={search_term_string}"},"query-input":{"@type":"PropertyValueSpecification","valueRequired":true,"valueName":"search_term_string"}}],"inLanguage":"es"},{"@type":"Person","@id":"https:\/\/www.modula.eu\/es\/#\/schema\/person\/7c5b83a68cf511134b5990861dad5936","name":"bznadmin","sameAs":["https:\/\/www.modula.eu"]}]}},"permalink_manager":null,"_links":{"self":[{"href":"https:\/\/www.modula.eu\/es\/wp-json\/wp\/v2\/posts\/7504","targetHints":{"allow":["GET"]}}],"collection":[{"href":"https:\/\/www.modula.eu\/es\/wp-json\/wp\/v2\/posts"}],"about":[{"href":"https:\/\/www.modula.eu\/es\/wp-json\/wp\/v2\/types\/post"}],"author":[{"embeddable":true,"href":"https:\/\/www.modula.eu\/es\/wp-json\/wp\/v2\/users\/1"}],"replies":[{"embeddable":true,"href":"https:\/\/www.modula.eu\/es\/wp-json\/wp\/v2\/comments?post=7504"}],"version-history":[{"count":0,"href":"https:\/\/www.modula.eu\/es\/wp-json\/wp\/v2\/posts\/7504\/revisions"}],"wp:featuredmedia":[{"embeddable":true,"href":"https:\/\/www.modula.eu\/es\/wp-json\/wp\/v2\/media\/5510"}],"wp:attachment":[{"href":"https:\/\/www.modula.eu\/es\/wp-json\/wp\/v2\/media?parent=7504"}],"wp:term":[{"taxonomy":"category","embeddable":true,"href":"https:\/\/www.modula.eu\/es\/wp-json\/wp\/v2\/categories?post=7504"},{"taxonomy":"post_tag","embeddable":true,"href":"https:\/\/www.modula.eu\/es\/wp-json\/wp\/v2\/tags?post=7504"}],"curies":[{"name":"wp","href":"https:\/\/api.w.org\/{rel}","templated":true}]}}