{"id":7606,"date":"2018-07-11T16:07:07","date_gmt":"2018-07-11T14:07:07","guid":{"rendered":"https:\/\/www.modula.eu\/sin-categorizar\/modula-lo-stoccaggio-intelligente-per-il-settore-automotive\/"},"modified":"2025-07-07T15:29:12","modified_gmt":"2025-07-07T13:29:12","slug":"modula-el-almacenamiento-inteligente-para-el-sector-automotor","status":"publish","type":"post","link":"https:\/\/www.modula.eu\/es\/blog\/modula-el-almacenamiento-inteligente-para-el-sector-automotor\/","title":{"rendered":"Modula, el almacenamiento inteligente para el sector automotor"},"content":{"rendered":"","protected":false},"excerpt":{"rendered":"","protected":false},"author":1,"featured_media":5495,"comment_status":"open","ping_status":"open","sticky":false,"template":"","format":"standard","meta":{"_acf_changed":false,"inline_featured_image":false,"footnotes":""},"categories":[53],"tags":[],"class_list":["post-7606","post","type-post","status-publish","format-standard","has-post-thumbnail","hentry","category-aplicaciones"],"acf":[],"yoast_head":"<!-- This site is optimized with the Yoast SEO plugin v27.4 - https:\/\/yoast.com\/product\/yoast-seo-wordpress\/ -->\n<title>Almacenamiento Para El Sector Automotor | Modula<\/title>\n<meta name=\"description\" content=\"La organizaci\u00f3n del almac\u00e9n es una preocupaci\u00f3n para muchas empresas que trabajan en el sector automotor. El alquiler, la manutenci\u00f3n y el mantenimiento de los espacios implican costes ingentes. Con los almacenes verticales autom\u00e1ticos Modula, estos costes se reducen dr\u00e1sticamente.\" \/>\n<meta name=\"robots\" content=\"index, follow, max-snippet:-1, max-image-preview:large, max-video-preview:-1\" \/>\n<link rel=\"canonical\" href=\"https:\/\/www.modula.eu\/es\/blog\/modula-el-almacenamiento-inteligente-para-el-sector-automotor\/\" \/>\n<meta property=\"og:locale\" content=\"es_ES\" \/>\n<meta property=\"og:type\" content=\"article\" \/>\n<meta property=\"og:title\" content=\"Almacenamiento Para El Sector Automotor | Modula\" \/>\n<meta property=\"og:description\" content=\"La organizaci\u00f3n del almac\u00e9n es una preocupaci\u00f3n para muchas empresas que trabajan en el sector automotor. El alquiler, la manutenci\u00f3n y el mantenimiento de los espacios implican costes ingentes. Con los almacenes verticales autom\u00e1ticos Modula, estos costes se reducen dr\u00e1sticamente.\" \/>\n<meta property=\"og:url\" content=\"https:\/\/www.modula.eu\/es\/blog\/modula-el-almacenamiento-inteligente-para-el-sector-automotor\/\" \/>\n<meta property=\"og:site_name\" content=\"Modula\" \/>\n<meta property=\"article:published_time\" content=\"2018-07-11T14:07:07+00:00\" \/>\n<meta property=\"article:modified_time\" content=\"2025-07-07T13:29:12+00:00\" \/>\n<meta property=\"og:image\" content=\"https:\/\/www.modula.eu\/wp-content\/uploads\/2022\/06\/MODULA-settore-auto-850x450-800x424-1.jpeg\" \/>\n\t<meta property=\"og:image:width\" content=\"800\" \/>\n\t<meta property=\"og:image:height\" content=\"424\" \/>\n\t<meta property=\"og:image:type\" content=\"image\/jpeg\" \/>\n<meta name=\"author\" content=\"bznadmin\" \/>\n<meta name=\"twitter:card\" content=\"summary_large_image\" \/>\n<meta name=\"twitter:label1\" content=\"Escrito por\" \/>\n\t<meta name=\"twitter:data1\" content=\"bznadmin\" \/>\n<script type=\"application\/ld+json\" class=\"yoast-schema-graph\">{\"@context\":\"https:\\\/\\\/schema.org\",\"@graph\":[{\"@type\":\"Article\",\"@id\":\"https:\\\/\\\/www.modula.eu\\\/es\\\/blog\\\/modula-el-almacenamiento-inteligente-para-el-sector-automotor\\\/#article\",\"isPartOf\":{\"@id\":\"https:\\\/\\\/www.modula.eu\\\/es\\\/blog\\\/modula-el-almacenamiento-inteligente-para-el-sector-automotor\\\/\"},\"author\":{\"name\":\"bznadmin\",\"@id\":\"https:\\\/\\\/www.modula.eu\\\/es\\\/#\\\/schema\\\/person\\\/7c5b83a68cf511134b5990861dad5936\"},\"headline\":\"Modula, el almacenamiento inteligente para el sector automotor\",\"datePublished\":\"2018-07-11T14:07:07+00:00\",\"dateModified\":\"2025-07-07T13:29:12+00:00\",\"mainEntityOfPage\":{\"@id\":\"https:\\\/\\\/www.modula.eu\\\/es\\\/blog\\\/modula-el-almacenamiento-inteligente-para-el-sector-automotor\\\/\"},\"wordCount\":8,\"commentCount\":0,\"publisher\":{\"@id\":\"https:\\\/\\\/www.modula.eu\\\/es\\\/#organization\"},\"image\":{\"@id\":\"https:\\\/\\\/www.modula.eu\\\/es\\\/blog\\\/modula-el-almacenamiento-inteligente-para-el-sector-automotor\\\/#primaryimage\"},\"thumbnailUrl\":\"https:\\\/\\\/www.modula.eu\\\/wp-content\\\/uploads\\\/2022\\\/06\\\/MODULA-settore-auto-850x450-800x424-1.jpeg\",\"articleSection\":[\"Aplicaciones\"],\"inLanguage\":\"es\",\"potentialAction\":[{\"@type\":\"CommentAction\",\"name\":\"Comment\",\"target\":[\"https:\\\/\\\/www.modula.eu\\\/es\\\/blog\\\/modula-el-almacenamiento-inteligente-para-el-sector-automotor\\\/#respond\"]}]},{\"@type\":\"WebPage\",\"@id\":\"https:\\\/\\\/www.modula.eu\\\/es\\\/blog\\\/modula-el-almacenamiento-inteligente-para-el-sector-automotor\\\/\",\"url\":\"https:\\\/\\\/www.modula.eu\\\/es\\\/blog\\\/modula-el-almacenamiento-inteligente-para-el-sector-automotor\\\/\",\"name\":\"Almacenamiento Para El Sector Automotor | Modula\",\"isPartOf\":{\"@id\":\"https:\\\/\\\/www.modula.eu\\\/es\\\/#website\"},\"primaryImageOfPage\":{\"@id\":\"https:\\\/\\\/www.modula.eu\\\/es\\\/blog\\\/modula-el-almacenamiento-inteligente-para-el-sector-automotor\\\/#primaryimage\"},\"image\":{\"@id\":\"https:\\\/\\\/www.modula.eu\\\/es\\\/blog\\\/modula-el-almacenamiento-inteligente-para-el-sector-automotor\\\/#primaryimage\"},\"thumbnailUrl\":\"https:\\\/\\\/www.modula.eu\\\/wp-content\\\/uploads\\\/2022\\\/06\\\/MODULA-settore-auto-850x450-800x424-1.jpeg\",\"datePublished\":\"2018-07-11T14:07:07+00:00\",\"dateModified\":\"2025-07-07T13:29:12+00:00\",\"description\":\"La organizaci\u00f3n del almac\u00e9n es una preocupaci\u00f3n para muchas empresas que trabajan en el sector automotor. El alquiler, la manutenci\u00f3n y el mantenimiento de los espacios implican costes ingentes. Con los almacenes verticales autom\u00e1ticos Modula, estos costes se reducen dr\u00e1sticamente.\",\"breadcrumb\":{\"@id\":\"https:\\\/\\\/www.modula.eu\\\/es\\\/blog\\\/modula-el-almacenamiento-inteligente-para-el-sector-automotor\\\/#breadcrumb\"},\"inLanguage\":\"es\",\"potentialAction\":[{\"@type\":\"ReadAction\",\"target\":[\"https:\\\/\\\/www.modula.eu\\\/es\\\/blog\\\/modula-el-almacenamiento-inteligente-para-el-sector-automotor\\\/\"]}]},{\"@type\":\"ImageObject\",\"inLanguage\":\"es\",\"@id\":\"https:\\\/\\\/www.modula.eu\\\/es\\\/blog\\\/modula-el-almacenamiento-inteligente-para-el-sector-automotor\\\/#primaryimage\",\"url\":\"https:\\\/\\\/www.modula.eu\\\/wp-content\\\/uploads\\\/2022\\\/06\\\/MODULA-settore-auto-850x450-800x424-1.jpeg\",\"contentUrl\":\"https:\\\/\\\/www.modula.eu\\\/wp-content\\\/uploads\\\/2022\\\/06\\\/MODULA-settore-auto-850x450-800x424-1.jpeg\",\"width\":800,\"height\":424},{\"@type\":\"BreadcrumbList\",\"@id\":\"https:\\\/\\\/www.modula.eu\\\/es\\\/blog\\\/modula-el-almacenamiento-inteligente-para-el-sector-automotor\\\/#breadcrumb\",\"itemListElement\":[{\"@type\":\"ListItem\",\"position\":1,\"name\":\"Home\",\"item\":\"https:\\\/\\\/www.modula.eu\\\/es\\\/\"},{\"@type\":\"ListItem\",\"position\":2,\"name\":\"Aplicaciones\",\"item\":\"https:\\\/\\\/www.modula.eu\\\/es\\\/blog\\\/aplicaciones\\\/\"},{\"@type\":\"ListItem\",\"position\":3,\"name\":\"Modula, el almacenamiento inteligente para el sector automotor\"}]},{\"@type\":\"WebSite\",\"@id\":\"https:\\\/\\\/www.modula.eu\\\/es\\\/#website\",\"url\":\"https:\\\/\\\/www.modula.eu\\\/es\\\/\",\"name\":\"Modula\",\"description\":\"Think Vertical\",\"publisher\":{\"@id\":\"https:\\\/\\\/www.modula.eu\\\/es\\\/#organization\"},\"potentialAction\":[{\"@type\":\"SearchAction\",\"target\":{\"@type\":\"EntryPoint\",\"urlTemplate\":\"https:\\\/\\\/www.modula.eu\\\/es\\\/?s={search_term_string}\"},\"query-input\":{\"@type\":\"PropertyValueSpecification\",\"valueRequired\":true,\"valueName\":\"search_term_string\"}}],\"inLanguage\":\"es\"},{\"@type\":\"Organization\",\"@id\":\"https:\\\/\\\/www.modula.eu\\\/es\\\/#organization\",\"name\":\"Modula\",\"url\":\"https:\\\/\\\/www.modula.eu\\\/es\\\/\",\"logo\":{\"@type\":\"ImageObject\",\"inLanguage\":\"es\",\"@id\":\"https:\\\/\\\/www.modula.eu\\\/es\\\/#\\\/schema\\\/logo\\\/image\\\/\",\"url\":\"https:\\\/\\\/www.modula.eu\\\/wp-content\\\/uploads\\\/2022\\\/12\\\/Modula-logo.jpg\",\"contentUrl\":\"https:\\\/\\\/www.modula.eu\\\/wp-content\\\/uploads\\\/2022\\\/12\\\/Modula-logo.jpg\",\"width\":759,\"height\":512,\"caption\":\"Modula\"},\"image\":{\"@id\":\"https:\\\/\\\/www.modula.eu\\\/es\\\/#\\\/schema\\\/logo\\\/image\\\/\"}},{\"@type\":\"Person\",\"@id\":\"https:\\\/\\\/www.modula.eu\\\/es\\\/#\\\/schema\\\/person\\\/7c5b83a68cf511134b5990861dad5936\",\"name\":\"bznadmin\",\"sameAs\":[\"https:\\\/\\\/www.modula.eu\"]}]}<\/script>\n<!-- \/ Yoast SEO plugin. -->","yoast_head_json":{"title":"Almacenamiento Para El Sector Automotor | Modula","description":"La organizaci\u00f3n del almac\u00e9n es una preocupaci\u00f3n para muchas empresas que trabajan en el sector automotor. El alquiler, la manutenci\u00f3n y el mantenimiento de los espacios implican costes ingentes. Con los almacenes verticales autom\u00e1ticos Modula, estos costes se reducen dr\u00e1sticamente.","robots":{"index":"index","follow":"follow","max-snippet":"max-snippet:-1","max-image-preview":"max-image-preview:large","max-video-preview":"max-video-preview:-1"},"canonical":"https:\/\/www.modula.eu\/es\/blog\/modula-el-almacenamiento-inteligente-para-el-sector-automotor\/","og_locale":"es_ES","og_type":"article","og_title":"Almacenamiento Para El Sector Automotor | Modula","og_description":"La organizaci\u00f3n del almac\u00e9n es una preocupaci\u00f3n para muchas empresas que trabajan en el sector automotor. El alquiler, la manutenci\u00f3n y el mantenimiento de los espacios implican costes ingentes. Con los almacenes verticales autom\u00e1ticos Modula, estos costes se reducen dr\u00e1sticamente.","og_url":"https:\/\/www.modula.eu\/es\/blog\/modula-el-almacenamiento-inteligente-para-el-sector-automotor\/","og_site_name":"Modula","article_published_time":"2018-07-11T14:07:07+00:00","article_modified_time":"2025-07-07T13:29:12+00:00","og_image":[{"width":800,"height":424,"url":"https:\/\/www.modula.eu\/wp-content\/uploads\/2022\/06\/MODULA-settore-auto-850x450-800x424-1.jpeg","type":"image\/jpeg"}],"author":"bznadmin","twitter_card":"summary_large_image","twitter_misc":{"Escrito por":"bznadmin"},"schema":{"@context":"https:\/\/schema.org","@graph":[{"@type":"Article","@id":"https:\/\/www.modula.eu\/es\/blog\/modula-el-almacenamiento-inteligente-para-el-sector-automotor\/#article","isPartOf":{"@id":"https:\/\/www.modula.eu\/es\/blog\/modula-el-almacenamiento-inteligente-para-el-sector-automotor\/"},"author":{"name":"bznadmin","@id":"https:\/\/www.modula.eu\/es\/#\/schema\/person\/7c5b83a68cf511134b5990861dad5936"},"headline":"Modula, el almacenamiento inteligente para el sector automotor","datePublished":"2018-07-11T14:07:07+00:00","dateModified":"2025-07-07T13:29:12+00:00","mainEntityOfPage":{"@id":"https:\/\/www.modula.eu\/es\/blog\/modula-el-almacenamiento-inteligente-para-el-sector-automotor\/"},"wordCount":8,"commentCount":0,"publisher":{"@id":"https:\/\/www.modula.eu\/es\/#organization"},"image":{"@id":"https:\/\/www.modula.eu\/es\/blog\/modula-el-almacenamiento-inteligente-para-el-sector-automotor\/#primaryimage"},"thumbnailUrl":"https:\/\/www.modula.eu\/wp-content\/uploads\/2022\/06\/MODULA-settore-auto-850x450-800x424-1.jpeg","articleSection":["Aplicaciones"],"inLanguage":"es","potentialAction":[{"@type":"CommentAction","name":"Comment","target":["https:\/\/www.modula.eu\/es\/blog\/modula-el-almacenamiento-inteligente-para-el-sector-automotor\/#respond"]}]},{"@type":"WebPage","@id":"https:\/\/www.modula.eu\/es\/blog\/modula-el-almacenamiento-inteligente-para-el-sector-automotor\/","url":"https:\/\/www.modula.eu\/es\/blog\/modula-el-almacenamiento-inteligente-para-el-sector-automotor\/","name":"Almacenamiento Para El Sector Automotor | Modula","isPartOf":{"@id":"https:\/\/www.modula.eu\/es\/#website"},"primaryImageOfPage":{"@id":"https:\/\/www.modula.eu\/es\/blog\/modula-el-almacenamiento-inteligente-para-el-sector-automotor\/#primaryimage"},"image":{"@id":"https:\/\/www.modula.eu\/es\/blog\/modula-el-almacenamiento-inteligente-para-el-sector-automotor\/#primaryimage"},"thumbnailUrl":"https:\/\/www.modula.eu\/wp-content\/uploads\/2022\/06\/MODULA-settore-auto-850x450-800x424-1.jpeg","datePublished":"2018-07-11T14:07:07+00:00","dateModified":"2025-07-07T13:29:12+00:00","description":"La organizaci\u00f3n del almac\u00e9n es una preocupaci\u00f3n para muchas empresas que trabajan en el sector automotor. El alquiler, la manutenci\u00f3n y el mantenimiento de los espacios implican costes ingentes. Con los almacenes verticales autom\u00e1ticos Modula, estos costes se reducen dr\u00e1sticamente.","breadcrumb":{"@id":"https:\/\/www.modula.eu\/es\/blog\/modula-el-almacenamiento-inteligente-para-el-sector-automotor\/#breadcrumb"},"inLanguage":"es","potentialAction":[{"@type":"ReadAction","target":["https:\/\/www.modula.eu\/es\/blog\/modula-el-almacenamiento-inteligente-para-el-sector-automotor\/"]}]},{"@type":"ImageObject","inLanguage":"es","@id":"https:\/\/www.modula.eu\/es\/blog\/modula-el-almacenamiento-inteligente-para-el-sector-automotor\/#primaryimage","url":"https:\/\/www.modula.eu\/wp-content\/uploads\/2022\/06\/MODULA-settore-auto-850x450-800x424-1.jpeg","contentUrl":"https:\/\/www.modula.eu\/wp-content\/uploads\/2022\/06\/MODULA-settore-auto-850x450-800x424-1.jpeg","width":800,"height":424},{"@type":"BreadcrumbList","@id":"https:\/\/www.modula.eu\/es\/blog\/modula-el-almacenamiento-inteligente-para-el-sector-automotor\/#breadcrumb","itemListElement":[{"@type":"ListItem","position":1,"name":"Home","item":"https:\/\/www.modula.eu\/es\/"},{"@type":"ListItem","position":2,"name":"Aplicaciones","item":"https:\/\/www.modula.eu\/es\/blog\/aplicaciones\/"},{"@type":"ListItem","position":3,"name":"Modula, el almacenamiento inteligente para el sector automotor"}]},{"@type":"WebSite","@id":"https:\/\/www.modula.eu\/es\/#website","url":"https:\/\/www.modula.eu\/es\/","name":"Modula","description":"Think Vertical","publisher":{"@id":"https:\/\/www.modula.eu\/es\/#organization"},"potentialAction":[{"@type":"SearchAction","target":{"@type":"EntryPoint","urlTemplate":"https:\/\/www.modula.eu\/es\/?s={search_term_string}"},"query-input":{"@type":"PropertyValueSpecification","valueRequired":true,"valueName":"search_term_string"}}],"inLanguage":"es"},{"@type":"Organization","@id":"https:\/\/www.modula.eu\/es\/#organization","name":"Modula","url":"https:\/\/www.modula.eu\/es\/","logo":{"@type":"ImageObject","inLanguage":"es","@id":"https:\/\/www.modula.eu\/es\/#\/schema\/logo\/image\/","url":"https:\/\/www.modula.eu\/wp-content\/uploads\/2022\/12\/Modula-logo.jpg","contentUrl":"https:\/\/www.modula.eu\/wp-content\/uploads\/2022\/12\/Modula-logo.jpg","width":759,"height":512,"caption":"Modula"},"image":{"@id":"https:\/\/www.modula.eu\/es\/#\/schema\/logo\/image\/"}},{"@type":"Person","@id":"https:\/\/www.modula.eu\/es\/#\/schema\/person\/7c5b83a68cf511134b5990861dad5936","name":"bznadmin","sameAs":["https:\/\/www.modula.eu"]}]}},"_links":{"self":[{"href":"https:\/\/www.modula.eu\/es\/wp-json\/wp\/v2\/posts\/7606","targetHints":{"allow":["GET"]}}],"collection":[{"href":"https:\/\/www.modula.eu\/es\/wp-json\/wp\/v2\/posts"}],"about":[{"href":"https:\/\/www.modula.eu\/es\/wp-json\/wp\/v2\/types\/post"}],"author":[{"embeddable":true,"href":"https:\/\/www.modula.eu\/es\/wp-json\/wp\/v2\/users\/1"}],"replies":[{"embeddable":true,"href":"https:\/\/www.modula.eu\/es\/wp-json\/wp\/v2\/comments?post=7606"}],"version-history":[{"count":0,"href":"https:\/\/www.modula.eu\/es\/wp-json\/wp\/v2\/posts\/7606\/revisions"}],"wp:featuredmedia":[{"embeddable":true,"href":"https:\/\/www.modula.eu\/es\/wp-json\/wp\/v2\/media\/5495"}],"wp:attachment":[{"href":"https:\/\/www.modula.eu\/es\/wp-json\/wp\/v2\/media?parent=7606"}],"wp:term":[{"taxonomy":"category","embeddable":true,"href":"https:\/\/www.modula.eu\/es\/wp-json\/wp\/v2\/categories?post=7606"},{"taxonomy":"post_tag","embeddable":true,"href":"https:\/\/www.modula.eu\/es\/wp-json\/wp\/v2\/tags?post=7606"}],"curies":[{"name":"wp","href":"https:\/\/api.w.org\/{rel}","templated":true}]}}