{"id":78839,"date":"2026-04-30T00:00:07","date_gmt":"2026-04-29T22:00:07","guid":{"rendered":"https:\/\/www.modula.eu\/blog\/vertical-lift-module-and-integrated-automation-how-modula-connects-robots-amrs-conveyors-agvs-and-picking-systems-in-a-single-ecosystem\/"},"modified":"2026-05-08T15:47:51","modified_gmt":"2026-05-08T13:47:51","slug":"almacen-automatico-vertical-y-automatizacion-integrada-como-modula-conecta-robots-amr-conveyors-agv-y-sistemas-de-picking-en-un-unico-ecosistema","status":"publish","type":"post","link":"https:\/\/www.modula.eu\/es\/blog\/almacen-automatico-vertical-y-automatizacion-integrada-como-modula-conecta-robots-amr-conveyors-agv-y-sistemas-de-picking-en-un-unico-ecosistema\/","title":{"rendered":"Almac\u00e9n autom\u00e1tico vertical y automatizaci\u00f3n integrada: c\u00f3mo Modula conecta robots, AMR, conveyors, AGV y sistemas de picking en un \u00fanico ecosistema"},"content":{"rendered":"","protected":false},"excerpt":{"rendered":"","protected":false},"author":6,"featured_media":78876,"comment_status":"closed","ping_status":"closed","sticky":false,"template":"","format":"standard","meta":{"_acf_changed":false,"inline_featured_image":false,"footnotes":""},"categories":[56],"tags":[],"class_list":["post-78839","post","type-post","status-publish","format-standard","has-post-thumbnail","hentry","category-almacenes-automaticos"],"acf":[],"yoast_head":"<!-- This site is optimized with the Yoast SEO plugin v28.3 - https:\/\/yoast.com\/product\/yoast-seo-wordpress\/ -->\n<title>VLM y automatizaci\u00f3n integrada | Modula<\/title>\n<meta name=\"description\" content=\"Descubre c\u00f3mo los almacenes autom\u00e1ticos verticales se integran con robots, AMRs, AGVs, transportadores y sistemas de picking en un ecosistema intralog\u00edstico conectado.\" \/>\n<meta name=\"robots\" content=\"index, follow, max-snippet:-1, max-image-preview:large, max-video-preview:-1\" \/>\n<link rel=\"canonical\" href=\"https:\/\/www.modula.eu\/es\/blog\/almacen-automatico-vertical-y-automatizacion-integrada-como-modula-conecta-robots-amr-conveyors-agv-y-sistemas-de-picking-en-un-unico-ecosistema\/\" \/>\n<meta property=\"og:locale\" content=\"es_ES\" \/>\n<meta property=\"og:type\" content=\"article\" \/>\n<meta property=\"og:title\" content=\"VLM y automatizaci\u00f3n integrada | Modula\" \/>\n<meta property=\"og:description\" content=\"Descubre c\u00f3mo los almacenes autom\u00e1ticos verticales se integran con robots, AMRs, AGVs, transportadores y sistemas de picking en un ecosistema intralog\u00edstico conectado.\" \/>\n<meta property=\"og:url\" content=\"https:\/\/www.modula.eu\/es\/blog\/almacen-automatico-vertical-y-automatizacion-integrada-como-modula-conecta-robots-amr-conveyors-agv-y-sistemas-de-picking-en-un-unico-ecosistema\/\" \/>\n<meta property=\"og:site_name\" content=\"Modula\" \/>\n<meta property=\"article:published_time\" content=\"2026-04-29T22:00:07+00:00\" \/>\n<meta property=\"article:modified_time\" content=\"2026-05-08T13:47:51+00:00\" \/>\n<meta property=\"og:image\" content=\"https:\/\/www.modula.eu\/wp-content\/uploads\/2026\/04\/blog_integracionesi.jpg\" \/>\n\t<meta property=\"og:image:width\" content=\"1200\" \/>\n\t<meta property=\"og:image:height\" content=\"600\" \/>\n\t<meta property=\"og:image:type\" content=\"image\/jpeg\" \/>\n<meta name=\"author\" content=\"Irene Bretta\" \/>\n<meta name=\"twitter:card\" content=\"summary_large_image\" \/>\n<meta name=\"twitter:label1\" content=\"Escrito por\" \/>\n\t<meta name=\"twitter:data1\" content=\"Irene Bretta\" \/>\n<script type=\"application\/ld+json\" class=\"yoast-schema-graph\">{\"@context\":\"https:\\\/\\\/schema.org\",\"@graph\":[{\"@type\":\"BlogPosting\",\"@id\":\"https:\\\/\\\/www.modula.eu\\\/es\\\/blog\\\/almacen-automatico-vertical-y-automatizacion-integrada-como-modula-conecta-robots-amr-conveyors-agv-y-sistemas-de-picking-en-un-unico-ecosistema\\\/#article\",\"isPartOf\":{\"@id\":\"https:\\\/\\\/www.modula.eu\\\/es\\\/blog\\\/almacen-automatico-vertical-y-automatizacion-integrada-como-modula-conecta-robots-amr-conveyors-agv-y-sistemas-de-picking-en-un-unico-ecosistema\\\/\"},\"author\":{\"name\":\"Irene Bretta\",\"@id\":\"https:\\\/\\\/www.modula.eu\\\/es\\\/#\\\/schema\\\/person\\\/8418fb3a8951e09a2aabee89b6004c6c\"},\"headline\":\"Almac\u00e9n autom\u00e1tico vertical y automatizaci\u00f3n integrada: c\u00f3mo Modula conecta robots, AMR, conveyors, AGV y sistemas de picking en un \u00fanico ecosistema\",\"datePublished\":\"2026-04-29T22:00:07+00:00\",\"dateModified\":\"2026-05-08T13:47:51+00:00\",\"mainEntityOfPage\":{\"@id\":\"https:\\\/\\\/www.modula.eu\\\/es\\\/blog\\\/almacen-automatico-vertical-y-automatizacion-integrada-como-modula-conecta-robots-amr-conveyors-agv-y-sistemas-de-picking-en-un-unico-ecosistema\\\/\"},\"wordCount\":25,\"publisher\":{\"@id\":\"https:\\\/\\\/www.modula.eu\\\/es\\\/#organization\"},\"image\":{\"@id\":\"https:\\\/\\\/www.modula.eu\\\/es\\\/blog\\\/almacen-automatico-vertical-y-automatizacion-integrada-como-modula-conecta-robots-amr-conveyors-agv-y-sistemas-de-picking-en-un-unico-ecosistema\\\/#primaryimage\"},\"thumbnailUrl\":\"https:\\\/\\\/www.modula.eu\\\/wp-content\\\/uploads\\\/2026\\\/04\\\/blog_integracionesi.jpg\",\"articleSection\":[\"Almacenes rotativos autom\u00e1ticos\"],\"inLanguage\":\"es\"},{\"@type\":\"WebPage\",\"@id\":\"https:\\\/\\\/www.modula.eu\\\/es\\\/blog\\\/almacen-automatico-vertical-y-automatizacion-integrada-como-modula-conecta-robots-amr-conveyors-agv-y-sistemas-de-picking-en-un-unico-ecosistema\\\/\",\"url\":\"https:\\\/\\\/www.modula.eu\\\/es\\\/blog\\\/almacen-automatico-vertical-y-automatizacion-integrada-como-modula-conecta-robots-amr-conveyors-agv-y-sistemas-de-picking-en-un-unico-ecosistema\\\/\",\"name\":\"VLM y automatizaci\u00f3n integrada | Modula\",\"isPartOf\":{\"@id\":\"https:\\\/\\\/www.modula.eu\\\/es\\\/#website\"},\"primaryImageOfPage\":{\"@id\":\"https:\\\/\\\/www.modula.eu\\\/es\\\/blog\\\/almacen-automatico-vertical-y-automatizacion-integrada-como-modula-conecta-robots-amr-conveyors-agv-y-sistemas-de-picking-en-un-unico-ecosistema\\\/#primaryimage\"},\"image\":{\"@id\":\"https:\\\/\\\/www.modula.eu\\\/es\\\/blog\\\/almacen-automatico-vertical-y-automatizacion-integrada-como-modula-conecta-robots-amr-conveyors-agv-y-sistemas-de-picking-en-un-unico-ecosistema\\\/#primaryimage\"},\"thumbnailUrl\":\"https:\\\/\\\/www.modula.eu\\\/wp-content\\\/uploads\\\/2026\\\/04\\\/blog_integracionesi.jpg\",\"datePublished\":\"2026-04-29T22:00:07+00:00\",\"dateModified\":\"2026-05-08T13:47:51+00:00\",\"description\":\"Descubre c\u00f3mo los almacenes autom\u00e1ticos verticales se integran con robots, AMRs, AGVs, transportadores y sistemas de picking en un ecosistema intralog\u00edstico conectado.\",\"breadcrumb\":{\"@id\":\"https:\\\/\\\/www.modula.eu\\\/es\\\/blog\\\/almacen-automatico-vertical-y-automatizacion-integrada-como-modula-conecta-robots-amr-conveyors-agv-y-sistemas-de-picking-en-un-unico-ecosistema\\\/#breadcrumb\"},\"inLanguage\":\"es\",\"potentialAction\":[{\"@type\":\"ReadAction\",\"target\":[\"https:\\\/\\\/www.modula.eu\\\/es\\\/blog\\\/almacen-automatico-vertical-y-automatizacion-integrada-como-modula-conecta-robots-amr-conveyors-agv-y-sistemas-de-picking-en-un-unico-ecosistema\\\/\"]}]},{\"@type\":\"ImageObject\",\"inLanguage\":\"es\",\"@id\":\"https:\\\/\\\/www.modula.eu\\\/es\\\/blog\\\/almacen-automatico-vertical-y-automatizacion-integrada-como-modula-conecta-robots-amr-conveyors-agv-y-sistemas-de-picking-en-un-unico-ecosistema\\\/#primaryimage\",\"url\":\"https:\\\/\\\/www.modula.eu\\\/wp-content\\\/uploads\\\/2026\\\/04\\\/blog_integracionesi.jpg\",\"contentUrl\":\"https:\\\/\\\/www.modula.eu\\\/wp-content\\\/uploads\\\/2026\\\/04\\\/blog_integracionesi.jpg\",\"width\":1200,\"height\":600},{\"@type\":\"BreadcrumbList\",\"@id\":\"https:\\\/\\\/www.modula.eu\\\/es\\\/blog\\\/almacen-automatico-vertical-y-automatizacion-integrada-como-modula-conecta-robots-amr-conveyors-agv-y-sistemas-de-picking-en-un-unico-ecosistema\\\/#breadcrumb\",\"itemListElement\":[{\"@type\":\"ListItem\",\"position\":1,\"name\":\"Home\",\"item\":\"https:\\\/\\\/www.modula.eu\\\/es\\\/\"},{\"@type\":\"ListItem\",\"position\":2,\"name\":\"Almacenes rotativos autom\u00e1ticos\",\"item\":\"https:\\\/\\\/www.modula.eu\\\/es\\\/blog\\\/almacenes-automaticos\\\/\"},{\"@type\":\"ListItem\",\"position\":3,\"name\":\"Almac\u00e9n autom\u00e1tico vertical y automatizaci\u00f3n integrada: c\u00f3mo Modula conecta robots, AMR, conveyors, AGV y sistemas de picking en un \u00fanico ecosistema\"}]},{\"@type\":\"WebSite\",\"@id\":\"https:\\\/\\\/www.modula.eu\\\/es\\\/#website\",\"url\":\"https:\\\/\\\/www.modula.eu\\\/es\\\/\",\"name\":\"Modula S.p.A.\",\"description\":\"Think Vertical\",\"publisher\":{\"@id\":\"https:\\\/\\\/www.modula.eu\\\/es\\\/#organization\"},\"potentialAction\":[{\"@type\":\"SearchAction\",\"target\":{\"@type\":\"EntryPoint\",\"urlTemplate\":\"https:\\\/\\\/www.modula.eu\\\/es\\\/?s={search_term_string}\"},\"query-input\":{\"@type\":\"PropertyValueSpecification\",\"valueRequired\":true,\"valueName\":\"search_term_string\"}}],\"inLanguage\":\"es\"},{\"@type\":\"Person\",\"@id\":\"https:\\\/\\\/www.modula.eu\\\/es\\\/#\\\/schema\\\/person\\\/8418fb3a8951e09a2aabee89b6004c6c\",\"name\":\"Irene Bretta\"}]}<\/script>\n<!-- \/ Yoast SEO plugin. -->","yoast_head_json":{"title":"VLM y automatizaci\u00f3n integrada | Modula","description":"Descubre c\u00f3mo los almacenes autom\u00e1ticos verticales se integran con robots, AMRs, AGVs, transportadores y sistemas de picking en un ecosistema intralog\u00edstico conectado.","robots":{"index":"index","follow":"follow","max-snippet":"max-snippet:-1","max-image-preview":"max-image-preview:large","max-video-preview":"max-video-preview:-1"},"canonical":"https:\/\/www.modula.eu\/es\/blog\/almacen-automatico-vertical-y-automatizacion-integrada-como-modula-conecta-robots-amr-conveyors-agv-y-sistemas-de-picking-en-un-unico-ecosistema\/","og_locale":"es_ES","og_type":"article","og_title":"VLM y automatizaci\u00f3n integrada | Modula","og_description":"Descubre c\u00f3mo los almacenes autom\u00e1ticos verticales se integran con robots, AMRs, AGVs, transportadores y sistemas de picking en un ecosistema intralog\u00edstico conectado.","og_url":"https:\/\/www.modula.eu\/es\/blog\/almacen-automatico-vertical-y-automatizacion-integrada-como-modula-conecta-robots-amr-conveyors-agv-y-sistemas-de-picking-en-un-unico-ecosistema\/","og_site_name":"Modula","article_published_time":"2026-04-29T22:00:07+00:00","article_modified_time":"2026-05-08T13:47:51+00:00","og_image":[{"width":1200,"height":600,"url":"https:\/\/www.modula.eu\/wp-content\/uploads\/2026\/04\/blog_integracionesi.jpg","type":"image\/jpeg"}],"author":"Irene Bretta","twitter_card":"summary_large_image","twitter_misc":{"Escrito por":"Irene Bretta"},"schema":{"@context":"https:\/\/schema.org","@graph":[{"@type":"BlogPosting","@id":"https:\/\/www.modula.eu\/es\/blog\/almacen-automatico-vertical-y-automatizacion-integrada-como-modula-conecta-robots-amr-conveyors-agv-y-sistemas-de-picking-en-un-unico-ecosistema\/#article","isPartOf":{"@id":"https:\/\/www.modula.eu\/es\/blog\/almacen-automatico-vertical-y-automatizacion-integrada-como-modula-conecta-robots-amr-conveyors-agv-y-sistemas-de-picking-en-un-unico-ecosistema\/"},"author":{"name":"Irene Bretta","@id":"https:\/\/www.modula.eu\/es\/#\/schema\/person\/8418fb3a8951e09a2aabee89b6004c6c"},"headline":"Almac\u00e9n autom\u00e1tico vertical y automatizaci\u00f3n integrada: c\u00f3mo Modula conecta robots, AMR, conveyors, AGV y sistemas de picking en un \u00fanico ecosistema","datePublished":"2026-04-29T22:00:07+00:00","dateModified":"2026-05-08T13:47:51+00:00","mainEntityOfPage":{"@id":"https:\/\/www.modula.eu\/es\/blog\/almacen-automatico-vertical-y-automatizacion-integrada-como-modula-conecta-robots-amr-conveyors-agv-y-sistemas-de-picking-en-un-unico-ecosistema\/"},"wordCount":25,"publisher":{"@id":"https:\/\/www.modula.eu\/es\/#organization"},"image":{"@id":"https:\/\/www.modula.eu\/es\/blog\/almacen-automatico-vertical-y-automatizacion-integrada-como-modula-conecta-robots-amr-conveyors-agv-y-sistemas-de-picking-en-un-unico-ecosistema\/#primaryimage"},"thumbnailUrl":"https:\/\/www.modula.eu\/wp-content\/uploads\/2026\/04\/blog_integracionesi.jpg","articleSection":["Almacenes rotativos autom\u00e1ticos"],"inLanguage":"es"},{"@type":"WebPage","@id":"https:\/\/www.modula.eu\/es\/blog\/almacen-automatico-vertical-y-automatizacion-integrada-como-modula-conecta-robots-amr-conveyors-agv-y-sistemas-de-picking-en-un-unico-ecosistema\/","url":"https:\/\/www.modula.eu\/es\/blog\/almacen-automatico-vertical-y-automatizacion-integrada-como-modula-conecta-robots-amr-conveyors-agv-y-sistemas-de-picking-en-un-unico-ecosistema\/","name":"VLM y automatizaci\u00f3n integrada | Modula","isPartOf":{"@id":"https:\/\/www.modula.eu\/es\/#website"},"primaryImageOfPage":{"@id":"https:\/\/www.modula.eu\/es\/blog\/almacen-automatico-vertical-y-automatizacion-integrada-como-modula-conecta-robots-amr-conveyors-agv-y-sistemas-de-picking-en-un-unico-ecosistema\/#primaryimage"},"image":{"@id":"https:\/\/www.modula.eu\/es\/blog\/almacen-automatico-vertical-y-automatizacion-integrada-como-modula-conecta-robots-amr-conveyors-agv-y-sistemas-de-picking-en-un-unico-ecosistema\/#primaryimage"},"thumbnailUrl":"https:\/\/www.modula.eu\/wp-content\/uploads\/2026\/04\/blog_integracionesi.jpg","datePublished":"2026-04-29T22:00:07+00:00","dateModified":"2026-05-08T13:47:51+00:00","description":"Descubre c\u00f3mo los almacenes autom\u00e1ticos verticales se integran con robots, AMRs, AGVs, transportadores y sistemas de picking en un ecosistema intralog\u00edstico conectado.","breadcrumb":{"@id":"https:\/\/www.modula.eu\/es\/blog\/almacen-automatico-vertical-y-automatizacion-integrada-como-modula-conecta-robots-amr-conveyors-agv-y-sistemas-de-picking-en-un-unico-ecosistema\/#breadcrumb"},"inLanguage":"es","potentialAction":[{"@type":"ReadAction","target":["https:\/\/www.modula.eu\/es\/blog\/almacen-automatico-vertical-y-automatizacion-integrada-como-modula-conecta-robots-amr-conveyors-agv-y-sistemas-de-picking-en-un-unico-ecosistema\/"]}]},{"@type":"ImageObject","inLanguage":"es","@id":"https:\/\/www.modula.eu\/es\/blog\/almacen-automatico-vertical-y-automatizacion-integrada-como-modula-conecta-robots-amr-conveyors-agv-y-sistemas-de-picking-en-un-unico-ecosistema\/#primaryimage","url":"https:\/\/www.modula.eu\/wp-content\/uploads\/2026\/04\/blog_integracionesi.jpg","contentUrl":"https:\/\/www.modula.eu\/wp-content\/uploads\/2026\/04\/blog_integracionesi.jpg","width":1200,"height":600},{"@type":"BreadcrumbList","@id":"https:\/\/www.modula.eu\/es\/blog\/almacen-automatico-vertical-y-automatizacion-integrada-como-modula-conecta-robots-amr-conveyors-agv-y-sistemas-de-picking-en-un-unico-ecosistema\/#breadcrumb","itemListElement":[{"@type":"ListItem","position":1,"name":"Home","item":"https:\/\/www.modula.eu\/es\/"},{"@type":"ListItem","position":2,"name":"Almacenes rotativos autom\u00e1ticos","item":"https:\/\/www.modula.eu\/es\/blog\/almacenes-automaticos\/"},{"@type":"ListItem","position":3,"name":"Almac\u00e9n autom\u00e1tico vertical y automatizaci\u00f3n integrada: c\u00f3mo Modula conecta robots, AMR, conveyors, AGV y sistemas de picking en un \u00fanico ecosistema"}]},{"@type":"WebSite","@id":"https:\/\/www.modula.eu\/es\/#website","url":"https:\/\/www.modula.eu\/es\/","name":"Modula S.p.A.","description":"Think Vertical","publisher":{"@id":"https:\/\/www.modula.eu\/es\/#organization"},"potentialAction":[{"@type":"SearchAction","target":{"@type":"EntryPoint","urlTemplate":"https:\/\/www.modula.eu\/es\/?s={search_term_string}"},"query-input":{"@type":"PropertyValueSpecification","valueRequired":true,"valueName":"search_term_string"}}],"inLanguage":"es"},{"@type":"Person","@id":"https:\/\/www.modula.eu\/es\/#\/schema\/person\/8418fb3a8951e09a2aabee89b6004c6c","name":"Irene Bretta"}]}},"permalink_manager":null,"_links":{"self":[{"href":"https:\/\/www.modula.eu\/es\/wp-json\/wp\/v2\/posts\/78839","targetHints":{"allow":["GET"]}}],"collection":[{"href":"https:\/\/www.modula.eu\/es\/wp-json\/wp\/v2\/posts"}],"about":[{"href":"https:\/\/www.modula.eu\/es\/wp-json\/wp\/v2\/types\/post"}],"author":[{"embeddable":true,"href":"https:\/\/www.modula.eu\/es\/wp-json\/wp\/v2\/users\/6"}],"replies":[{"embeddable":true,"href":"https:\/\/www.modula.eu\/es\/wp-json\/wp\/v2\/comments?post=78839"}],"version-history":[{"count":0,"href":"https:\/\/www.modula.eu\/es\/wp-json\/wp\/v2\/posts\/78839\/revisions"}],"wp:featuredmedia":[{"embeddable":true,"href":"https:\/\/www.modula.eu\/es\/wp-json\/wp\/v2\/media\/78876"}],"wp:attachment":[{"href":"https:\/\/www.modula.eu\/es\/wp-json\/wp\/v2\/media?parent=78839"}],"wp:term":[{"taxonomy":"category","embeddable":true,"href":"https:\/\/www.modula.eu\/es\/wp-json\/wp\/v2\/categories?post=78839"},{"taxonomy":"post_tag","embeddable":true,"href":"https:\/\/www.modula.eu\/es\/wp-json\/wp\/v2\/tags?post=78839"}],"curies":[{"name":"wp","href":"https:\/\/api.w.org\/{rel}","templated":true}]}}