{"id":83920,"date":"2026-06-17T14:29:35","date_gmt":"2026-06-17T12:29:35","guid":{"rendered":"https:\/\/www.modula.eu\/blog\/pharmaceutical-logistics-why-it-is-a-strategic-asset-for-healthcare-industry-and-national-security\/"},"modified":"2026-06-17T16:25:03","modified_gmt":"2026-06-17T14:25:03","slug":"logistica-farmaceutica-por-que-es-un-activo-estrategico-para-la-salud-la-industria-y-la-seguridad-del-pais","status":"publish","type":"post","link":"https:\/\/www.modula.eu\/es\/blog\/logistica-farmaceutica-por-que-es-un-activo-estrategico-para-la-salud-la-industria-y-la-seguridad-del-pais\/","title":{"rendered":"Log\u00edstica farmac\u00e9utica: por qu\u00e9 es un activo estrat\u00e9gico para la salud, la industria y la seguridad del pa\u00eds"},"content":{"rendered":"","protected":false},"excerpt":{"rendered":"","protected":false},"author":6,"featured_media":83966,"comment_status":"closed","ping_status":"closed","sticky":false,"template":"","format":"standard","meta":{"_acf_changed":false,"inline_featured_image":false,"footnotes":""},"categories":[59],"tags":[],"class_list":["post-83920","post","type-post","status-publish","format-standard","has-post-thumbnail","hentry","category-gestion-del-almacen"],"acf":[],"yoast_head":"<!-- This site is optimized with the Yoast SEO plugin v28.3 - https:\/\/yoast.com\/product\/yoast-seo-wordpress\/ -->\n<title>Log\u00edstica farmac\u00e9utica: trazabilidad y eficiencia | Modula<\/title>\n<meta name=\"description\" content=\"Optimiza la log\u00edstica farmac\u00e9utica con automatizaci\u00f3n de almacenes: trazabilidad, menos errores de picking y mayor seguridad en la cadena de fr\u00edo.\" \/>\n<meta name=\"robots\" content=\"index, follow, max-snippet:-1, max-image-preview:large, max-video-preview:-1\" \/>\n<link rel=\"canonical\" href=\"https:\/\/www.modula.eu\/es\/blog\/logistica-farmaceutica-por-que-es-un-activo-estrategico-para-la-salud-la-industria-y-la-seguridad-del-pais\/\" \/>\n<meta property=\"og:locale\" content=\"es_ES\" \/>\n<meta property=\"og:type\" content=\"article\" \/>\n<meta property=\"og:title\" content=\"Log\u00edstica farmac\u00e9utica: trazabilidad y eficiencia | Modula\" \/>\n<meta property=\"og:description\" content=\"Optimiza la log\u00edstica farmac\u00e9utica con automatizaci\u00f3n de almacenes: trazabilidad, menos errores de picking y mayor seguridad en la cadena de fr\u00edo.\" \/>\n<meta property=\"og:url\" content=\"https:\/\/www.modula.eu\/es\/blog\/logistica-farmaceutica-por-que-es-un-activo-estrategico-para-la-salud-la-industria-y-la-seguridad-del-pais\/\" \/>\n<meta property=\"og:site_name\" content=\"Modula\" \/>\n<meta property=\"article:published_time\" content=\"2026-06-17T12:29:35+00:00\" \/>\n<meta property=\"article:modified_time\" content=\"2026-06-17T14:25:03+00:00\" \/>\n<meta property=\"og:image\" content=\"https:\/\/www.modula.eu\/wp-content\/uploads\/2026\/06\/Logistica-farmaceutica-4.jpg\" \/>\n\t<meta property=\"og:image:width\" content=\"500\" \/>\n\t<meta property=\"og:image:height\" content=\"270\" \/>\n\t<meta property=\"og:image:type\" content=\"image\/jpeg\" \/>\n<meta name=\"author\" content=\"Irene Bretta\" \/>\n<meta name=\"twitter:card\" content=\"summary_large_image\" \/>\n<meta name=\"twitter:label1\" content=\"Escrito por\" \/>\n\t<meta name=\"twitter:data1\" content=\"Irene Bretta\" \/>\n<script type=\"application\/ld+json\" class=\"yoast-schema-graph\">{\"@context\":\"https:\\\/\\\/schema.org\",\"@graph\":[{\"@type\":\"BlogPosting\",\"@id\":\"https:\\\/\\\/www.modula.eu\\\/es\\\/blog\\\/logistica-farmaceutica-por-que-es-un-activo-estrategico-para-la-salud-la-industria-y-la-seguridad-del-pais\\\/#article\",\"isPartOf\":{\"@id\":\"https:\\\/\\\/www.modula.eu\\\/es\\\/blog\\\/logistica-farmaceutica-por-que-es-un-activo-estrategico-para-la-salud-la-industria-y-la-seguridad-del-pais\\\/\"},\"author\":{\"name\":\"Irene Bretta\",\"@id\":\"https:\\\/\\\/www.modula.eu\\\/es\\\/#\\\/schema\\\/person\\\/8418fb3a8951e09a2aabee89b6004c6c\"},\"headline\":\"Log\u00edstica farmac\u00e9utica: por qu\u00e9 es un activo estrat\u00e9gico para la salud, la industria y la seguridad del pa\u00eds\",\"datePublished\":\"2026-06-17T12:29:35+00:00\",\"dateModified\":\"2026-06-17T14:25:03+00:00\",\"mainEntityOfPage\":{\"@id\":\"https:\\\/\\\/www.modula.eu\\\/es\\\/blog\\\/logistica-farmaceutica-por-que-es-un-activo-estrategico-para-la-salud-la-industria-y-la-seguridad-del-pais\\\/\"},\"wordCount\":22,\"publisher\":{\"@id\":\"https:\\\/\\\/www.modula.eu\\\/es\\\/#organization\"},\"image\":{\"@id\":\"https:\\\/\\\/www.modula.eu\\\/es\\\/blog\\\/logistica-farmaceutica-por-que-es-un-activo-estrategico-para-la-salud-la-industria-y-la-seguridad-del-pais\\\/#primaryimage\"},\"thumbnailUrl\":\"https:\\\/\\\/www.modula.eu\\\/wp-content\\\/uploads\\\/2026\\\/06\\\/Logistica-farmaceutica-4.jpg\",\"articleSection\":[\"Gesti\u00f3n del almac\u00e9n\"],\"inLanguage\":\"es\"},{\"@type\":\"WebPage\",\"@id\":\"https:\\\/\\\/www.modula.eu\\\/es\\\/blog\\\/logistica-farmaceutica-por-que-es-un-activo-estrategico-para-la-salud-la-industria-y-la-seguridad-del-pais\\\/\",\"url\":\"https:\\\/\\\/www.modula.eu\\\/es\\\/blog\\\/logistica-farmaceutica-por-que-es-un-activo-estrategico-para-la-salud-la-industria-y-la-seguridad-del-pais\\\/\",\"name\":\"Log\u00edstica farmac\u00e9utica: trazabilidad y eficiencia | Modula\",\"isPartOf\":{\"@id\":\"https:\\\/\\\/www.modula.eu\\\/es\\\/#website\"},\"primaryImageOfPage\":{\"@id\":\"https:\\\/\\\/www.modula.eu\\\/es\\\/blog\\\/logistica-farmaceutica-por-que-es-un-activo-estrategico-para-la-salud-la-industria-y-la-seguridad-del-pais\\\/#primaryimage\"},\"image\":{\"@id\":\"https:\\\/\\\/www.modula.eu\\\/es\\\/blog\\\/logistica-farmaceutica-por-que-es-un-activo-estrategico-para-la-salud-la-industria-y-la-seguridad-del-pais\\\/#primaryimage\"},\"thumbnailUrl\":\"https:\\\/\\\/www.modula.eu\\\/wp-content\\\/uploads\\\/2026\\\/06\\\/Logistica-farmaceutica-4.jpg\",\"datePublished\":\"2026-06-17T12:29:35+00:00\",\"dateModified\":\"2026-06-17T14:25:03+00:00\",\"description\":\"Optimiza la log\u00edstica farmac\u00e9utica con automatizaci\u00f3n de almacenes: trazabilidad, menos errores de picking y mayor seguridad en la cadena de fr\u00edo.\",\"breadcrumb\":{\"@id\":\"https:\\\/\\\/www.modula.eu\\\/es\\\/blog\\\/logistica-farmaceutica-por-que-es-un-activo-estrategico-para-la-salud-la-industria-y-la-seguridad-del-pais\\\/#breadcrumb\"},\"inLanguage\":\"es\",\"potentialAction\":[{\"@type\":\"ReadAction\",\"target\":[\"https:\\\/\\\/www.modula.eu\\\/es\\\/blog\\\/logistica-farmaceutica-por-que-es-un-activo-estrategico-para-la-salud-la-industria-y-la-seguridad-del-pais\\\/\"]}]},{\"@type\":\"ImageObject\",\"inLanguage\":\"es\",\"@id\":\"https:\\\/\\\/www.modula.eu\\\/es\\\/blog\\\/logistica-farmaceutica-por-que-es-un-activo-estrategico-para-la-salud-la-industria-y-la-seguridad-del-pais\\\/#primaryimage\",\"url\":\"https:\\\/\\\/www.modula.eu\\\/wp-content\\\/uploads\\\/2026\\\/06\\\/Logistica-farmaceutica-4.jpg\",\"contentUrl\":\"https:\\\/\\\/www.modula.eu\\\/wp-content\\\/uploads\\\/2026\\\/06\\\/Logistica-farmaceutica-4.jpg\",\"width\":500,\"height\":270},{\"@type\":\"BreadcrumbList\",\"@id\":\"https:\\\/\\\/www.modula.eu\\\/es\\\/blog\\\/logistica-farmaceutica-por-que-es-un-activo-estrategico-para-la-salud-la-industria-y-la-seguridad-del-pais\\\/#breadcrumb\",\"itemListElement\":[{\"@type\":\"ListItem\",\"position\":1,\"name\":\"Home\",\"item\":\"https:\\\/\\\/www.modula.eu\\\/es\\\/\"},{\"@type\":\"ListItem\",\"position\":2,\"name\":\"Gesti\u00f3n del almac\u00e9n\",\"item\":\"https:\\\/\\\/www.modula.eu\\\/es\\\/blog\\\/gestion-del-almacen\\\/\"},{\"@type\":\"ListItem\",\"position\":3,\"name\":\"Log\u00edstica farmac\u00e9utica: por qu\u00e9 es un activo estrat\u00e9gico para la salud, la industria y la seguridad del pa\u00eds\"}]},{\"@type\":\"WebSite\",\"@id\":\"https:\\\/\\\/www.modula.eu\\\/es\\\/#website\",\"url\":\"https:\\\/\\\/www.modula.eu\\\/es\\\/\",\"name\":\"Modula S.p.A.\",\"description\":\"Think Vertical\",\"publisher\":{\"@id\":\"https:\\\/\\\/www.modula.eu\\\/es\\\/#organization\"},\"potentialAction\":[{\"@type\":\"SearchAction\",\"target\":{\"@type\":\"EntryPoint\",\"urlTemplate\":\"https:\\\/\\\/www.modula.eu\\\/es\\\/?s={search_term_string}\"},\"query-input\":{\"@type\":\"PropertyValueSpecification\",\"valueRequired\":true,\"valueName\":\"search_term_string\"}}],\"inLanguage\":\"es\"},{\"@type\":\"Person\",\"@id\":\"https:\\\/\\\/www.modula.eu\\\/es\\\/#\\\/schema\\\/person\\\/8418fb3a8951e09a2aabee89b6004c6c\",\"name\":\"Irene Bretta\"}]}<\/script>\n<!-- \/ Yoast SEO plugin. -->","yoast_head_json":{"title":"Log\u00edstica farmac\u00e9utica: trazabilidad y eficiencia | Modula","description":"Optimiza la log\u00edstica farmac\u00e9utica con automatizaci\u00f3n de almacenes: trazabilidad, menos errores de picking y mayor seguridad en la cadena de fr\u00edo.","robots":{"index":"index","follow":"follow","max-snippet":"max-snippet:-1","max-image-preview":"max-image-preview:large","max-video-preview":"max-video-preview:-1"},"canonical":"https:\/\/www.modula.eu\/es\/blog\/logistica-farmaceutica-por-que-es-un-activo-estrategico-para-la-salud-la-industria-y-la-seguridad-del-pais\/","og_locale":"es_ES","og_type":"article","og_title":"Log\u00edstica farmac\u00e9utica: trazabilidad y eficiencia | Modula","og_description":"Optimiza la log\u00edstica farmac\u00e9utica con automatizaci\u00f3n de almacenes: trazabilidad, menos errores de picking y mayor seguridad en la cadena de fr\u00edo.","og_url":"https:\/\/www.modula.eu\/es\/blog\/logistica-farmaceutica-por-que-es-un-activo-estrategico-para-la-salud-la-industria-y-la-seguridad-del-pais\/","og_site_name":"Modula","article_published_time":"2026-06-17T12:29:35+00:00","article_modified_time":"2026-06-17T14:25:03+00:00","og_image":[{"width":500,"height":270,"url":"https:\/\/www.modula.eu\/wp-content\/uploads\/2026\/06\/Logistica-farmaceutica-4.jpg","type":"image\/jpeg"}],"author":"Irene Bretta","twitter_card":"summary_large_image","twitter_misc":{"Escrito por":"Irene Bretta"},"schema":{"@context":"https:\/\/schema.org","@graph":[{"@type":"BlogPosting","@id":"https:\/\/www.modula.eu\/es\/blog\/logistica-farmaceutica-por-que-es-un-activo-estrategico-para-la-salud-la-industria-y-la-seguridad-del-pais\/#article","isPartOf":{"@id":"https:\/\/www.modula.eu\/es\/blog\/logistica-farmaceutica-por-que-es-un-activo-estrategico-para-la-salud-la-industria-y-la-seguridad-del-pais\/"},"author":{"name":"Irene Bretta","@id":"https:\/\/www.modula.eu\/es\/#\/schema\/person\/8418fb3a8951e09a2aabee89b6004c6c"},"headline":"Log\u00edstica farmac\u00e9utica: por qu\u00e9 es un activo estrat\u00e9gico para la salud, la industria y la seguridad del pa\u00eds","datePublished":"2026-06-17T12:29:35+00:00","dateModified":"2026-06-17T14:25:03+00:00","mainEntityOfPage":{"@id":"https:\/\/www.modula.eu\/es\/blog\/logistica-farmaceutica-por-que-es-un-activo-estrategico-para-la-salud-la-industria-y-la-seguridad-del-pais\/"},"wordCount":22,"publisher":{"@id":"https:\/\/www.modula.eu\/es\/#organization"},"image":{"@id":"https:\/\/www.modula.eu\/es\/blog\/logistica-farmaceutica-por-que-es-un-activo-estrategico-para-la-salud-la-industria-y-la-seguridad-del-pais\/#primaryimage"},"thumbnailUrl":"https:\/\/www.modula.eu\/wp-content\/uploads\/2026\/06\/Logistica-farmaceutica-4.jpg","articleSection":["Gesti\u00f3n del almac\u00e9n"],"inLanguage":"es"},{"@type":"WebPage","@id":"https:\/\/www.modula.eu\/es\/blog\/logistica-farmaceutica-por-que-es-un-activo-estrategico-para-la-salud-la-industria-y-la-seguridad-del-pais\/","url":"https:\/\/www.modula.eu\/es\/blog\/logistica-farmaceutica-por-que-es-un-activo-estrategico-para-la-salud-la-industria-y-la-seguridad-del-pais\/","name":"Log\u00edstica farmac\u00e9utica: trazabilidad y eficiencia | Modula","isPartOf":{"@id":"https:\/\/www.modula.eu\/es\/#website"},"primaryImageOfPage":{"@id":"https:\/\/www.modula.eu\/es\/blog\/logistica-farmaceutica-por-que-es-un-activo-estrategico-para-la-salud-la-industria-y-la-seguridad-del-pais\/#primaryimage"},"image":{"@id":"https:\/\/www.modula.eu\/es\/blog\/logistica-farmaceutica-por-que-es-un-activo-estrategico-para-la-salud-la-industria-y-la-seguridad-del-pais\/#primaryimage"},"thumbnailUrl":"https:\/\/www.modula.eu\/wp-content\/uploads\/2026\/06\/Logistica-farmaceutica-4.jpg","datePublished":"2026-06-17T12:29:35+00:00","dateModified":"2026-06-17T14:25:03+00:00","description":"Optimiza la log\u00edstica farmac\u00e9utica con automatizaci\u00f3n de almacenes: trazabilidad, menos errores de picking y mayor seguridad en la cadena de fr\u00edo.","breadcrumb":{"@id":"https:\/\/www.modula.eu\/es\/blog\/logistica-farmaceutica-por-que-es-un-activo-estrategico-para-la-salud-la-industria-y-la-seguridad-del-pais\/#breadcrumb"},"inLanguage":"es","potentialAction":[{"@type":"ReadAction","target":["https:\/\/www.modula.eu\/es\/blog\/logistica-farmaceutica-por-que-es-un-activo-estrategico-para-la-salud-la-industria-y-la-seguridad-del-pais\/"]}]},{"@type":"ImageObject","inLanguage":"es","@id":"https:\/\/www.modula.eu\/es\/blog\/logistica-farmaceutica-por-que-es-un-activo-estrategico-para-la-salud-la-industria-y-la-seguridad-del-pais\/#primaryimage","url":"https:\/\/www.modula.eu\/wp-content\/uploads\/2026\/06\/Logistica-farmaceutica-4.jpg","contentUrl":"https:\/\/www.modula.eu\/wp-content\/uploads\/2026\/06\/Logistica-farmaceutica-4.jpg","width":500,"height":270},{"@type":"BreadcrumbList","@id":"https:\/\/www.modula.eu\/es\/blog\/logistica-farmaceutica-por-que-es-un-activo-estrategico-para-la-salud-la-industria-y-la-seguridad-del-pais\/#breadcrumb","itemListElement":[{"@type":"ListItem","position":1,"name":"Home","item":"https:\/\/www.modula.eu\/es\/"},{"@type":"ListItem","position":2,"name":"Gesti\u00f3n del almac\u00e9n","item":"https:\/\/www.modula.eu\/es\/blog\/gestion-del-almacen\/"},{"@type":"ListItem","position":3,"name":"Log\u00edstica farmac\u00e9utica: por qu\u00e9 es un activo estrat\u00e9gico para la salud, la industria y la seguridad del pa\u00eds"}]},{"@type":"WebSite","@id":"https:\/\/www.modula.eu\/es\/#website","url":"https:\/\/www.modula.eu\/es\/","name":"Modula S.p.A.","description":"Think Vertical","publisher":{"@id":"https:\/\/www.modula.eu\/es\/#organization"},"potentialAction":[{"@type":"SearchAction","target":{"@type":"EntryPoint","urlTemplate":"https:\/\/www.modula.eu\/es\/?s={search_term_string}"},"query-input":{"@type":"PropertyValueSpecification","valueRequired":true,"valueName":"search_term_string"}}],"inLanguage":"es"},{"@type":"Person","@id":"https:\/\/www.modula.eu\/es\/#\/schema\/person\/8418fb3a8951e09a2aabee89b6004c6c","name":"Irene Bretta"}]}},"permalink_manager":null,"_links":{"self":[{"href":"https:\/\/www.modula.eu\/es\/wp-json\/wp\/v2\/posts\/83920","targetHints":{"allow":["GET"]}}],"collection":[{"href":"https:\/\/www.modula.eu\/es\/wp-json\/wp\/v2\/posts"}],"about":[{"href":"https:\/\/www.modula.eu\/es\/wp-json\/wp\/v2\/types\/post"}],"author":[{"embeddable":true,"href":"https:\/\/www.modula.eu\/es\/wp-json\/wp\/v2\/users\/6"}],"replies":[{"embeddable":true,"href":"https:\/\/www.modula.eu\/es\/wp-json\/wp\/v2\/comments?post=83920"}],"version-history":[{"count":3,"href":"https:\/\/www.modula.eu\/es\/wp-json\/wp\/v2\/posts\/83920\/revisions"}],"predecessor-version":[{"id":83976,"href":"https:\/\/www.modula.eu\/es\/wp-json\/wp\/v2\/posts\/83920\/revisions\/83976"}],"wp:featuredmedia":[{"embeddable":true,"href":"https:\/\/www.modula.eu\/es\/wp-json\/wp\/v2\/media\/83966"}],"wp:attachment":[{"href":"https:\/\/www.modula.eu\/es\/wp-json\/wp\/v2\/media?parent=83920"}],"wp:term":[{"taxonomy":"category","embeddable":true,"href":"https:\/\/www.modula.eu\/es\/wp-json\/wp\/v2\/categories?post=83920"},{"taxonomy":"post_tag","embeddable":true,"href":"https:\/\/www.modula.eu\/es\/wp-json\/wp\/v2\/tags?post=83920"}],"curies":[{"name":"wp","href":"https:\/\/api.w.org\/{rel}","templated":true}]}}