{"id":14903,"date":"2023-01-24T15:12:02","date_gmt":"2023-01-24T14:12:02","guid":{"rendered":"https:\/\/www.modula.eu\/blog\/il-magazzino-automatico-peculiarita-e-vantaggi\/"},"modified":"2025-03-13T16:01:43","modified_gmt":"2025-03-13T15:01:43","slug":"le-magasin-automatise-caractristiques-et-avantages","status":"publish","type":"post","link":"https:\/\/www.modula.eu\/fr\/blog\/le-magasin-automatise-caractristiques-et-avantages\/","title":{"rendered":"Le magasin automatis\u00e9 : caract\u00e9ristiques et avantages"},"content":{"rendered":"","protected":false},"excerpt":{"rendered":"","protected":false},"author":1,"featured_media":14187,"comment_status":"open","ping_status":"open","sticky":false,"template":"","format":"standard","meta":{"_acf_changed":false,"inline_featured_image":false,"footnotes":""},"categories":[57,92],"tags":[],"class_list":["post-14903","post","type-post","status-publish","format-standard","has-post-thumbnail","hentry","category-gestion-dentrepot","category-logistique-4-0"],"acf":[],"yoast_head":"<!-- This site is optimized with the Yoast SEO plugin v27.4 - https:\/\/yoast.com\/product\/yoast-seo-wordpress\/ -->\n<title>Le magasin automatis\u00e9 : caract\u00e9ristiques et avantages | Modula<\/title>\n<meta name=\"description\" content=\"L&#039;adoption d&#039;un entrep\u00f4t vertical automatique est li\u00e9e au concept de marchandises \u00e0 l&#039;homme, rendant l&#039;acc\u00e8s aux produits \u00e0 ramasser et \u00e0 d\u00e9poser beaucoup plus simple et plus s\u00fbr.\" \/>\n<meta name=\"robots\" content=\"index, follow, max-snippet:-1, max-image-preview:large, max-video-preview:-1\" \/>\n<link rel=\"canonical\" href=\"https:\/\/www.modula.eu\/fr\/blog\/le-magasin-automatise-caractristiques-et-avantages\/\" \/>\n<meta property=\"og:locale\" content=\"fr_FR\" \/>\n<meta property=\"og:type\" content=\"article\" \/>\n<meta property=\"og:title\" content=\"Le magasin automatis\u00e9 : caract\u00e9ristiques et avantages | Modula\" \/>\n<meta property=\"og:description\" content=\"L&#039;adoption d&#039;un entrep\u00f4t vertical automatique est li\u00e9e au concept de marchandises \u00e0 l&#039;homme, rendant l&#039;acc\u00e8s aux produits \u00e0 ramasser et \u00e0 d\u00e9poser beaucoup plus simple et plus s\u00fbr.\" \/>\n<meta property=\"og:url\" content=\"https:\/\/www.modula.eu\/fr\/blog\/le-magasin-automatise-caractristiques-et-avantages\/\" \/>\n<meta property=\"og:site_name\" content=\"Modula\" \/>\n<meta property=\"article:published_time\" content=\"2023-01-24T14:12:02+00:00\" \/>\n<meta property=\"article:modified_time\" content=\"2025-03-13T15:01:43+00:00\" \/>\n<meta property=\"og:image\" content=\"https:\/\/www.modula.eu\/wp-content\/uploads\/2022\/11\/Articolo-Pillar_1600x1361px4.jpg\" \/>\n\t<meta property=\"og:image:width\" content=\"1600\" \/>\n\t<meta property=\"og:image:height\" content=\"1361\" \/>\n\t<meta property=\"og:image:type\" content=\"image\/jpeg\" \/>\n<meta name=\"author\" content=\"bznadmin\" \/>\n<meta name=\"twitter:card\" content=\"summary_large_image\" \/>\n<meta name=\"twitter:label1\" content=\"\u00c9crit par\" \/>\n\t<meta name=\"twitter:data1\" content=\"bznadmin\" \/>\n<script type=\"application\/ld+json\" class=\"yoast-schema-graph\">{\"@context\":\"https:\\\/\\\/schema.org\",\"@graph\":[{\"@type\":\"Article\",\"@id\":\"https:\\\/\\\/www.modula.eu\\\/fr\\\/blog\\\/le-magasin-automatise-caractristiques-et-avantages\\\/#article\",\"isPartOf\":{\"@id\":\"https:\\\/\\\/www.modula.eu\\\/fr\\\/blog\\\/le-magasin-automatise-caractristiques-et-avantages\\\/\"},\"author\":{\"name\":\"bznadmin\",\"@id\":\"https:\\\/\\\/www.modula.eu\\\/fr\\\/#\\\/schema\\\/person\\\/7c5b83a68cf511134b5990861dad5936\"},\"headline\":\"Le magasin automatis\u00e9 : caract\u00e9ristiques et avantages\",\"datePublished\":\"2023-01-24T14:12:02+00:00\",\"dateModified\":\"2025-03-13T15:01:43+00:00\",\"mainEntityOfPage\":{\"@id\":\"https:\\\/\\\/www.modula.eu\\\/fr\\\/blog\\\/le-magasin-automatise-caractristiques-et-avantages\\\/\"},\"wordCount\":7,\"commentCount\":0,\"publisher\":{\"@id\":\"https:\\\/\\\/www.modula.eu\\\/fr\\\/#organization\"},\"image\":{\"@id\":\"https:\\\/\\\/www.modula.eu\\\/fr\\\/blog\\\/le-magasin-automatise-caractristiques-et-avantages\\\/#primaryimage\"},\"thumbnailUrl\":\"https:\\\/\\\/www.modula.eu\\\/wp-content\\\/uploads\\\/2022\\\/11\\\/Articolo-Pillar_1600x1361px4.jpg\",\"articleSection\":[\"Gestion d\u2019entrep\u00f4t\",\"Logistique 4.0\"],\"inLanguage\":\"fr-FR\",\"potentialAction\":[{\"@type\":\"CommentAction\",\"name\":\"Comment\",\"target\":[\"https:\\\/\\\/www.modula.eu\\\/fr\\\/blog\\\/le-magasin-automatise-caractristiques-et-avantages\\\/#respond\"]}]},{\"@type\":\"WebPage\",\"@id\":\"https:\\\/\\\/www.modula.eu\\\/fr\\\/blog\\\/le-magasin-automatise-caractristiques-et-avantages\\\/\",\"url\":\"https:\\\/\\\/www.modula.eu\\\/fr\\\/blog\\\/le-magasin-automatise-caractristiques-et-avantages\\\/\",\"name\":\"Le magasin automatis\u00e9 : caract\u00e9ristiques et avantages | Modula\",\"isPartOf\":{\"@id\":\"https:\\\/\\\/www.modula.eu\\\/fr\\\/#website\"},\"primaryImageOfPage\":{\"@id\":\"https:\\\/\\\/www.modula.eu\\\/fr\\\/blog\\\/le-magasin-automatise-caractristiques-et-avantages\\\/#primaryimage\"},\"image\":{\"@id\":\"https:\\\/\\\/www.modula.eu\\\/fr\\\/blog\\\/le-magasin-automatise-caractristiques-et-avantages\\\/#primaryimage\"},\"thumbnailUrl\":\"https:\\\/\\\/www.modula.eu\\\/wp-content\\\/uploads\\\/2022\\\/11\\\/Articolo-Pillar_1600x1361px4.jpg\",\"datePublished\":\"2023-01-24T14:12:02+00:00\",\"dateModified\":\"2025-03-13T15:01:43+00:00\",\"description\":\"L'adoption d'un entrep\u00f4t vertical automatique est li\u00e9e au concept de marchandises \u00e0 l'homme, rendant l'acc\u00e8s aux produits \u00e0 ramasser et \u00e0 d\u00e9poser beaucoup plus simple et plus s\u00fbr.\",\"breadcrumb\":{\"@id\":\"https:\\\/\\\/www.modula.eu\\\/fr\\\/blog\\\/le-magasin-automatise-caractristiques-et-avantages\\\/#breadcrumb\"},\"inLanguage\":\"fr-FR\",\"potentialAction\":[{\"@type\":\"ReadAction\",\"target\":[\"https:\\\/\\\/www.modula.eu\\\/fr\\\/blog\\\/le-magasin-automatise-caractristiques-et-avantages\\\/\"]}]},{\"@type\":\"ImageObject\",\"inLanguage\":\"fr-FR\",\"@id\":\"https:\\\/\\\/www.modula.eu\\\/fr\\\/blog\\\/le-magasin-automatise-caractristiques-et-avantages\\\/#primaryimage\",\"url\":\"https:\\\/\\\/www.modula.eu\\\/wp-content\\\/uploads\\\/2022\\\/11\\\/Articolo-Pillar_1600x1361px4.jpg\",\"contentUrl\":\"https:\\\/\\\/www.modula.eu\\\/wp-content\\\/uploads\\\/2022\\\/11\\\/Articolo-Pillar_1600x1361px4.jpg\",\"width\":1600,\"height\":1361},{\"@type\":\"BreadcrumbList\",\"@id\":\"https:\\\/\\\/www.modula.eu\\\/fr\\\/blog\\\/le-magasin-automatise-caractristiques-et-avantages\\\/#breadcrumb\",\"itemListElement\":[{\"@type\":\"ListItem\",\"position\":1,\"name\":\"Home\",\"item\":\"https:\\\/\\\/www.modula.eu\\\/fr\\\/\"},{\"@type\":\"ListItem\",\"position\":2,\"name\":\"Gestion d\u2019entrep\u00f4t\",\"item\":\"https:\\\/\\\/www.modula.eu\\\/fr\\\/blog\\\/gestion-dentrepot\\\/\"},{\"@type\":\"ListItem\",\"position\":3,\"name\":\"Le magasin automatis\u00e9 : caract\u00e9ristiques et avantages\"}]},{\"@type\":\"WebSite\",\"@id\":\"https:\\\/\\\/www.modula.eu\\\/fr\\\/#website\",\"url\":\"https:\\\/\\\/www.modula.eu\\\/fr\\\/\",\"name\":\"Modula\",\"description\":\"Think Vertical\",\"publisher\":{\"@id\":\"https:\\\/\\\/www.modula.eu\\\/fr\\\/#organization\"},\"potentialAction\":[{\"@type\":\"SearchAction\",\"target\":{\"@type\":\"EntryPoint\",\"urlTemplate\":\"https:\\\/\\\/www.modula.eu\\\/fr\\\/?s={search_term_string}\"},\"query-input\":{\"@type\":\"PropertyValueSpecification\",\"valueRequired\":true,\"valueName\":\"search_term_string\"}}],\"inLanguage\":\"fr-FR\"},{\"@type\":\"Organization\",\"@id\":\"https:\\\/\\\/www.modula.eu\\\/fr\\\/#organization\",\"name\":\"Modula\",\"url\":\"https:\\\/\\\/www.modula.eu\\\/fr\\\/\",\"logo\":{\"@type\":\"ImageObject\",\"inLanguage\":\"fr-FR\",\"@id\":\"https:\\\/\\\/www.modula.eu\\\/fr\\\/#\\\/schema\\\/logo\\\/image\\\/\",\"url\":\"https:\\\/\\\/www.modula.eu\\\/wp-content\\\/uploads\\\/2022\\\/12\\\/Modula-logo.jpg\",\"contentUrl\":\"https:\\\/\\\/www.modula.eu\\\/wp-content\\\/uploads\\\/2022\\\/12\\\/Modula-logo.jpg\",\"width\":759,\"height\":512,\"caption\":\"Modula\"},\"image\":{\"@id\":\"https:\\\/\\\/www.modula.eu\\\/fr\\\/#\\\/schema\\\/logo\\\/image\\\/\"}},{\"@type\":\"Person\",\"@id\":\"https:\\\/\\\/www.modula.eu\\\/fr\\\/#\\\/schema\\\/person\\\/7c5b83a68cf511134b5990861dad5936\",\"name\":\"bznadmin\",\"sameAs\":[\"https:\\\/\\\/www.modula.eu\"]}]}<\/script>\n<!-- \/ Yoast SEO plugin. -->","yoast_head_json":{"title":"Le magasin automatis\u00e9 : caract\u00e9ristiques et avantages | Modula","description":"L'adoption d'un entrep\u00f4t vertical automatique est li\u00e9e au concept de marchandises \u00e0 l'homme, rendant l'acc\u00e8s aux produits \u00e0 ramasser et \u00e0 d\u00e9poser beaucoup plus simple et plus s\u00fbr.","robots":{"index":"index","follow":"follow","max-snippet":"max-snippet:-1","max-image-preview":"max-image-preview:large","max-video-preview":"max-video-preview:-1"},"canonical":"https:\/\/www.modula.eu\/fr\/blog\/le-magasin-automatise-caractristiques-et-avantages\/","og_locale":"fr_FR","og_type":"article","og_title":"Le magasin automatis\u00e9 : caract\u00e9ristiques et avantages | Modula","og_description":"L'adoption d'un entrep\u00f4t vertical automatique est li\u00e9e au concept de marchandises \u00e0 l'homme, rendant l'acc\u00e8s aux produits \u00e0 ramasser et \u00e0 d\u00e9poser beaucoup plus simple et plus s\u00fbr.","og_url":"https:\/\/www.modula.eu\/fr\/blog\/le-magasin-automatise-caractristiques-et-avantages\/","og_site_name":"Modula","article_published_time":"2023-01-24T14:12:02+00:00","article_modified_time":"2025-03-13T15:01:43+00:00","og_image":[{"width":1600,"height":1361,"url":"https:\/\/www.modula.eu\/wp-content\/uploads\/2022\/11\/Articolo-Pillar_1600x1361px4.jpg","type":"image\/jpeg"}],"author":"bznadmin","twitter_card":"summary_large_image","twitter_misc":{"\u00c9crit par":"bznadmin"},"schema":{"@context":"https:\/\/schema.org","@graph":[{"@type":"Article","@id":"https:\/\/www.modula.eu\/fr\/blog\/le-magasin-automatise-caractristiques-et-avantages\/#article","isPartOf":{"@id":"https:\/\/www.modula.eu\/fr\/blog\/le-magasin-automatise-caractristiques-et-avantages\/"},"author":{"name":"bznadmin","@id":"https:\/\/www.modula.eu\/fr\/#\/schema\/person\/7c5b83a68cf511134b5990861dad5936"},"headline":"Le magasin automatis\u00e9 : caract\u00e9ristiques et avantages","datePublished":"2023-01-24T14:12:02+00:00","dateModified":"2025-03-13T15:01:43+00:00","mainEntityOfPage":{"@id":"https:\/\/www.modula.eu\/fr\/blog\/le-magasin-automatise-caractristiques-et-avantages\/"},"wordCount":7,"commentCount":0,"publisher":{"@id":"https:\/\/www.modula.eu\/fr\/#organization"},"image":{"@id":"https:\/\/www.modula.eu\/fr\/blog\/le-magasin-automatise-caractristiques-et-avantages\/#primaryimage"},"thumbnailUrl":"https:\/\/www.modula.eu\/wp-content\/uploads\/2022\/11\/Articolo-Pillar_1600x1361px4.jpg","articleSection":["Gestion d\u2019entrep\u00f4t","Logistique 4.0"],"inLanguage":"fr-FR","potentialAction":[{"@type":"CommentAction","name":"Comment","target":["https:\/\/www.modula.eu\/fr\/blog\/le-magasin-automatise-caractristiques-et-avantages\/#respond"]}]},{"@type":"WebPage","@id":"https:\/\/www.modula.eu\/fr\/blog\/le-magasin-automatise-caractristiques-et-avantages\/","url":"https:\/\/www.modula.eu\/fr\/blog\/le-magasin-automatise-caractristiques-et-avantages\/","name":"Le magasin automatis\u00e9 : caract\u00e9ristiques et avantages | Modula","isPartOf":{"@id":"https:\/\/www.modula.eu\/fr\/#website"},"primaryImageOfPage":{"@id":"https:\/\/www.modula.eu\/fr\/blog\/le-magasin-automatise-caractristiques-et-avantages\/#primaryimage"},"image":{"@id":"https:\/\/www.modula.eu\/fr\/blog\/le-magasin-automatise-caractristiques-et-avantages\/#primaryimage"},"thumbnailUrl":"https:\/\/www.modula.eu\/wp-content\/uploads\/2022\/11\/Articolo-Pillar_1600x1361px4.jpg","datePublished":"2023-01-24T14:12:02+00:00","dateModified":"2025-03-13T15:01:43+00:00","description":"L'adoption d'un entrep\u00f4t vertical automatique est li\u00e9e au concept de marchandises \u00e0 l'homme, rendant l'acc\u00e8s aux produits \u00e0 ramasser et \u00e0 d\u00e9poser beaucoup plus simple et plus s\u00fbr.","breadcrumb":{"@id":"https:\/\/www.modula.eu\/fr\/blog\/le-magasin-automatise-caractristiques-et-avantages\/#breadcrumb"},"inLanguage":"fr-FR","potentialAction":[{"@type":"ReadAction","target":["https:\/\/www.modula.eu\/fr\/blog\/le-magasin-automatise-caractristiques-et-avantages\/"]}]},{"@type":"ImageObject","inLanguage":"fr-FR","@id":"https:\/\/www.modula.eu\/fr\/blog\/le-magasin-automatise-caractristiques-et-avantages\/#primaryimage","url":"https:\/\/www.modula.eu\/wp-content\/uploads\/2022\/11\/Articolo-Pillar_1600x1361px4.jpg","contentUrl":"https:\/\/www.modula.eu\/wp-content\/uploads\/2022\/11\/Articolo-Pillar_1600x1361px4.jpg","width":1600,"height":1361},{"@type":"BreadcrumbList","@id":"https:\/\/www.modula.eu\/fr\/blog\/le-magasin-automatise-caractristiques-et-avantages\/#breadcrumb","itemListElement":[{"@type":"ListItem","position":1,"name":"Home","item":"https:\/\/www.modula.eu\/fr\/"},{"@type":"ListItem","position":2,"name":"Gestion d\u2019entrep\u00f4t","item":"https:\/\/www.modula.eu\/fr\/blog\/gestion-dentrepot\/"},{"@type":"ListItem","position":3,"name":"Le magasin automatis\u00e9 : caract\u00e9ristiques et avantages"}]},{"@type":"WebSite","@id":"https:\/\/www.modula.eu\/fr\/#website","url":"https:\/\/www.modula.eu\/fr\/","name":"Modula","description":"Think Vertical","publisher":{"@id":"https:\/\/www.modula.eu\/fr\/#organization"},"potentialAction":[{"@type":"SearchAction","target":{"@type":"EntryPoint","urlTemplate":"https:\/\/www.modula.eu\/fr\/?s={search_term_string}"},"query-input":{"@type":"PropertyValueSpecification","valueRequired":true,"valueName":"search_term_string"}}],"inLanguage":"fr-FR"},{"@type":"Organization","@id":"https:\/\/www.modula.eu\/fr\/#organization","name":"Modula","url":"https:\/\/www.modula.eu\/fr\/","logo":{"@type":"ImageObject","inLanguage":"fr-FR","@id":"https:\/\/www.modula.eu\/fr\/#\/schema\/logo\/image\/","url":"https:\/\/www.modula.eu\/wp-content\/uploads\/2022\/12\/Modula-logo.jpg","contentUrl":"https:\/\/www.modula.eu\/wp-content\/uploads\/2022\/12\/Modula-logo.jpg","width":759,"height":512,"caption":"Modula"},"image":{"@id":"https:\/\/www.modula.eu\/fr\/#\/schema\/logo\/image\/"}},{"@type":"Person","@id":"https:\/\/www.modula.eu\/fr\/#\/schema\/person\/7c5b83a68cf511134b5990861dad5936","name":"bznadmin","sameAs":["https:\/\/www.modula.eu"]}]}},"_links":{"self":[{"href":"https:\/\/www.modula.eu\/fr\/wp-json\/wp\/v2\/posts\/14903","targetHints":{"allow":["GET"]}}],"collection":[{"href":"https:\/\/www.modula.eu\/fr\/wp-json\/wp\/v2\/posts"}],"about":[{"href":"https:\/\/www.modula.eu\/fr\/wp-json\/wp\/v2\/types\/post"}],"author":[{"embeddable":true,"href":"https:\/\/www.modula.eu\/fr\/wp-json\/wp\/v2\/users\/1"}],"replies":[{"embeddable":true,"href":"https:\/\/www.modula.eu\/fr\/wp-json\/wp\/v2\/comments?post=14903"}],"version-history":[{"count":0,"href":"https:\/\/www.modula.eu\/fr\/wp-json\/wp\/v2\/posts\/14903\/revisions"}],"wp:featuredmedia":[{"embeddable":true,"href":"https:\/\/www.modula.eu\/fr\/wp-json\/wp\/v2\/media\/14187"}],"wp:attachment":[{"href":"https:\/\/www.modula.eu\/fr\/wp-json\/wp\/v2\/media?parent=14903"}],"wp:term":[{"taxonomy":"category","embeddable":true,"href":"https:\/\/www.modula.eu\/fr\/wp-json\/wp\/v2\/categories?post=14903"},{"taxonomy":"post_tag","embeddable":true,"href":"https:\/\/www.modula.eu\/fr\/wp-json\/wp\/v2\/tags?post=14903"}],"curies":[{"name":"wp","href":"https:\/\/api.w.org\/{rel}","templated":true}]}}