{"id":23133,"date":"2023-04-19T11:18:54","date_gmt":"2023-04-19T09:18:54","guid":{"rendered":"https:\/\/www.modula.eu\/blog\/8-trends-for-the-logistics-sector-in-2023-the-opportunities-behind-the-challenges\/"},"modified":"2023-04-19T14:12:52","modified_gmt":"2023-04-19T12:12:52","slug":"8-tendances-pour-le-secteur-de-la-logistique-en-2023-les-opportunites-derriere-les-defis","status":"publish","type":"post","link":"https:\/\/www.modula.eu\/fr\/blog\/8-tendances-pour-le-secteur-de-la-logistique-en-2023-les-opportunites-derriere-les-defis\/","title":{"rendered":"8 tendances pour le secteur de la logistique en 2023 : les opportunit\u00e9s derri\u00e8re les d\u00e9fis"},"content":{"rendered":"","protected":false},"excerpt":{"rendered":"","protected":false},"author":1,"featured_media":23124,"comment_status":"open","ping_status":"open","sticky":false,"template":"","format":"standard","meta":{"_acf_changed":false,"inline_featured_image":false,"footnotes":""},"categories":[57],"tags":[],"class_list":["post-23133","post","type-post","status-publish","format-standard","has-post-thumbnail","hentry","category-gestion-dentrepot"],"acf":[],"yoast_head":"<!-- This site is optimized with the Yoast SEO plugin v27.4 - https:\/\/yoast.com\/product\/yoast-seo-wordpress\/ -->\n<title>8 tendances pour le secteur de la logistique en 2023 : les opportunit\u00e9s derri\u00e8re les d\u00e9fis | Modula<\/title>\n<meta name=\"description\" content=\"Le secteur de la logistique, qui n&#039;a jamais cess\u00e9 de se d\u00e9velopper et d&#039;\u00e9voluer, a \u00e9t\u00e9 confront\u00e9 \u00e0 divers probl\u00e8mes et obstacles ces derni\u00e8res ann\u00e9es. Les innovations et les tendances qui caract\u00e9riseront le secteur de la logistique en 2023 sont une r\u00e9ponse directe \u00e0 ces difficult\u00e9s.\" \/>\n<meta name=\"robots\" content=\"index, follow, max-snippet:-1, max-image-preview:large, max-video-preview:-1\" \/>\n<link rel=\"canonical\" href=\"https:\/\/www.modula.eu\/fr\/blog\/8-tendances-pour-le-secteur-de-la-logistique-en-2023-les-opportunites-derriere-les-defis\/\" \/>\n<meta property=\"og:locale\" content=\"fr_FR\" \/>\n<meta property=\"og:type\" content=\"article\" \/>\n<meta property=\"og:title\" content=\"8 tendances pour le secteur de la logistique en 2023 : les opportunit\u00e9s derri\u00e8re les d\u00e9fis | Modula\" \/>\n<meta property=\"og:description\" content=\"Le secteur de la logistique, qui n&#039;a jamais cess\u00e9 de se d\u00e9velopper et d&#039;\u00e9voluer, a \u00e9t\u00e9 confront\u00e9 \u00e0 divers probl\u00e8mes et obstacles ces derni\u00e8res ann\u00e9es. Les innovations et les tendances qui caract\u00e9riseront le secteur de la logistique en 2023 sont une r\u00e9ponse directe \u00e0 ces difficult\u00e9s.\" \/>\n<meta property=\"og:url\" content=\"https:\/\/www.modula.eu\/fr\/blog\/8-tendances-pour-le-secteur-de-la-logistique-en-2023-les-opportunites-derriere-les-defis\/\" \/>\n<meta property=\"og:site_name\" content=\"Modula\" \/>\n<meta property=\"article:published_time\" content=\"2023-04-19T09:18:54+00:00\" \/>\n<meta property=\"article:modified_time\" content=\"2023-04-19T12:12:52+00:00\" \/>\n<meta property=\"og:image\" content=\"https:\/\/www.modula.eu\/wp-content\/uploads\/2023\/04\/197236720_l_normal_none-1-1024x683.jpg\" \/>\n\t<meta property=\"og:image:width\" content=\"1024\" \/>\n\t<meta property=\"og:image:height\" content=\"683\" \/>\n\t<meta property=\"og:image:type\" content=\"image\/jpeg\" \/>\n<meta name=\"author\" content=\"bznadmin\" \/>\n<meta name=\"twitter:card\" content=\"summary_large_image\" \/>\n<meta name=\"twitter:label1\" content=\"\u00c9crit par\" \/>\n\t<meta name=\"twitter:data1\" content=\"bznadmin\" \/>\n<script type=\"application\/ld+json\" class=\"yoast-schema-graph\">{\"@context\":\"https:\\\/\\\/schema.org\",\"@graph\":[{\"@type\":\"Article\",\"@id\":\"https:\\\/\\\/www.modula.eu\\\/fr\\\/blog\\\/8-tendances-pour-le-secteur-de-la-logistique-en-2023-les-opportunites-derriere-les-defis\\\/#article\",\"isPartOf\":{\"@id\":\"https:\\\/\\\/www.modula.eu\\\/fr\\\/blog\\\/8-tendances-pour-le-secteur-de-la-logistique-en-2023-les-opportunites-derriere-les-defis\\\/\"},\"author\":{\"name\":\"bznadmin\",\"@id\":\"https:\\\/\\\/www.modula.eu\\\/fr\\\/#\\\/schema\\\/person\\\/7c5b83a68cf511134b5990861dad5936\"},\"headline\":\"8 tendances pour le secteur de la logistique en 2023 : les opportunit\u00e9s derri\u00e8re les d\u00e9fis\",\"datePublished\":\"2023-04-19T09:18:54+00:00\",\"dateModified\":\"2023-04-19T12:12:52+00:00\",\"mainEntityOfPage\":{\"@id\":\"https:\\\/\\\/www.modula.eu\\\/fr\\\/blog\\\/8-tendances-pour-le-secteur-de-la-logistique-en-2023-les-opportunites-derriere-les-defis\\\/\"},\"wordCount\":16,\"commentCount\":0,\"publisher\":{\"@id\":\"https:\\\/\\\/www.modula.eu\\\/fr\\\/#organization\"},\"image\":{\"@id\":\"https:\\\/\\\/www.modula.eu\\\/fr\\\/blog\\\/8-tendances-pour-le-secteur-de-la-logistique-en-2023-les-opportunites-derriere-les-defis\\\/#primaryimage\"},\"thumbnailUrl\":\"https:\\\/\\\/www.modula.eu\\\/wp-content\\\/uploads\\\/2023\\\/04\\\/197236720_l_normal_none-1-scaled.jpg\",\"articleSection\":[\"Gestion d\u2019entrep\u00f4t\"],\"inLanguage\":\"fr-FR\",\"potentialAction\":[{\"@type\":\"CommentAction\",\"name\":\"Comment\",\"target\":[\"https:\\\/\\\/www.modula.eu\\\/fr\\\/blog\\\/8-tendances-pour-le-secteur-de-la-logistique-en-2023-les-opportunites-derriere-les-defis\\\/#respond\"]}]},{\"@type\":\"WebPage\",\"@id\":\"https:\\\/\\\/www.modula.eu\\\/fr\\\/blog\\\/8-tendances-pour-le-secteur-de-la-logistique-en-2023-les-opportunites-derriere-les-defis\\\/\",\"url\":\"https:\\\/\\\/www.modula.eu\\\/fr\\\/blog\\\/8-tendances-pour-le-secteur-de-la-logistique-en-2023-les-opportunites-derriere-les-defis\\\/\",\"name\":\"8 tendances pour le secteur de la logistique en 2023 : les opportunit\u00e9s derri\u00e8re les d\u00e9fis | Modula\",\"isPartOf\":{\"@id\":\"https:\\\/\\\/www.modula.eu\\\/fr\\\/#website\"},\"primaryImageOfPage\":{\"@id\":\"https:\\\/\\\/www.modula.eu\\\/fr\\\/blog\\\/8-tendances-pour-le-secteur-de-la-logistique-en-2023-les-opportunites-derriere-les-defis\\\/#primaryimage\"},\"image\":{\"@id\":\"https:\\\/\\\/www.modula.eu\\\/fr\\\/blog\\\/8-tendances-pour-le-secteur-de-la-logistique-en-2023-les-opportunites-derriere-les-defis\\\/#primaryimage\"},\"thumbnailUrl\":\"https:\\\/\\\/www.modula.eu\\\/wp-content\\\/uploads\\\/2023\\\/04\\\/197236720_l_normal_none-1-scaled.jpg\",\"datePublished\":\"2023-04-19T09:18:54+00:00\",\"dateModified\":\"2023-04-19T12:12:52+00:00\",\"description\":\"Le secteur de la logistique, qui n'a jamais cess\u00e9 de se d\u00e9velopper et d'\u00e9voluer, a \u00e9t\u00e9 confront\u00e9 \u00e0 divers probl\u00e8mes et obstacles ces derni\u00e8res ann\u00e9es. Les innovations et les tendances qui caract\u00e9riseront le secteur de la logistique en 2023 sont une r\u00e9ponse directe \u00e0 ces difficult\u00e9s.\",\"breadcrumb\":{\"@id\":\"https:\\\/\\\/www.modula.eu\\\/fr\\\/blog\\\/8-tendances-pour-le-secteur-de-la-logistique-en-2023-les-opportunites-derriere-les-defis\\\/#breadcrumb\"},\"inLanguage\":\"fr-FR\",\"potentialAction\":[{\"@type\":\"ReadAction\",\"target\":[\"https:\\\/\\\/www.modula.eu\\\/fr\\\/blog\\\/8-tendances-pour-le-secteur-de-la-logistique-en-2023-les-opportunites-derriere-les-defis\\\/\"]}]},{\"@type\":\"ImageObject\",\"inLanguage\":\"fr-FR\",\"@id\":\"https:\\\/\\\/www.modula.eu\\\/fr\\\/blog\\\/8-tendances-pour-le-secteur-de-la-logistique-en-2023-les-opportunites-derriere-les-defis\\\/#primaryimage\",\"url\":\"https:\\\/\\\/www.modula.eu\\\/wp-content\\\/uploads\\\/2023\\\/04\\\/197236720_l_normal_none-1-scaled.jpg\",\"contentUrl\":\"https:\\\/\\\/www.modula.eu\\\/wp-content\\\/uploads\\\/2023\\\/04\\\/197236720_l_normal_none-1-scaled.jpg\",\"width\":2560,\"height\":1706,\"caption\":\"Highly rendering of warehouse with boxes in 3d on black background\"},{\"@type\":\"BreadcrumbList\",\"@id\":\"https:\\\/\\\/www.modula.eu\\\/fr\\\/blog\\\/8-tendances-pour-le-secteur-de-la-logistique-en-2023-les-opportunites-derriere-les-defis\\\/#breadcrumb\",\"itemListElement\":[{\"@type\":\"ListItem\",\"position\":1,\"name\":\"Home\",\"item\":\"https:\\\/\\\/www.modula.eu\\\/fr\\\/\"},{\"@type\":\"ListItem\",\"position\":2,\"name\":\"Gestion d\u2019entrep\u00f4t\",\"item\":\"https:\\\/\\\/www.modula.eu\\\/fr\\\/blog\\\/gestion-dentrepot\\\/\"},{\"@type\":\"ListItem\",\"position\":3,\"name\":\"8 tendances pour le secteur de la logistique en 2023 : les opportunit\u00e9s derri\u00e8re les d\u00e9fis\"}]},{\"@type\":\"WebSite\",\"@id\":\"https:\\\/\\\/www.modula.eu\\\/fr\\\/#website\",\"url\":\"https:\\\/\\\/www.modula.eu\\\/fr\\\/\",\"name\":\"Modula\",\"description\":\"Think Vertical\",\"publisher\":{\"@id\":\"https:\\\/\\\/www.modula.eu\\\/fr\\\/#organization\"},\"potentialAction\":[{\"@type\":\"SearchAction\",\"target\":{\"@type\":\"EntryPoint\",\"urlTemplate\":\"https:\\\/\\\/www.modula.eu\\\/fr\\\/?s={search_term_string}\"},\"query-input\":{\"@type\":\"PropertyValueSpecification\",\"valueRequired\":true,\"valueName\":\"search_term_string\"}}],\"inLanguage\":\"fr-FR\"},{\"@type\":\"Organization\",\"@id\":\"https:\\\/\\\/www.modula.eu\\\/fr\\\/#organization\",\"name\":\"Modula\",\"url\":\"https:\\\/\\\/www.modula.eu\\\/fr\\\/\",\"logo\":{\"@type\":\"ImageObject\",\"inLanguage\":\"fr-FR\",\"@id\":\"https:\\\/\\\/www.modula.eu\\\/fr\\\/#\\\/schema\\\/logo\\\/image\\\/\",\"url\":\"https:\\\/\\\/www.modula.eu\\\/wp-content\\\/uploads\\\/2022\\\/12\\\/Modula-logo.jpg\",\"contentUrl\":\"https:\\\/\\\/www.modula.eu\\\/wp-content\\\/uploads\\\/2022\\\/12\\\/Modula-logo.jpg\",\"width\":759,\"height\":512,\"caption\":\"Modula\"},\"image\":{\"@id\":\"https:\\\/\\\/www.modula.eu\\\/fr\\\/#\\\/schema\\\/logo\\\/image\\\/\"}},{\"@type\":\"Person\",\"@id\":\"https:\\\/\\\/www.modula.eu\\\/fr\\\/#\\\/schema\\\/person\\\/7c5b83a68cf511134b5990861dad5936\",\"name\":\"bznadmin\",\"sameAs\":[\"https:\\\/\\\/www.modula.eu\"]}]}<\/script>\n<!-- \/ Yoast SEO plugin. -->","yoast_head_json":{"title":"8 tendances pour le secteur de la logistique en 2023 : les opportunit\u00e9s derri\u00e8re les d\u00e9fis | Modula","description":"Le secteur de la logistique, qui n'a jamais cess\u00e9 de se d\u00e9velopper et d'\u00e9voluer, a \u00e9t\u00e9 confront\u00e9 \u00e0 divers probl\u00e8mes et obstacles ces derni\u00e8res ann\u00e9es. Les innovations et les tendances qui caract\u00e9riseront le secteur de la logistique en 2023 sont une r\u00e9ponse directe \u00e0 ces difficult\u00e9s.","robots":{"index":"index","follow":"follow","max-snippet":"max-snippet:-1","max-image-preview":"max-image-preview:large","max-video-preview":"max-video-preview:-1"},"canonical":"https:\/\/www.modula.eu\/fr\/blog\/8-tendances-pour-le-secteur-de-la-logistique-en-2023-les-opportunites-derriere-les-defis\/","og_locale":"fr_FR","og_type":"article","og_title":"8 tendances pour le secteur de la logistique en 2023 : les opportunit\u00e9s derri\u00e8re les d\u00e9fis | Modula","og_description":"Le secteur de la logistique, qui n'a jamais cess\u00e9 de se d\u00e9velopper et d'\u00e9voluer, a \u00e9t\u00e9 confront\u00e9 \u00e0 divers probl\u00e8mes et obstacles ces derni\u00e8res ann\u00e9es. Les innovations et les tendances qui caract\u00e9riseront le secteur de la logistique en 2023 sont une r\u00e9ponse directe \u00e0 ces difficult\u00e9s.","og_url":"https:\/\/www.modula.eu\/fr\/blog\/8-tendances-pour-le-secteur-de-la-logistique-en-2023-les-opportunites-derriere-les-defis\/","og_site_name":"Modula","article_published_time":"2023-04-19T09:18:54+00:00","article_modified_time":"2023-04-19T12:12:52+00:00","og_image":[{"width":1024,"height":683,"url":"https:\/\/www.modula.eu\/wp-content\/uploads\/2023\/04\/197236720_l_normal_none-1-1024x683.jpg","type":"image\/jpeg"}],"author":"bznadmin","twitter_card":"summary_large_image","twitter_misc":{"\u00c9crit par":"bznadmin"},"schema":{"@context":"https:\/\/schema.org","@graph":[{"@type":"Article","@id":"https:\/\/www.modula.eu\/fr\/blog\/8-tendances-pour-le-secteur-de-la-logistique-en-2023-les-opportunites-derriere-les-defis\/#article","isPartOf":{"@id":"https:\/\/www.modula.eu\/fr\/blog\/8-tendances-pour-le-secteur-de-la-logistique-en-2023-les-opportunites-derriere-les-defis\/"},"author":{"name":"bznadmin","@id":"https:\/\/www.modula.eu\/fr\/#\/schema\/person\/7c5b83a68cf511134b5990861dad5936"},"headline":"8 tendances pour le secteur de la logistique en 2023 : les opportunit\u00e9s derri\u00e8re les d\u00e9fis","datePublished":"2023-04-19T09:18:54+00:00","dateModified":"2023-04-19T12:12:52+00:00","mainEntityOfPage":{"@id":"https:\/\/www.modula.eu\/fr\/blog\/8-tendances-pour-le-secteur-de-la-logistique-en-2023-les-opportunites-derriere-les-defis\/"},"wordCount":16,"commentCount":0,"publisher":{"@id":"https:\/\/www.modula.eu\/fr\/#organization"},"image":{"@id":"https:\/\/www.modula.eu\/fr\/blog\/8-tendances-pour-le-secteur-de-la-logistique-en-2023-les-opportunites-derriere-les-defis\/#primaryimage"},"thumbnailUrl":"https:\/\/www.modula.eu\/wp-content\/uploads\/2023\/04\/197236720_l_normal_none-1-scaled.jpg","articleSection":["Gestion d\u2019entrep\u00f4t"],"inLanguage":"fr-FR","potentialAction":[{"@type":"CommentAction","name":"Comment","target":["https:\/\/www.modula.eu\/fr\/blog\/8-tendances-pour-le-secteur-de-la-logistique-en-2023-les-opportunites-derriere-les-defis\/#respond"]}]},{"@type":"WebPage","@id":"https:\/\/www.modula.eu\/fr\/blog\/8-tendances-pour-le-secteur-de-la-logistique-en-2023-les-opportunites-derriere-les-defis\/","url":"https:\/\/www.modula.eu\/fr\/blog\/8-tendances-pour-le-secteur-de-la-logistique-en-2023-les-opportunites-derriere-les-defis\/","name":"8 tendances pour le secteur de la logistique en 2023 : les opportunit\u00e9s derri\u00e8re les d\u00e9fis | Modula","isPartOf":{"@id":"https:\/\/www.modula.eu\/fr\/#website"},"primaryImageOfPage":{"@id":"https:\/\/www.modula.eu\/fr\/blog\/8-tendances-pour-le-secteur-de-la-logistique-en-2023-les-opportunites-derriere-les-defis\/#primaryimage"},"image":{"@id":"https:\/\/www.modula.eu\/fr\/blog\/8-tendances-pour-le-secteur-de-la-logistique-en-2023-les-opportunites-derriere-les-defis\/#primaryimage"},"thumbnailUrl":"https:\/\/www.modula.eu\/wp-content\/uploads\/2023\/04\/197236720_l_normal_none-1-scaled.jpg","datePublished":"2023-04-19T09:18:54+00:00","dateModified":"2023-04-19T12:12:52+00:00","description":"Le secteur de la logistique, qui n'a jamais cess\u00e9 de se d\u00e9velopper et d'\u00e9voluer, a \u00e9t\u00e9 confront\u00e9 \u00e0 divers probl\u00e8mes et obstacles ces derni\u00e8res ann\u00e9es. Les innovations et les tendances qui caract\u00e9riseront le secteur de la logistique en 2023 sont une r\u00e9ponse directe \u00e0 ces difficult\u00e9s.","breadcrumb":{"@id":"https:\/\/www.modula.eu\/fr\/blog\/8-tendances-pour-le-secteur-de-la-logistique-en-2023-les-opportunites-derriere-les-defis\/#breadcrumb"},"inLanguage":"fr-FR","potentialAction":[{"@type":"ReadAction","target":["https:\/\/www.modula.eu\/fr\/blog\/8-tendances-pour-le-secteur-de-la-logistique-en-2023-les-opportunites-derriere-les-defis\/"]}]},{"@type":"ImageObject","inLanguage":"fr-FR","@id":"https:\/\/www.modula.eu\/fr\/blog\/8-tendances-pour-le-secteur-de-la-logistique-en-2023-les-opportunites-derriere-les-defis\/#primaryimage","url":"https:\/\/www.modula.eu\/wp-content\/uploads\/2023\/04\/197236720_l_normal_none-1-scaled.jpg","contentUrl":"https:\/\/www.modula.eu\/wp-content\/uploads\/2023\/04\/197236720_l_normal_none-1-scaled.jpg","width":2560,"height":1706,"caption":"Highly rendering of warehouse with boxes in 3d on black background"},{"@type":"BreadcrumbList","@id":"https:\/\/www.modula.eu\/fr\/blog\/8-tendances-pour-le-secteur-de-la-logistique-en-2023-les-opportunites-derriere-les-defis\/#breadcrumb","itemListElement":[{"@type":"ListItem","position":1,"name":"Home","item":"https:\/\/www.modula.eu\/fr\/"},{"@type":"ListItem","position":2,"name":"Gestion d\u2019entrep\u00f4t","item":"https:\/\/www.modula.eu\/fr\/blog\/gestion-dentrepot\/"},{"@type":"ListItem","position":3,"name":"8 tendances pour le secteur de la logistique en 2023 : les opportunit\u00e9s derri\u00e8re les d\u00e9fis"}]},{"@type":"WebSite","@id":"https:\/\/www.modula.eu\/fr\/#website","url":"https:\/\/www.modula.eu\/fr\/","name":"Modula","description":"Think Vertical","publisher":{"@id":"https:\/\/www.modula.eu\/fr\/#organization"},"potentialAction":[{"@type":"SearchAction","target":{"@type":"EntryPoint","urlTemplate":"https:\/\/www.modula.eu\/fr\/?s={search_term_string}"},"query-input":{"@type":"PropertyValueSpecification","valueRequired":true,"valueName":"search_term_string"}}],"inLanguage":"fr-FR"},{"@type":"Organization","@id":"https:\/\/www.modula.eu\/fr\/#organization","name":"Modula","url":"https:\/\/www.modula.eu\/fr\/","logo":{"@type":"ImageObject","inLanguage":"fr-FR","@id":"https:\/\/www.modula.eu\/fr\/#\/schema\/logo\/image\/","url":"https:\/\/www.modula.eu\/wp-content\/uploads\/2022\/12\/Modula-logo.jpg","contentUrl":"https:\/\/www.modula.eu\/wp-content\/uploads\/2022\/12\/Modula-logo.jpg","width":759,"height":512,"caption":"Modula"},"image":{"@id":"https:\/\/www.modula.eu\/fr\/#\/schema\/logo\/image\/"}},{"@type":"Person","@id":"https:\/\/www.modula.eu\/fr\/#\/schema\/person\/7c5b83a68cf511134b5990861dad5936","name":"bznadmin","sameAs":["https:\/\/www.modula.eu"]}]}},"_links":{"self":[{"href":"https:\/\/www.modula.eu\/fr\/wp-json\/wp\/v2\/posts\/23133","targetHints":{"allow":["GET"]}}],"collection":[{"href":"https:\/\/www.modula.eu\/fr\/wp-json\/wp\/v2\/posts"}],"about":[{"href":"https:\/\/www.modula.eu\/fr\/wp-json\/wp\/v2\/types\/post"}],"author":[{"embeddable":true,"href":"https:\/\/www.modula.eu\/fr\/wp-json\/wp\/v2\/users\/1"}],"replies":[{"embeddable":true,"href":"https:\/\/www.modula.eu\/fr\/wp-json\/wp\/v2\/comments?post=23133"}],"version-history":[{"count":0,"href":"https:\/\/www.modula.eu\/fr\/wp-json\/wp\/v2\/posts\/23133\/revisions"}],"wp:featuredmedia":[{"embeddable":true,"href":"https:\/\/www.modula.eu\/fr\/wp-json\/wp\/v2\/media\/23124"}],"wp:attachment":[{"href":"https:\/\/www.modula.eu\/fr\/wp-json\/wp\/v2\/media?parent=23133"}],"wp:term":[{"taxonomy":"category","embeddable":true,"href":"https:\/\/www.modula.eu\/fr\/wp-json\/wp\/v2\/categories?post=23133"},{"taxonomy":"post_tag","embeddable":true,"href":"https:\/\/www.modula.eu\/fr\/wp-json\/wp\/v2\/tags?post=23133"}],"curies":[{"name":"wp","href":"https:\/\/api.w.org\/{rel}","templated":true}]}}