{"id":33945,"date":"2024-05-13T14:34:12","date_gmt":"2024-05-13T12:34:12","guid":{"rendered":"https:\/\/www.modula.eu\/blog\/strategic-partnership-between-vanas-and-modula-optimisation-of-vertical-logistics\/"},"modified":"2026-06-22T13:52:21","modified_gmt":"2026-06-22T11:52:21","slug":"le-partenariat-strategique-entre-vanas-et-modula-et-loptimisation-de-la-logistique-verticale","status":"publish","type":"post","link":"https:\/\/www.modula.eu\/fr\/blog\/le-partenariat-strategique-entre-vanas-et-modula-et-loptimisation-de-la-logistique-verticale\/","title":{"rendered":"Le partenariat strat\u00e9gique entre Vanas et Modula et l\u2019optimisation de la logistique verticale"},"content":{"rendered":"","protected":false},"excerpt":{"rendered":"","protected":false},"author":1,"featured_media":33940,"comment_status":"open","ping_status":"closed","sticky":false,"template":"","format":"standard","meta":{"_acf_changed":false,"inline_featured_image":false,"footnotes":""},"categories":[51],"tags":[],"class_list":["post-33945","post","type-post","status-publish","format-standard","has-post-thumbnail","hentry","category-applications"],"acf":[],"yoast_head":"<!-- This site is optimized with the Yoast SEO plugin v28.3 - https:\/\/yoast.com\/product\/yoast-seo-wordpress\/ -->\n<title>Le partenariat strat\u00e9gique entre Vanas et Modula et l\u2019optimisation de la logistique verticale | Modula<\/title>\n<meta name=\"description\" content=\"Dans le monde des fournisseurs de solutions logistiques et de stockage, le choix du bon partenaire est crucial pour une r\u00e9ussite \u00e0 long terme. Dans ce contexte, le partenariat entre Vanas et Modula se r\u00e9v\u00e8le \u00eatre un exemple important de synergie strat\u00e9gique.\" \/>\n<meta name=\"robots\" content=\"index, follow, max-snippet:-1, max-image-preview:large, max-video-preview:-1\" \/>\n<link rel=\"canonical\" href=\"https:\/\/www.modula.eu\/fr\/blog\/le-partenariat-strategique-entre-vanas-et-modula-et-loptimisation-de-la-logistique-verticale\/\" \/>\n<meta property=\"og:locale\" content=\"fr_FR\" \/>\n<meta property=\"og:type\" content=\"article\" \/>\n<meta property=\"og:title\" content=\"Le partenariat strat\u00e9gique entre Vanas et Modula et l\u2019optimisation de la logistique verticale | Modula\" \/>\n<meta property=\"og:description\" content=\"Dans le monde des fournisseurs de solutions logistiques et de stockage, le choix du bon partenaire est crucial pour une r\u00e9ussite \u00e0 long terme. Dans ce contexte, le partenariat entre Vanas et Modula se r\u00e9v\u00e8le \u00eatre un exemple important de synergie strat\u00e9gique.\" \/>\n<meta property=\"og:url\" content=\"https:\/\/www.modula.eu\/fr\/blog\/le-partenariat-strategique-entre-vanas-et-modula-et-loptimisation-de-la-logistique-verticale\/\" \/>\n<meta property=\"og:site_name\" content=\"Modula\" \/>\n<meta property=\"article:published_time\" content=\"2024-05-13T12:34:12+00:00\" \/>\n<meta property=\"article:modified_time\" content=\"2026-06-22T11:52:21+00:00\" \/>\n<meta property=\"og:image\" content=\"https:\/\/www.modula.eu\/wp-content\/uploads\/2024\/05\/ART-VANAS_ANTEPRIMA_500x270_2024.jpg\" \/>\n\t<meta property=\"og:image:width\" content=\"500\" \/>\n\t<meta property=\"og:image:height\" content=\"270\" \/>\n\t<meta property=\"og:image:type\" content=\"image\/jpeg\" \/>\n<meta name=\"author\" content=\"bznadmin\" \/>\n<meta name=\"twitter:card\" content=\"summary_large_image\" \/>\n<meta name=\"twitter:label1\" content=\"\u00c9crit par\" \/>\n\t<meta name=\"twitter:data1\" content=\"bznadmin\" \/>\n<script type=\"application\/ld+json\" class=\"yoast-schema-graph\">{\"@context\":\"https:\\\/\\\/schema.org\",\"@graph\":[{\"@type\":\"BlogPosting\",\"@id\":\"https:\\\/\\\/www.modula.eu\\\/fr\\\/blog\\\/le-partenariat-strategique-entre-vanas-et-modula-et-loptimisation-de-la-logistique-verticale\\\/#article\",\"isPartOf\":{\"@id\":\"https:\\\/\\\/www.modula.eu\\\/fr\\\/blog\\\/le-partenariat-strategique-entre-vanas-et-modula-et-loptimisation-de-la-logistique-verticale\\\/\"},\"author\":{\"name\":\"bznadmin\",\"@id\":\"https:\\\/\\\/www.modula.eu\\\/fr\\\/#\\\/schema\\\/person\\\/7c5b83a68cf511134b5990861dad5936\"},\"headline\":\"Le partenariat strat\u00e9gique entre Vanas et Modula et l\u2019optimisation de la logistique verticale\",\"datePublished\":\"2024-05-13T12:34:12+00:00\",\"dateModified\":\"2026-06-22T11:52:21+00:00\",\"mainEntityOfPage\":{\"@id\":\"https:\\\/\\\/www.modula.eu\\\/fr\\\/blog\\\/le-partenariat-strategique-entre-vanas-et-modula-et-loptimisation-de-la-logistique-verticale\\\/\"},\"wordCount\":15,\"commentCount\":0,\"publisher\":{\"@id\":\"https:\\\/\\\/www.modula.eu\\\/fr\\\/#organization\"},\"image\":{\"@id\":\"https:\\\/\\\/www.modula.eu\\\/fr\\\/blog\\\/le-partenariat-strategique-entre-vanas-et-modula-et-loptimisation-de-la-logistique-verticale\\\/#primaryimage\"},\"thumbnailUrl\":\"https:\\\/\\\/www.modula.eu\\\/wp-content\\\/uploads\\\/2024\\\/05\\\/ART-VANAS_ANTEPRIMA_500x270_2024.jpg\",\"articleSection\":[\"Applications\"],\"inLanguage\":\"fr-FR\",\"potentialAction\":[{\"@type\":\"CommentAction\",\"name\":\"Comment\",\"target\":[\"https:\\\/\\\/www.modula.eu\\\/fr\\\/blog\\\/le-partenariat-strategique-entre-vanas-et-modula-et-loptimisation-de-la-logistique-verticale\\\/#respond\"]}]},{\"@type\":\"WebPage\",\"@id\":\"https:\\\/\\\/www.modula.eu\\\/fr\\\/blog\\\/le-partenariat-strategique-entre-vanas-et-modula-et-loptimisation-de-la-logistique-verticale\\\/\",\"url\":\"https:\\\/\\\/www.modula.eu\\\/fr\\\/blog\\\/le-partenariat-strategique-entre-vanas-et-modula-et-loptimisation-de-la-logistique-verticale\\\/\",\"name\":\"Le partenariat strat\u00e9gique entre Vanas et Modula et l\u2019optimisation de la logistique verticale | Modula\",\"isPartOf\":{\"@id\":\"https:\\\/\\\/www.modula.eu\\\/fr\\\/#website\"},\"primaryImageOfPage\":{\"@id\":\"https:\\\/\\\/www.modula.eu\\\/fr\\\/blog\\\/le-partenariat-strategique-entre-vanas-et-modula-et-loptimisation-de-la-logistique-verticale\\\/#primaryimage\"},\"image\":{\"@id\":\"https:\\\/\\\/www.modula.eu\\\/fr\\\/blog\\\/le-partenariat-strategique-entre-vanas-et-modula-et-loptimisation-de-la-logistique-verticale\\\/#primaryimage\"},\"thumbnailUrl\":\"https:\\\/\\\/www.modula.eu\\\/wp-content\\\/uploads\\\/2024\\\/05\\\/ART-VANAS_ANTEPRIMA_500x270_2024.jpg\",\"datePublished\":\"2024-05-13T12:34:12+00:00\",\"dateModified\":\"2026-06-22T11:52:21+00:00\",\"description\":\"Dans le monde des fournisseurs de solutions logistiques et de stockage, le choix du bon partenaire est crucial pour une r\u00e9ussite \u00e0 long terme. Dans ce contexte, le partenariat entre Vanas et Modula se r\u00e9v\u00e8le \u00eatre un exemple important de synergie strat\u00e9gique.\",\"breadcrumb\":{\"@id\":\"https:\\\/\\\/www.modula.eu\\\/fr\\\/blog\\\/le-partenariat-strategique-entre-vanas-et-modula-et-loptimisation-de-la-logistique-verticale\\\/#breadcrumb\"},\"inLanguage\":\"fr-FR\",\"potentialAction\":[{\"@type\":\"ReadAction\",\"target\":[\"https:\\\/\\\/www.modula.eu\\\/fr\\\/blog\\\/le-partenariat-strategique-entre-vanas-et-modula-et-loptimisation-de-la-logistique-verticale\\\/\"]}]},{\"@type\":\"ImageObject\",\"inLanguage\":\"fr-FR\",\"@id\":\"https:\\\/\\\/www.modula.eu\\\/fr\\\/blog\\\/le-partenariat-strategique-entre-vanas-et-modula-et-loptimisation-de-la-logistique-verticale\\\/#primaryimage\",\"url\":\"https:\\\/\\\/www.modula.eu\\\/wp-content\\\/uploads\\\/2024\\\/05\\\/ART-VANAS_ANTEPRIMA_500x270_2024.jpg\",\"contentUrl\":\"https:\\\/\\\/www.modula.eu\\\/wp-content\\\/uploads\\\/2024\\\/05\\\/ART-VANAS_ANTEPRIMA_500x270_2024.jpg\",\"width\":500,\"height\":270},{\"@type\":\"BreadcrumbList\",\"@id\":\"https:\\\/\\\/www.modula.eu\\\/fr\\\/blog\\\/le-partenariat-strategique-entre-vanas-et-modula-et-loptimisation-de-la-logistique-verticale\\\/#breadcrumb\",\"itemListElement\":[{\"@type\":\"ListItem\",\"position\":1,\"name\":\"Home\",\"item\":\"https:\\\/\\\/www.modula.eu\\\/fr\\\/\"},{\"@type\":\"ListItem\",\"position\":2,\"name\":\"Applications\",\"item\":\"https:\\\/\\\/www.modula.eu\\\/fr\\\/blog\\\/applications\\\/\"},{\"@type\":\"ListItem\",\"position\":3,\"name\":\"Le partenariat strat\u00e9gique entre Vanas et Modula et l\u2019optimisation de la logistique verticale\"}]},{\"@type\":\"WebSite\",\"@id\":\"https:\\\/\\\/www.modula.eu\\\/fr\\\/#website\",\"url\":\"https:\\\/\\\/www.modula.eu\\\/fr\\\/\",\"name\":\"Modula S.p.A.\",\"description\":\"Think Vertical\",\"publisher\":{\"@id\":\"https:\\\/\\\/www.modula.eu\\\/fr\\\/#organization\"},\"potentialAction\":[{\"@type\":\"SearchAction\",\"target\":{\"@type\":\"EntryPoint\",\"urlTemplate\":\"https:\\\/\\\/www.modula.eu\\\/fr\\\/?s={search_term_string}\"},\"query-input\":{\"@type\":\"PropertyValueSpecification\",\"valueRequired\":true,\"valueName\":\"search_term_string\"}}],\"inLanguage\":\"fr-FR\"},{\"@type\":\"Person\",\"@id\":\"https:\\\/\\\/www.modula.eu\\\/fr\\\/#\\\/schema\\\/person\\\/7c5b83a68cf511134b5990861dad5936\",\"name\":\"bznadmin\",\"sameAs\":[\"https:\\\/\\\/www.modula.eu\"]}]}<\/script>\n<!-- \/ Yoast SEO plugin. -->","yoast_head_json":{"title":"Le partenariat strat\u00e9gique entre Vanas et Modula et l\u2019optimisation de la logistique verticale | Modula","description":"Dans le monde des fournisseurs de solutions logistiques et de stockage, le choix du bon partenaire est crucial pour une r\u00e9ussite \u00e0 long terme. Dans ce contexte, le partenariat entre Vanas et Modula se r\u00e9v\u00e8le \u00eatre un exemple important de synergie strat\u00e9gique.","robots":{"index":"index","follow":"follow","max-snippet":"max-snippet:-1","max-image-preview":"max-image-preview:large","max-video-preview":"max-video-preview:-1"},"canonical":"https:\/\/www.modula.eu\/fr\/blog\/le-partenariat-strategique-entre-vanas-et-modula-et-loptimisation-de-la-logistique-verticale\/","og_locale":"fr_FR","og_type":"article","og_title":"Le partenariat strat\u00e9gique entre Vanas et Modula et l\u2019optimisation de la logistique verticale | Modula","og_description":"Dans le monde des fournisseurs de solutions logistiques et de stockage, le choix du bon partenaire est crucial pour une r\u00e9ussite \u00e0 long terme. Dans ce contexte, le partenariat entre Vanas et Modula se r\u00e9v\u00e8le \u00eatre un exemple important de synergie strat\u00e9gique.","og_url":"https:\/\/www.modula.eu\/fr\/blog\/le-partenariat-strategique-entre-vanas-et-modula-et-loptimisation-de-la-logistique-verticale\/","og_site_name":"Modula","article_published_time":"2024-05-13T12:34:12+00:00","article_modified_time":"2026-06-22T11:52:21+00:00","og_image":[{"width":500,"height":270,"url":"https:\/\/www.modula.eu\/wp-content\/uploads\/2024\/05\/ART-VANAS_ANTEPRIMA_500x270_2024.jpg","type":"image\/jpeg"}],"author":"bznadmin","twitter_card":"summary_large_image","twitter_misc":{"\u00c9crit par":"bznadmin"},"schema":{"@context":"https:\/\/schema.org","@graph":[{"@type":"BlogPosting","@id":"https:\/\/www.modula.eu\/fr\/blog\/le-partenariat-strategique-entre-vanas-et-modula-et-loptimisation-de-la-logistique-verticale\/#article","isPartOf":{"@id":"https:\/\/www.modula.eu\/fr\/blog\/le-partenariat-strategique-entre-vanas-et-modula-et-loptimisation-de-la-logistique-verticale\/"},"author":{"name":"bznadmin","@id":"https:\/\/www.modula.eu\/fr\/#\/schema\/person\/7c5b83a68cf511134b5990861dad5936"},"headline":"Le partenariat strat\u00e9gique entre Vanas et Modula et l\u2019optimisation de la logistique verticale","datePublished":"2024-05-13T12:34:12+00:00","dateModified":"2026-06-22T11:52:21+00:00","mainEntityOfPage":{"@id":"https:\/\/www.modula.eu\/fr\/blog\/le-partenariat-strategique-entre-vanas-et-modula-et-loptimisation-de-la-logistique-verticale\/"},"wordCount":15,"commentCount":0,"publisher":{"@id":"https:\/\/www.modula.eu\/fr\/#organization"},"image":{"@id":"https:\/\/www.modula.eu\/fr\/blog\/le-partenariat-strategique-entre-vanas-et-modula-et-loptimisation-de-la-logistique-verticale\/#primaryimage"},"thumbnailUrl":"https:\/\/www.modula.eu\/wp-content\/uploads\/2024\/05\/ART-VANAS_ANTEPRIMA_500x270_2024.jpg","articleSection":["Applications"],"inLanguage":"fr-FR","potentialAction":[{"@type":"CommentAction","name":"Comment","target":["https:\/\/www.modula.eu\/fr\/blog\/le-partenariat-strategique-entre-vanas-et-modula-et-loptimisation-de-la-logistique-verticale\/#respond"]}]},{"@type":"WebPage","@id":"https:\/\/www.modula.eu\/fr\/blog\/le-partenariat-strategique-entre-vanas-et-modula-et-loptimisation-de-la-logistique-verticale\/","url":"https:\/\/www.modula.eu\/fr\/blog\/le-partenariat-strategique-entre-vanas-et-modula-et-loptimisation-de-la-logistique-verticale\/","name":"Le partenariat strat\u00e9gique entre Vanas et Modula et l\u2019optimisation de la logistique verticale | Modula","isPartOf":{"@id":"https:\/\/www.modula.eu\/fr\/#website"},"primaryImageOfPage":{"@id":"https:\/\/www.modula.eu\/fr\/blog\/le-partenariat-strategique-entre-vanas-et-modula-et-loptimisation-de-la-logistique-verticale\/#primaryimage"},"image":{"@id":"https:\/\/www.modula.eu\/fr\/blog\/le-partenariat-strategique-entre-vanas-et-modula-et-loptimisation-de-la-logistique-verticale\/#primaryimage"},"thumbnailUrl":"https:\/\/www.modula.eu\/wp-content\/uploads\/2024\/05\/ART-VANAS_ANTEPRIMA_500x270_2024.jpg","datePublished":"2024-05-13T12:34:12+00:00","dateModified":"2026-06-22T11:52:21+00:00","description":"Dans le monde des fournisseurs de solutions logistiques et de stockage, le choix du bon partenaire est crucial pour une r\u00e9ussite \u00e0 long terme. Dans ce contexte, le partenariat entre Vanas et Modula se r\u00e9v\u00e8le \u00eatre un exemple important de synergie strat\u00e9gique.","breadcrumb":{"@id":"https:\/\/www.modula.eu\/fr\/blog\/le-partenariat-strategique-entre-vanas-et-modula-et-loptimisation-de-la-logistique-verticale\/#breadcrumb"},"inLanguage":"fr-FR","potentialAction":[{"@type":"ReadAction","target":["https:\/\/www.modula.eu\/fr\/blog\/le-partenariat-strategique-entre-vanas-et-modula-et-loptimisation-de-la-logistique-verticale\/"]}]},{"@type":"ImageObject","inLanguage":"fr-FR","@id":"https:\/\/www.modula.eu\/fr\/blog\/le-partenariat-strategique-entre-vanas-et-modula-et-loptimisation-de-la-logistique-verticale\/#primaryimage","url":"https:\/\/www.modula.eu\/wp-content\/uploads\/2024\/05\/ART-VANAS_ANTEPRIMA_500x270_2024.jpg","contentUrl":"https:\/\/www.modula.eu\/wp-content\/uploads\/2024\/05\/ART-VANAS_ANTEPRIMA_500x270_2024.jpg","width":500,"height":270},{"@type":"BreadcrumbList","@id":"https:\/\/www.modula.eu\/fr\/blog\/le-partenariat-strategique-entre-vanas-et-modula-et-loptimisation-de-la-logistique-verticale\/#breadcrumb","itemListElement":[{"@type":"ListItem","position":1,"name":"Home","item":"https:\/\/www.modula.eu\/fr\/"},{"@type":"ListItem","position":2,"name":"Applications","item":"https:\/\/www.modula.eu\/fr\/blog\/applications\/"},{"@type":"ListItem","position":3,"name":"Le partenariat strat\u00e9gique entre Vanas et Modula et l\u2019optimisation de la logistique verticale"}]},{"@type":"WebSite","@id":"https:\/\/www.modula.eu\/fr\/#website","url":"https:\/\/www.modula.eu\/fr\/","name":"Modula S.p.A.","description":"Think Vertical","publisher":{"@id":"https:\/\/www.modula.eu\/fr\/#organization"},"potentialAction":[{"@type":"SearchAction","target":{"@type":"EntryPoint","urlTemplate":"https:\/\/www.modula.eu\/fr\/?s={search_term_string}"},"query-input":{"@type":"PropertyValueSpecification","valueRequired":true,"valueName":"search_term_string"}}],"inLanguage":"fr-FR"},{"@type":"Person","@id":"https:\/\/www.modula.eu\/fr\/#\/schema\/person\/7c5b83a68cf511134b5990861dad5936","name":"bznadmin","sameAs":["https:\/\/www.modula.eu"]}]}},"permalink_manager":null,"_links":{"self":[{"href":"https:\/\/www.modula.eu\/fr\/wp-json\/wp\/v2\/posts\/33945","targetHints":{"allow":["GET"]}}],"collection":[{"href":"https:\/\/www.modula.eu\/fr\/wp-json\/wp\/v2\/posts"}],"about":[{"href":"https:\/\/www.modula.eu\/fr\/wp-json\/wp\/v2\/types\/post"}],"author":[{"embeddable":true,"href":"https:\/\/www.modula.eu\/fr\/wp-json\/wp\/v2\/users\/1"}],"replies":[{"embeddable":true,"href":"https:\/\/www.modula.eu\/fr\/wp-json\/wp\/v2\/comments?post=33945"}],"version-history":[{"count":1,"href":"https:\/\/www.modula.eu\/fr\/wp-json\/wp\/v2\/posts\/33945\/revisions"}],"predecessor-version":[{"id":84321,"href":"https:\/\/www.modula.eu\/fr\/wp-json\/wp\/v2\/posts\/33945\/revisions\/84321"}],"wp:featuredmedia":[{"embeddable":true,"href":"https:\/\/www.modula.eu\/fr\/wp-json\/wp\/v2\/media\/33940"}],"wp:attachment":[{"href":"https:\/\/www.modula.eu\/fr\/wp-json\/wp\/v2\/media?parent=33945"}],"wp:term":[{"taxonomy":"category","embeddable":true,"href":"https:\/\/www.modula.eu\/fr\/wp-json\/wp\/v2\/categories?post=33945"},{"taxonomy":"post_tag","embeddable":true,"href":"https:\/\/www.modula.eu\/fr\/wp-json\/wp\/v2\/tags?post=33945"}],"curies":[{"name":"wp","href":"https:\/\/api.w.org\/{rel}","templated":true}]}}