{"id":34315,"date":"2024-05-27T11:50:06","date_gmt":"2024-05-27T09:50:06","guid":{"rendered":"https:\/\/www.modula.eu\/blog\/revolutionising-warehouse-logistics-with-modula-pallet\/"},"modified":"2024-08-02T09:07:24","modified_gmt":"2024-08-02T07:07:24","slug":"revolutionner-la-logistique-du-magasin-avec-modula-pallet","status":"publish","type":"post","link":"https:\/\/www.modula.eu\/fr\/blog\/revolutionner-la-logistique-du-magasin-avec-modula-pallet\/","title":{"rendered":"R\u00e9volutionner la logistique du magasin avec Modula Pallet"},"content":{"rendered":"","protected":false},"excerpt":{"rendered":"","protected":false},"author":1,"featured_media":34292,"comment_status":"open","ping_status":"open","sticky":false,"template":"","format":"standard","meta":{"_acf_changed":false,"inline_featured_image":false,"footnotes":""},"categories":[51],"tags":[],"class_list":["post-34315","post","type-post","status-publish","format-standard","has-post-thumbnail","hentry","category-applications"],"acf":[],"yoast_head":"<!-- This site is optimized with the Yoast SEO plugin v27.4 - https:\/\/yoast.com\/product\/yoast-seo-wordpress\/ -->\n<title>R\u00e9volutionner la logistique du magasin avec Modula Pallet | Modula<\/title>\n<meta name=\"description\" content=\"Dans le monde de la logistique, l\u2019efficacit\u00e9 de chaque op\u00e9ration de manutention est un pilier fondamental de la r\u00e9ussite de l\u2019entreprise. Dans un secteur o\u00f9 la vitesse et la pr\u00e9cision sont devenues des imp\u00e9ratifs, chaque article bien stock\u00e9 ou manipul\u00e9 joue un r\u00f4le d\u00e9cisif dans le bon d\u00e9roulement des op\u00e9rations.\" \/>\n<meta name=\"robots\" content=\"index, follow, max-snippet:-1, max-image-preview:large, max-video-preview:-1\" \/>\n<link rel=\"canonical\" href=\"https:\/\/www.modula.eu\/fr\/blog\/revolutionner-la-logistique-du-magasin-avec-modula-pallet\/\" \/>\n<meta property=\"og:locale\" content=\"fr_FR\" \/>\n<meta property=\"og:type\" content=\"article\" \/>\n<meta property=\"og:title\" content=\"R\u00e9volutionner la logistique du magasin avec Modula Pallet | Modula\" \/>\n<meta property=\"og:description\" content=\"Dans le monde de la logistique, l\u2019efficacit\u00e9 de chaque op\u00e9ration de manutention est un pilier fondamental de la r\u00e9ussite de l\u2019entreprise. Dans un secteur o\u00f9 la vitesse et la pr\u00e9cision sont devenues des imp\u00e9ratifs, chaque article bien stock\u00e9 ou manipul\u00e9 joue un r\u00f4le d\u00e9cisif dans le bon d\u00e9roulement des op\u00e9rations.\" \/>\n<meta property=\"og:url\" content=\"https:\/\/www.modula.eu\/fr\/blog\/revolutionner-la-logistique-du-magasin-avec-modula-pallet\/\" \/>\n<meta property=\"og:site_name\" content=\"Modula\" \/>\n<meta property=\"article:published_time\" content=\"2024-05-27T09:50:06+00:00\" \/>\n<meta property=\"article:modified_time\" content=\"2024-08-02T07:07:24+00:00\" \/>\n<meta property=\"og:image\" content=\"https:\/\/www.modula.eu\/wp-content\/uploads\/2024\/05\/ART-MALAGOLI-PALLET_ANTEPRIMA_500x270_2024.jpg\" \/>\n\t<meta property=\"og:image:width\" content=\"500\" \/>\n\t<meta property=\"og:image:height\" content=\"270\" \/>\n\t<meta property=\"og:image:type\" content=\"image\/jpeg\" \/>\n<meta name=\"author\" content=\"bznadmin\" \/>\n<meta name=\"twitter:card\" content=\"summary_large_image\" \/>\n<meta name=\"twitter:label1\" content=\"\u00c9crit par\" \/>\n\t<meta name=\"twitter:data1\" content=\"bznadmin\" \/>\n<script type=\"application\/ld+json\" class=\"yoast-schema-graph\">{\"@context\":\"https:\\\/\\\/schema.org\",\"@graph\":[{\"@type\":\"Article\",\"@id\":\"https:\\\/\\\/www.modula.eu\\\/fr\\\/blog\\\/revolutionner-la-logistique-du-magasin-avec-modula-pallet\\\/#article\",\"isPartOf\":{\"@id\":\"https:\\\/\\\/www.modula.eu\\\/fr\\\/blog\\\/revolutionner-la-logistique-du-magasin-avec-modula-pallet\\\/\"},\"author\":{\"name\":\"bznadmin\",\"@id\":\"https:\\\/\\\/www.modula.eu\\\/fr\\\/#\\\/schema\\\/person\\\/7c5b83a68cf511134b5990861dad5936\"},\"headline\":\"R\u00e9volutionner la logistique du magasin avec Modula Pallet\",\"datePublished\":\"2024-05-27T09:50:06+00:00\",\"dateModified\":\"2024-08-02T07:07:24+00:00\",\"mainEntityOfPage\":{\"@id\":\"https:\\\/\\\/www.modula.eu\\\/fr\\\/blog\\\/revolutionner-la-logistique-du-magasin-avec-modula-pallet\\\/\"},\"wordCount\":9,\"commentCount\":0,\"publisher\":{\"@id\":\"https:\\\/\\\/www.modula.eu\\\/fr\\\/#organization\"},\"image\":{\"@id\":\"https:\\\/\\\/www.modula.eu\\\/fr\\\/blog\\\/revolutionner-la-logistique-du-magasin-avec-modula-pallet\\\/#primaryimage\"},\"thumbnailUrl\":\"https:\\\/\\\/www.modula.eu\\\/wp-content\\\/uploads\\\/2024\\\/05\\\/ART-MALAGOLI-PALLET_ANTEPRIMA_500x270_2024.jpg\",\"articleSection\":[\"Applications\"],\"inLanguage\":\"fr-FR\",\"potentialAction\":[{\"@type\":\"CommentAction\",\"name\":\"Comment\",\"target\":[\"https:\\\/\\\/www.modula.eu\\\/fr\\\/blog\\\/revolutionner-la-logistique-du-magasin-avec-modula-pallet\\\/#respond\"]}]},{\"@type\":\"WebPage\",\"@id\":\"https:\\\/\\\/www.modula.eu\\\/fr\\\/blog\\\/revolutionner-la-logistique-du-magasin-avec-modula-pallet\\\/\",\"url\":\"https:\\\/\\\/www.modula.eu\\\/fr\\\/blog\\\/revolutionner-la-logistique-du-magasin-avec-modula-pallet\\\/\",\"name\":\"R\u00e9volutionner la logistique du magasin avec Modula Pallet | Modula\",\"isPartOf\":{\"@id\":\"https:\\\/\\\/www.modula.eu\\\/fr\\\/#website\"},\"primaryImageOfPage\":{\"@id\":\"https:\\\/\\\/www.modula.eu\\\/fr\\\/blog\\\/revolutionner-la-logistique-du-magasin-avec-modula-pallet\\\/#primaryimage\"},\"image\":{\"@id\":\"https:\\\/\\\/www.modula.eu\\\/fr\\\/blog\\\/revolutionner-la-logistique-du-magasin-avec-modula-pallet\\\/#primaryimage\"},\"thumbnailUrl\":\"https:\\\/\\\/www.modula.eu\\\/wp-content\\\/uploads\\\/2024\\\/05\\\/ART-MALAGOLI-PALLET_ANTEPRIMA_500x270_2024.jpg\",\"datePublished\":\"2024-05-27T09:50:06+00:00\",\"dateModified\":\"2024-08-02T07:07:24+00:00\",\"description\":\"Dans le monde de la logistique, l\u2019efficacit\u00e9 de chaque op\u00e9ration de manutention est un pilier fondamental de la r\u00e9ussite de l\u2019entreprise. Dans un secteur o\u00f9 la vitesse et la pr\u00e9cision sont devenues des imp\u00e9ratifs, chaque article bien stock\u00e9 ou manipul\u00e9 joue un r\u00f4le d\u00e9cisif dans le bon d\u00e9roulement des op\u00e9rations.\",\"breadcrumb\":{\"@id\":\"https:\\\/\\\/www.modula.eu\\\/fr\\\/blog\\\/revolutionner-la-logistique-du-magasin-avec-modula-pallet\\\/#breadcrumb\"},\"inLanguage\":\"fr-FR\",\"potentialAction\":[{\"@type\":\"ReadAction\",\"target\":[\"https:\\\/\\\/www.modula.eu\\\/fr\\\/blog\\\/revolutionner-la-logistique-du-magasin-avec-modula-pallet\\\/\"]}]},{\"@type\":\"ImageObject\",\"inLanguage\":\"fr-FR\",\"@id\":\"https:\\\/\\\/www.modula.eu\\\/fr\\\/blog\\\/revolutionner-la-logistique-du-magasin-avec-modula-pallet\\\/#primaryimage\",\"url\":\"https:\\\/\\\/www.modula.eu\\\/wp-content\\\/uploads\\\/2024\\\/05\\\/ART-MALAGOLI-PALLET_ANTEPRIMA_500x270_2024.jpg\",\"contentUrl\":\"https:\\\/\\\/www.modula.eu\\\/wp-content\\\/uploads\\\/2024\\\/05\\\/ART-MALAGOLI-PALLET_ANTEPRIMA_500x270_2024.jpg\",\"width\":500,\"height\":270},{\"@type\":\"BreadcrumbList\",\"@id\":\"https:\\\/\\\/www.modula.eu\\\/fr\\\/blog\\\/revolutionner-la-logistique-du-magasin-avec-modula-pallet\\\/#breadcrumb\",\"itemListElement\":[{\"@type\":\"ListItem\",\"position\":1,\"name\":\"Home\",\"item\":\"https:\\\/\\\/www.modula.eu\\\/fr\\\/\"},{\"@type\":\"ListItem\",\"position\":2,\"name\":\"Applications\",\"item\":\"https:\\\/\\\/www.modula.eu\\\/fr\\\/blog\\\/applications\\\/\"},{\"@type\":\"ListItem\",\"position\":3,\"name\":\"R\u00e9volutionner la logistique du magasin avec Modula Pallet\"}]},{\"@type\":\"WebSite\",\"@id\":\"https:\\\/\\\/www.modula.eu\\\/fr\\\/#website\",\"url\":\"https:\\\/\\\/www.modula.eu\\\/fr\\\/\",\"name\":\"Modula\",\"description\":\"Think Vertical\",\"publisher\":{\"@id\":\"https:\\\/\\\/www.modula.eu\\\/fr\\\/#organization\"},\"potentialAction\":[{\"@type\":\"SearchAction\",\"target\":{\"@type\":\"EntryPoint\",\"urlTemplate\":\"https:\\\/\\\/www.modula.eu\\\/fr\\\/?s={search_term_string}\"},\"query-input\":{\"@type\":\"PropertyValueSpecification\",\"valueRequired\":true,\"valueName\":\"search_term_string\"}}],\"inLanguage\":\"fr-FR\"},{\"@type\":\"Organization\",\"@id\":\"https:\\\/\\\/www.modula.eu\\\/fr\\\/#organization\",\"name\":\"Modula\",\"url\":\"https:\\\/\\\/www.modula.eu\\\/fr\\\/\",\"logo\":{\"@type\":\"ImageObject\",\"inLanguage\":\"fr-FR\",\"@id\":\"https:\\\/\\\/www.modula.eu\\\/fr\\\/#\\\/schema\\\/logo\\\/image\\\/\",\"url\":\"https:\\\/\\\/www.modula.eu\\\/wp-content\\\/uploads\\\/2022\\\/12\\\/Modula-logo.jpg\",\"contentUrl\":\"https:\\\/\\\/www.modula.eu\\\/wp-content\\\/uploads\\\/2022\\\/12\\\/Modula-logo.jpg\",\"width\":759,\"height\":512,\"caption\":\"Modula\"},\"image\":{\"@id\":\"https:\\\/\\\/www.modula.eu\\\/fr\\\/#\\\/schema\\\/logo\\\/image\\\/\"}},{\"@type\":\"Person\",\"@id\":\"https:\\\/\\\/www.modula.eu\\\/fr\\\/#\\\/schema\\\/person\\\/7c5b83a68cf511134b5990861dad5936\",\"name\":\"bznadmin\",\"sameAs\":[\"https:\\\/\\\/www.modula.eu\"]}]}<\/script>\n<!-- \/ Yoast SEO plugin. -->","yoast_head_json":{"title":"R\u00e9volutionner la logistique du magasin avec Modula Pallet | Modula","description":"Dans le monde de la logistique, l\u2019efficacit\u00e9 de chaque op\u00e9ration de manutention est un pilier fondamental de la r\u00e9ussite de l\u2019entreprise. Dans un secteur o\u00f9 la vitesse et la pr\u00e9cision sont devenues des imp\u00e9ratifs, chaque article bien stock\u00e9 ou manipul\u00e9 joue un r\u00f4le d\u00e9cisif dans le bon d\u00e9roulement des op\u00e9rations.","robots":{"index":"index","follow":"follow","max-snippet":"max-snippet:-1","max-image-preview":"max-image-preview:large","max-video-preview":"max-video-preview:-1"},"canonical":"https:\/\/www.modula.eu\/fr\/blog\/revolutionner-la-logistique-du-magasin-avec-modula-pallet\/","og_locale":"fr_FR","og_type":"article","og_title":"R\u00e9volutionner la logistique du magasin avec Modula Pallet | Modula","og_description":"Dans le monde de la logistique, l\u2019efficacit\u00e9 de chaque op\u00e9ration de manutention est un pilier fondamental de la r\u00e9ussite de l\u2019entreprise. Dans un secteur o\u00f9 la vitesse et la pr\u00e9cision sont devenues des imp\u00e9ratifs, chaque article bien stock\u00e9 ou manipul\u00e9 joue un r\u00f4le d\u00e9cisif dans le bon d\u00e9roulement des op\u00e9rations.","og_url":"https:\/\/www.modula.eu\/fr\/blog\/revolutionner-la-logistique-du-magasin-avec-modula-pallet\/","og_site_name":"Modula","article_published_time":"2024-05-27T09:50:06+00:00","article_modified_time":"2024-08-02T07:07:24+00:00","og_image":[{"width":500,"height":270,"url":"https:\/\/www.modula.eu\/wp-content\/uploads\/2024\/05\/ART-MALAGOLI-PALLET_ANTEPRIMA_500x270_2024.jpg","type":"image\/jpeg"}],"author":"bznadmin","twitter_card":"summary_large_image","twitter_misc":{"\u00c9crit par":"bznadmin"},"schema":{"@context":"https:\/\/schema.org","@graph":[{"@type":"Article","@id":"https:\/\/www.modula.eu\/fr\/blog\/revolutionner-la-logistique-du-magasin-avec-modula-pallet\/#article","isPartOf":{"@id":"https:\/\/www.modula.eu\/fr\/blog\/revolutionner-la-logistique-du-magasin-avec-modula-pallet\/"},"author":{"name":"bznadmin","@id":"https:\/\/www.modula.eu\/fr\/#\/schema\/person\/7c5b83a68cf511134b5990861dad5936"},"headline":"R\u00e9volutionner la logistique du magasin avec Modula Pallet","datePublished":"2024-05-27T09:50:06+00:00","dateModified":"2024-08-02T07:07:24+00:00","mainEntityOfPage":{"@id":"https:\/\/www.modula.eu\/fr\/blog\/revolutionner-la-logistique-du-magasin-avec-modula-pallet\/"},"wordCount":9,"commentCount":0,"publisher":{"@id":"https:\/\/www.modula.eu\/fr\/#organization"},"image":{"@id":"https:\/\/www.modula.eu\/fr\/blog\/revolutionner-la-logistique-du-magasin-avec-modula-pallet\/#primaryimage"},"thumbnailUrl":"https:\/\/www.modula.eu\/wp-content\/uploads\/2024\/05\/ART-MALAGOLI-PALLET_ANTEPRIMA_500x270_2024.jpg","articleSection":["Applications"],"inLanguage":"fr-FR","potentialAction":[{"@type":"CommentAction","name":"Comment","target":["https:\/\/www.modula.eu\/fr\/blog\/revolutionner-la-logistique-du-magasin-avec-modula-pallet\/#respond"]}]},{"@type":"WebPage","@id":"https:\/\/www.modula.eu\/fr\/blog\/revolutionner-la-logistique-du-magasin-avec-modula-pallet\/","url":"https:\/\/www.modula.eu\/fr\/blog\/revolutionner-la-logistique-du-magasin-avec-modula-pallet\/","name":"R\u00e9volutionner la logistique du magasin avec Modula Pallet | Modula","isPartOf":{"@id":"https:\/\/www.modula.eu\/fr\/#website"},"primaryImageOfPage":{"@id":"https:\/\/www.modula.eu\/fr\/blog\/revolutionner-la-logistique-du-magasin-avec-modula-pallet\/#primaryimage"},"image":{"@id":"https:\/\/www.modula.eu\/fr\/blog\/revolutionner-la-logistique-du-magasin-avec-modula-pallet\/#primaryimage"},"thumbnailUrl":"https:\/\/www.modula.eu\/wp-content\/uploads\/2024\/05\/ART-MALAGOLI-PALLET_ANTEPRIMA_500x270_2024.jpg","datePublished":"2024-05-27T09:50:06+00:00","dateModified":"2024-08-02T07:07:24+00:00","description":"Dans le monde de la logistique, l\u2019efficacit\u00e9 de chaque op\u00e9ration de manutention est un pilier fondamental de la r\u00e9ussite de l\u2019entreprise. Dans un secteur o\u00f9 la vitesse et la pr\u00e9cision sont devenues des imp\u00e9ratifs, chaque article bien stock\u00e9 ou manipul\u00e9 joue un r\u00f4le d\u00e9cisif dans le bon d\u00e9roulement des op\u00e9rations.","breadcrumb":{"@id":"https:\/\/www.modula.eu\/fr\/blog\/revolutionner-la-logistique-du-magasin-avec-modula-pallet\/#breadcrumb"},"inLanguage":"fr-FR","potentialAction":[{"@type":"ReadAction","target":["https:\/\/www.modula.eu\/fr\/blog\/revolutionner-la-logistique-du-magasin-avec-modula-pallet\/"]}]},{"@type":"ImageObject","inLanguage":"fr-FR","@id":"https:\/\/www.modula.eu\/fr\/blog\/revolutionner-la-logistique-du-magasin-avec-modula-pallet\/#primaryimage","url":"https:\/\/www.modula.eu\/wp-content\/uploads\/2024\/05\/ART-MALAGOLI-PALLET_ANTEPRIMA_500x270_2024.jpg","contentUrl":"https:\/\/www.modula.eu\/wp-content\/uploads\/2024\/05\/ART-MALAGOLI-PALLET_ANTEPRIMA_500x270_2024.jpg","width":500,"height":270},{"@type":"BreadcrumbList","@id":"https:\/\/www.modula.eu\/fr\/blog\/revolutionner-la-logistique-du-magasin-avec-modula-pallet\/#breadcrumb","itemListElement":[{"@type":"ListItem","position":1,"name":"Home","item":"https:\/\/www.modula.eu\/fr\/"},{"@type":"ListItem","position":2,"name":"Applications","item":"https:\/\/www.modula.eu\/fr\/blog\/applications\/"},{"@type":"ListItem","position":3,"name":"R\u00e9volutionner la logistique du magasin avec Modula Pallet"}]},{"@type":"WebSite","@id":"https:\/\/www.modula.eu\/fr\/#website","url":"https:\/\/www.modula.eu\/fr\/","name":"Modula","description":"Think Vertical","publisher":{"@id":"https:\/\/www.modula.eu\/fr\/#organization"},"potentialAction":[{"@type":"SearchAction","target":{"@type":"EntryPoint","urlTemplate":"https:\/\/www.modula.eu\/fr\/?s={search_term_string}"},"query-input":{"@type":"PropertyValueSpecification","valueRequired":true,"valueName":"search_term_string"}}],"inLanguage":"fr-FR"},{"@type":"Organization","@id":"https:\/\/www.modula.eu\/fr\/#organization","name":"Modula","url":"https:\/\/www.modula.eu\/fr\/","logo":{"@type":"ImageObject","inLanguage":"fr-FR","@id":"https:\/\/www.modula.eu\/fr\/#\/schema\/logo\/image\/","url":"https:\/\/www.modula.eu\/wp-content\/uploads\/2022\/12\/Modula-logo.jpg","contentUrl":"https:\/\/www.modula.eu\/wp-content\/uploads\/2022\/12\/Modula-logo.jpg","width":759,"height":512,"caption":"Modula"},"image":{"@id":"https:\/\/www.modula.eu\/fr\/#\/schema\/logo\/image\/"}},{"@type":"Person","@id":"https:\/\/www.modula.eu\/fr\/#\/schema\/person\/7c5b83a68cf511134b5990861dad5936","name":"bznadmin","sameAs":["https:\/\/www.modula.eu"]}]}},"_links":{"self":[{"href":"https:\/\/www.modula.eu\/fr\/wp-json\/wp\/v2\/posts\/34315","targetHints":{"allow":["GET"]}}],"collection":[{"href":"https:\/\/www.modula.eu\/fr\/wp-json\/wp\/v2\/posts"}],"about":[{"href":"https:\/\/www.modula.eu\/fr\/wp-json\/wp\/v2\/types\/post"}],"author":[{"embeddable":true,"href":"https:\/\/www.modula.eu\/fr\/wp-json\/wp\/v2\/users\/1"}],"replies":[{"embeddable":true,"href":"https:\/\/www.modula.eu\/fr\/wp-json\/wp\/v2\/comments?post=34315"}],"version-history":[{"count":0,"href":"https:\/\/www.modula.eu\/fr\/wp-json\/wp\/v2\/posts\/34315\/revisions"}],"wp:featuredmedia":[{"embeddable":true,"href":"https:\/\/www.modula.eu\/fr\/wp-json\/wp\/v2\/media\/34292"}],"wp:attachment":[{"href":"https:\/\/www.modula.eu\/fr\/wp-json\/wp\/v2\/media?parent=34315"}],"wp:term":[{"taxonomy":"category","embeddable":true,"href":"https:\/\/www.modula.eu\/fr\/wp-json\/wp\/v2\/categories?post=34315"},{"taxonomy":"post_tag","embeddable":true,"href":"https:\/\/www.modula.eu\/fr\/wp-json\/wp\/v2\/tags?post=34315"}],"curies":[{"name":"wp","href":"https:\/\/api.w.org\/{rel}","templated":true}]}}