{"id":54514,"date":"2025-04-15T11:20:58","date_gmt":"2025-04-15T09:20:58","guid":{"rendered":"https:\/\/www.modula.eu\/blog\/improving-warehouse-space-management-with-bin-storage\/"},"modified":"2025-04-15T12:31:47","modified_gmt":"2025-04-15T10:31:47","slug":"ameliorer-la-gestion-de-lespace-dentrepot-grace-au-stockage-a-bacs","status":"publish","type":"post","link":"https:\/\/www.modula.eu\/fr\/blog\/ameliorer-la-gestion-de-lespace-dentrepot-grace-au-stockage-a-bacs\/","title":{"rendered":"Am\u00e9liorer la gestion de l\u2019espace d\u2019entrep\u00f4t gr\u00e2ce au stockage \u00e0 bacs"},"content":{"rendered":"","protected":false},"excerpt":{"rendered":"","protected":false},"author":1,"featured_media":53112,"comment_status":"closed","ping_status":"closed","sticky":false,"template":"","format":"standard","meta":{"_acf_changed":false,"inline_featured_image":false,"footnotes":""},"categories":[54],"tags":[],"class_list":["post-54514","post","type-post","status-publish","format-standard","has-post-thumbnail","hentry","category-entrepots-automatiques"],"acf":[],"yoast_head":"<!-- This site is optimized with the Yoast SEO plugin v28.3 - https:\/\/yoast.com\/product\/yoast-seo-wordpress\/ -->\n<title>Am\u00e9liorer la gestion de l\u2019espace d\u2019entrep\u00f4t gr\u00e2ce au stockage \u00e0 bacs | Modula Spa<\/title>\n<meta name=\"description\" content=\"Serait-il possible d\u2019am\u00e9liorer l\u2019efficacit\u00e9 de l\u2019espace de stockage que j\u2019ai toujours g\u00e9r\u00e9 d\u2019une certaine mani\u00e8re ? Comment trouver des solutions qui optimisent au mieux la surface et les volumes disponibles ?\" \/>\n<meta name=\"robots\" content=\"index, follow, max-snippet:-1, max-image-preview:large, max-video-preview:-1\" \/>\n<link rel=\"canonical\" href=\"https:\/\/www.modula.eu\/fr\/blog\/ameliorer-la-gestion-de-lespace-dentrepot-grace-au-stockage-a-bacs\/\" \/>\n<meta property=\"og:locale\" content=\"fr_FR\" \/>\n<meta property=\"og:type\" content=\"article\" \/>\n<meta property=\"og:title\" content=\"Am\u00e9liorer la gestion de l\u2019espace d\u2019entrep\u00f4t gr\u00e2ce au stockage \u00e0 bacs | Modula Spa\" \/>\n<meta property=\"og:description\" content=\"Serait-il possible d\u2019am\u00e9liorer l\u2019efficacit\u00e9 de l\u2019espace de stockage que j\u2019ai toujours g\u00e9r\u00e9 d\u2019une certaine mani\u00e8re ? Comment trouver des solutions qui optimisent au mieux la surface et les volumes disponibles ?\" \/>\n<meta property=\"og:url\" content=\"https:\/\/www.modula.eu\/fr\/blog\/ameliorer-la-gestion-de-lespace-dentrepot-grace-au-stockage-a-bacs\/\" \/>\n<meta property=\"og:site_name\" content=\"Modula\" \/>\n<meta property=\"article:published_time\" content=\"2025-04-15T09:20:58+00:00\" \/>\n<meta property=\"article:modified_time\" content=\"2025-04-15T10:31:47+00:00\" \/>\n<meta property=\"og:image\" content=\"https:\/\/www.modula.eu\/wp-content\/uploads\/2025\/03\/ART_FLEXIBOX_500x270.jpg\" \/>\n\t<meta property=\"og:image:width\" content=\"500\" \/>\n\t<meta property=\"og:image:height\" content=\"270\" \/>\n\t<meta property=\"og:image:type\" content=\"image\/jpeg\" \/>\n<meta name=\"author\" content=\"bznadmin\" \/>\n<meta name=\"twitter:card\" content=\"summary_large_image\" \/>\n<meta name=\"twitter:label1\" content=\"\u00c9crit par\" \/>\n\t<meta name=\"twitter:data1\" content=\"bznadmin\" \/>\n<script type=\"application\/ld+json\" class=\"yoast-schema-graph\">{\"@context\":\"https:\\\/\\\/schema.org\",\"@graph\":[{\"@type\":\"BlogPosting\",\"@id\":\"https:\\\/\\\/www.modula.eu\\\/fr\\\/blog\\\/ameliorer-la-gestion-de-lespace-dentrepot-grace-au-stockage-a-bacs\\\/#article\",\"isPartOf\":{\"@id\":\"https:\\\/\\\/www.modula.eu\\\/fr\\\/blog\\\/ameliorer-la-gestion-de-lespace-dentrepot-grace-au-stockage-a-bacs\\\/\"},\"author\":{\"name\":\"bznadmin\",\"@id\":\"https:\\\/\\\/www.modula.eu\\\/fr\\\/#\\\/schema\\\/person\\\/7c5b83a68cf511134b5990861dad5936\"},\"headline\":\"Am\u00e9liorer la gestion de l\u2019espace d\u2019entrep\u00f4t gr\u00e2ce au stockage \u00e0 bacs\",\"datePublished\":\"2025-04-15T09:20:58+00:00\",\"dateModified\":\"2025-04-15T10:31:47+00:00\",\"mainEntityOfPage\":{\"@id\":\"https:\\\/\\\/www.modula.eu\\\/fr\\\/blog\\\/ameliorer-la-gestion-de-lespace-dentrepot-grace-au-stockage-a-bacs\\\/\"},\"wordCount\":15,\"publisher\":{\"@id\":\"https:\\\/\\\/www.modula.eu\\\/fr\\\/#organization\"},\"image\":{\"@id\":\"https:\\\/\\\/www.modula.eu\\\/fr\\\/blog\\\/ameliorer-la-gestion-de-lespace-dentrepot-grace-au-stockage-a-bacs\\\/#primaryimage\"},\"thumbnailUrl\":\"https:\\\/\\\/www.modula.eu\\\/wp-content\\\/uploads\\\/2025\\\/03\\\/ART_FLEXIBOX_500x270.jpg\",\"articleSection\":[\"Entrep\u00f4ts automatiques\"],\"inLanguage\":\"fr-FR\"},{\"@type\":\"WebPage\",\"@id\":\"https:\\\/\\\/www.modula.eu\\\/fr\\\/blog\\\/ameliorer-la-gestion-de-lespace-dentrepot-grace-au-stockage-a-bacs\\\/\",\"url\":\"https:\\\/\\\/www.modula.eu\\\/fr\\\/blog\\\/ameliorer-la-gestion-de-lespace-dentrepot-grace-au-stockage-a-bacs\\\/\",\"name\":\"Am\u00e9liorer la gestion de l\u2019espace d\u2019entrep\u00f4t gr\u00e2ce au stockage \u00e0 bacs | Modula Spa\",\"isPartOf\":{\"@id\":\"https:\\\/\\\/www.modula.eu\\\/fr\\\/#website\"},\"primaryImageOfPage\":{\"@id\":\"https:\\\/\\\/www.modula.eu\\\/fr\\\/blog\\\/ameliorer-la-gestion-de-lespace-dentrepot-grace-au-stockage-a-bacs\\\/#primaryimage\"},\"image\":{\"@id\":\"https:\\\/\\\/www.modula.eu\\\/fr\\\/blog\\\/ameliorer-la-gestion-de-lespace-dentrepot-grace-au-stockage-a-bacs\\\/#primaryimage\"},\"thumbnailUrl\":\"https:\\\/\\\/www.modula.eu\\\/wp-content\\\/uploads\\\/2025\\\/03\\\/ART_FLEXIBOX_500x270.jpg\",\"datePublished\":\"2025-04-15T09:20:58+00:00\",\"dateModified\":\"2025-04-15T10:31:47+00:00\",\"description\":\"Serait-il possible d\u2019am\u00e9liorer l\u2019efficacit\u00e9 de l\u2019espace de stockage que j\u2019ai toujours g\u00e9r\u00e9 d\u2019une certaine mani\u00e8re ? Comment trouver des solutions qui optimisent au mieux la surface et les volumes disponibles ?\",\"breadcrumb\":{\"@id\":\"https:\\\/\\\/www.modula.eu\\\/fr\\\/blog\\\/ameliorer-la-gestion-de-lespace-dentrepot-grace-au-stockage-a-bacs\\\/#breadcrumb\"},\"inLanguage\":\"fr-FR\",\"potentialAction\":[{\"@type\":\"ReadAction\",\"target\":[\"https:\\\/\\\/www.modula.eu\\\/fr\\\/blog\\\/ameliorer-la-gestion-de-lespace-dentrepot-grace-au-stockage-a-bacs\\\/\"]}]},{\"@type\":\"ImageObject\",\"inLanguage\":\"fr-FR\",\"@id\":\"https:\\\/\\\/www.modula.eu\\\/fr\\\/blog\\\/ameliorer-la-gestion-de-lespace-dentrepot-grace-au-stockage-a-bacs\\\/#primaryimage\",\"url\":\"https:\\\/\\\/www.modula.eu\\\/wp-content\\\/uploads\\\/2025\\\/03\\\/ART_FLEXIBOX_500x270.jpg\",\"contentUrl\":\"https:\\\/\\\/www.modula.eu\\\/wp-content\\\/uploads\\\/2025\\\/03\\\/ART_FLEXIBOX_500x270.jpg\",\"width\":500,\"height\":270},{\"@type\":\"BreadcrumbList\",\"@id\":\"https:\\\/\\\/www.modula.eu\\\/fr\\\/blog\\\/ameliorer-la-gestion-de-lespace-dentrepot-grace-au-stockage-a-bacs\\\/#breadcrumb\",\"itemListElement\":[{\"@type\":\"ListItem\",\"position\":1,\"name\":\"Home\",\"item\":\"https:\\\/\\\/www.modula.eu\\\/fr\\\/\"},{\"@type\":\"ListItem\",\"position\":2,\"name\":\"Entrep\u00f4ts automatiques\",\"item\":\"https:\\\/\\\/www.modula.eu\\\/fr\\\/blog\\\/entrepots-automatiques\\\/\"},{\"@type\":\"ListItem\",\"position\":3,\"name\":\"Am\u00e9liorer la gestion de l\u2019espace d\u2019entrep\u00f4t gr\u00e2ce au stockage \u00e0 bacs\"}]},{\"@type\":\"WebSite\",\"@id\":\"https:\\\/\\\/www.modula.eu\\\/fr\\\/#website\",\"url\":\"https:\\\/\\\/www.modula.eu\\\/fr\\\/\",\"name\":\"Modula S.p.A.\",\"description\":\"Think Vertical\",\"publisher\":{\"@id\":\"https:\\\/\\\/www.modula.eu\\\/fr\\\/#organization\"},\"potentialAction\":[{\"@type\":\"SearchAction\",\"target\":{\"@type\":\"EntryPoint\",\"urlTemplate\":\"https:\\\/\\\/www.modula.eu\\\/fr\\\/?s={search_term_string}\"},\"query-input\":{\"@type\":\"PropertyValueSpecification\",\"valueRequired\":true,\"valueName\":\"search_term_string\"}}],\"inLanguage\":\"fr-FR\"},{\"@type\":\"Person\",\"@id\":\"https:\\\/\\\/www.modula.eu\\\/fr\\\/#\\\/schema\\\/person\\\/7c5b83a68cf511134b5990861dad5936\",\"name\":\"bznadmin\",\"sameAs\":[\"https:\\\/\\\/www.modula.eu\"]}]}<\/script>\n<!-- \/ Yoast SEO plugin. -->","yoast_head_json":{"title":"Am\u00e9liorer la gestion de l\u2019espace d\u2019entrep\u00f4t gr\u00e2ce au stockage \u00e0 bacs | Modula Spa","description":"Serait-il possible d\u2019am\u00e9liorer l\u2019efficacit\u00e9 de l\u2019espace de stockage que j\u2019ai toujours g\u00e9r\u00e9 d\u2019une certaine mani\u00e8re ? Comment trouver des solutions qui optimisent au mieux la surface et les volumes disponibles ?","robots":{"index":"index","follow":"follow","max-snippet":"max-snippet:-1","max-image-preview":"max-image-preview:large","max-video-preview":"max-video-preview:-1"},"canonical":"https:\/\/www.modula.eu\/fr\/blog\/ameliorer-la-gestion-de-lespace-dentrepot-grace-au-stockage-a-bacs\/","og_locale":"fr_FR","og_type":"article","og_title":"Am\u00e9liorer la gestion de l\u2019espace d\u2019entrep\u00f4t gr\u00e2ce au stockage \u00e0 bacs | Modula Spa","og_description":"Serait-il possible d\u2019am\u00e9liorer l\u2019efficacit\u00e9 de l\u2019espace de stockage que j\u2019ai toujours g\u00e9r\u00e9 d\u2019une certaine mani\u00e8re ? Comment trouver des solutions qui optimisent au mieux la surface et les volumes disponibles ?","og_url":"https:\/\/www.modula.eu\/fr\/blog\/ameliorer-la-gestion-de-lespace-dentrepot-grace-au-stockage-a-bacs\/","og_site_name":"Modula","article_published_time":"2025-04-15T09:20:58+00:00","article_modified_time":"2025-04-15T10:31:47+00:00","og_image":[{"width":500,"height":270,"url":"https:\/\/www.modula.eu\/wp-content\/uploads\/2025\/03\/ART_FLEXIBOX_500x270.jpg","type":"image\/jpeg"}],"author":"bznadmin","twitter_card":"summary_large_image","twitter_misc":{"\u00c9crit par":"bznadmin"},"schema":{"@context":"https:\/\/schema.org","@graph":[{"@type":"BlogPosting","@id":"https:\/\/www.modula.eu\/fr\/blog\/ameliorer-la-gestion-de-lespace-dentrepot-grace-au-stockage-a-bacs\/#article","isPartOf":{"@id":"https:\/\/www.modula.eu\/fr\/blog\/ameliorer-la-gestion-de-lespace-dentrepot-grace-au-stockage-a-bacs\/"},"author":{"name":"bznadmin","@id":"https:\/\/www.modula.eu\/fr\/#\/schema\/person\/7c5b83a68cf511134b5990861dad5936"},"headline":"Am\u00e9liorer la gestion de l\u2019espace d\u2019entrep\u00f4t gr\u00e2ce au stockage \u00e0 bacs","datePublished":"2025-04-15T09:20:58+00:00","dateModified":"2025-04-15T10:31:47+00:00","mainEntityOfPage":{"@id":"https:\/\/www.modula.eu\/fr\/blog\/ameliorer-la-gestion-de-lespace-dentrepot-grace-au-stockage-a-bacs\/"},"wordCount":15,"publisher":{"@id":"https:\/\/www.modula.eu\/fr\/#organization"},"image":{"@id":"https:\/\/www.modula.eu\/fr\/blog\/ameliorer-la-gestion-de-lespace-dentrepot-grace-au-stockage-a-bacs\/#primaryimage"},"thumbnailUrl":"https:\/\/www.modula.eu\/wp-content\/uploads\/2025\/03\/ART_FLEXIBOX_500x270.jpg","articleSection":["Entrep\u00f4ts automatiques"],"inLanguage":"fr-FR"},{"@type":"WebPage","@id":"https:\/\/www.modula.eu\/fr\/blog\/ameliorer-la-gestion-de-lespace-dentrepot-grace-au-stockage-a-bacs\/","url":"https:\/\/www.modula.eu\/fr\/blog\/ameliorer-la-gestion-de-lespace-dentrepot-grace-au-stockage-a-bacs\/","name":"Am\u00e9liorer la gestion de l\u2019espace d\u2019entrep\u00f4t gr\u00e2ce au stockage \u00e0 bacs | Modula Spa","isPartOf":{"@id":"https:\/\/www.modula.eu\/fr\/#website"},"primaryImageOfPage":{"@id":"https:\/\/www.modula.eu\/fr\/blog\/ameliorer-la-gestion-de-lespace-dentrepot-grace-au-stockage-a-bacs\/#primaryimage"},"image":{"@id":"https:\/\/www.modula.eu\/fr\/blog\/ameliorer-la-gestion-de-lespace-dentrepot-grace-au-stockage-a-bacs\/#primaryimage"},"thumbnailUrl":"https:\/\/www.modula.eu\/wp-content\/uploads\/2025\/03\/ART_FLEXIBOX_500x270.jpg","datePublished":"2025-04-15T09:20:58+00:00","dateModified":"2025-04-15T10:31:47+00:00","description":"Serait-il possible d\u2019am\u00e9liorer l\u2019efficacit\u00e9 de l\u2019espace de stockage que j\u2019ai toujours g\u00e9r\u00e9 d\u2019une certaine mani\u00e8re ? Comment trouver des solutions qui optimisent au mieux la surface et les volumes disponibles ?","breadcrumb":{"@id":"https:\/\/www.modula.eu\/fr\/blog\/ameliorer-la-gestion-de-lespace-dentrepot-grace-au-stockage-a-bacs\/#breadcrumb"},"inLanguage":"fr-FR","potentialAction":[{"@type":"ReadAction","target":["https:\/\/www.modula.eu\/fr\/blog\/ameliorer-la-gestion-de-lespace-dentrepot-grace-au-stockage-a-bacs\/"]}]},{"@type":"ImageObject","inLanguage":"fr-FR","@id":"https:\/\/www.modula.eu\/fr\/blog\/ameliorer-la-gestion-de-lespace-dentrepot-grace-au-stockage-a-bacs\/#primaryimage","url":"https:\/\/www.modula.eu\/wp-content\/uploads\/2025\/03\/ART_FLEXIBOX_500x270.jpg","contentUrl":"https:\/\/www.modula.eu\/wp-content\/uploads\/2025\/03\/ART_FLEXIBOX_500x270.jpg","width":500,"height":270},{"@type":"BreadcrumbList","@id":"https:\/\/www.modula.eu\/fr\/blog\/ameliorer-la-gestion-de-lespace-dentrepot-grace-au-stockage-a-bacs\/#breadcrumb","itemListElement":[{"@type":"ListItem","position":1,"name":"Home","item":"https:\/\/www.modula.eu\/fr\/"},{"@type":"ListItem","position":2,"name":"Entrep\u00f4ts automatiques","item":"https:\/\/www.modula.eu\/fr\/blog\/entrepots-automatiques\/"},{"@type":"ListItem","position":3,"name":"Am\u00e9liorer la gestion de l\u2019espace d\u2019entrep\u00f4t gr\u00e2ce au stockage \u00e0 bacs"}]},{"@type":"WebSite","@id":"https:\/\/www.modula.eu\/fr\/#website","url":"https:\/\/www.modula.eu\/fr\/","name":"Modula S.p.A.","description":"Think Vertical","publisher":{"@id":"https:\/\/www.modula.eu\/fr\/#organization"},"potentialAction":[{"@type":"SearchAction","target":{"@type":"EntryPoint","urlTemplate":"https:\/\/www.modula.eu\/fr\/?s={search_term_string}"},"query-input":{"@type":"PropertyValueSpecification","valueRequired":true,"valueName":"search_term_string"}}],"inLanguage":"fr-FR"},{"@type":"Person","@id":"https:\/\/www.modula.eu\/fr\/#\/schema\/person\/7c5b83a68cf511134b5990861dad5936","name":"bznadmin","sameAs":["https:\/\/www.modula.eu"]}]}},"permalink_manager":null,"_links":{"self":[{"href":"https:\/\/www.modula.eu\/fr\/wp-json\/wp\/v2\/posts\/54514","targetHints":{"allow":["GET"]}}],"collection":[{"href":"https:\/\/www.modula.eu\/fr\/wp-json\/wp\/v2\/posts"}],"about":[{"href":"https:\/\/www.modula.eu\/fr\/wp-json\/wp\/v2\/types\/post"}],"author":[{"embeddable":true,"href":"https:\/\/www.modula.eu\/fr\/wp-json\/wp\/v2\/users\/1"}],"replies":[{"embeddable":true,"href":"https:\/\/www.modula.eu\/fr\/wp-json\/wp\/v2\/comments?post=54514"}],"version-history":[{"count":0,"href":"https:\/\/www.modula.eu\/fr\/wp-json\/wp\/v2\/posts\/54514\/revisions"}],"wp:featuredmedia":[{"embeddable":true,"href":"https:\/\/www.modula.eu\/fr\/wp-json\/wp\/v2\/media\/53112"}],"wp:attachment":[{"href":"https:\/\/www.modula.eu\/fr\/wp-json\/wp\/v2\/media?parent=54514"}],"wp:term":[{"taxonomy":"category","embeddable":true,"href":"https:\/\/www.modula.eu\/fr\/wp-json\/wp\/v2\/categories?post=54514"},{"taxonomy":"post_tag","embeddable":true,"href":"https:\/\/www.modula.eu\/fr\/wp-json\/wp\/v2\/tags?post=54514"}],"curies":[{"name":"wp","href":"https:\/\/api.w.org\/{rel}","templated":true}]}}