{"id":59245,"date":"2025-06-27T15:01:29","date_gmt":"2025-06-27T13:01:29","guid":{"rendered":"https:\/\/www.modula.eu\/?p=59245"},"modified":"2025-07-07T14:33:07","modified_gmt":"2025-07-07T12:33:07","slug":"micropropagation-et-agriculture-verticale-innovation-et-durabilite-pour-lagriculture-du-futur","status":"publish","type":"post","link":"https:\/\/www.modula.eu\/fr\/blog\/micropropagation-et-agriculture-verticale-innovation-et-durabilite-pour-lagriculture-du-futur\/","title":{"rendered":"Micropropagation et agriculture verticale : innovation et durabilit\u00e9 pour l&rsquo;agriculture du futur"},"content":{"rendered":"","protected":false},"excerpt":{"rendered":"","protected":false},"author":1,"featured_media":59506,"comment_status":"closed","ping_status":"closed","sticky":false,"template":"","format":"standard","meta":{"_acf_changed":false,"inline_featured_image":false,"footnotes":""},"categories":[54],"tags":[],"class_list":["post-59245","post","type-post","status-publish","format-standard","has-post-thumbnail","hentry","category-entrepots-automatiques"],"acf":[],"yoast_head":"<!-- This site is optimized with the Yoast SEO plugin v27.4 - https:\/\/yoast.com\/product\/yoast-seo-wordpress\/ -->\n<title>Micropropagation et agriculture verticale : innovation durable | Modula<\/title>\n<meta name=\"description\" content=\"D\u00e9couvrez comment la micropropagation int\u00e9gr\u00e9e \u00e0 l\u2019agriculture verticale r\u00e9volutionne les p\u00e9pini\u00e8res : efficacit\u00e9, gain d\u2019espace, qualit\u00e9 et durabilit\u00e9 verte.\" \/>\n<meta name=\"robots\" content=\"index, follow, max-snippet:-1, max-image-preview:large, max-video-preview:-1\" \/>\n<link rel=\"canonical\" href=\"https:\/\/www.modula.eu\/fr\/blog\/micropropagation-et-agriculture-verticale-innovation-et-durabilite-pour-lagriculture-du-futur\/\" \/>\n<meta property=\"og:locale\" content=\"fr_FR\" \/>\n<meta property=\"og:type\" content=\"article\" \/>\n<meta property=\"og:title\" content=\"Micropropagation et agriculture verticale : innovation durable | Modula\" \/>\n<meta property=\"og:description\" content=\"D\u00e9couvrez comment la micropropagation int\u00e9gr\u00e9e \u00e0 l\u2019agriculture verticale r\u00e9volutionne les p\u00e9pini\u00e8res : efficacit\u00e9, gain d\u2019espace, qualit\u00e9 et durabilit\u00e9 verte.\" \/>\n<meta property=\"og:url\" content=\"https:\/\/www.modula.eu\/fr\/blog\/micropropagation-et-agriculture-verticale-innovation-et-durabilite-pour-lagriculture-du-futur\/\" \/>\n<meta property=\"og:site_name\" content=\"Modula\" \/>\n<meta property=\"article:published_time\" content=\"2025-06-27T13:01:29+00:00\" \/>\n<meta property=\"article:modified_time\" content=\"2025-07-07T12:33:07+00:00\" \/>\n<meta property=\"og:image\" content=\"https:\/\/www.modula.eu\/wp-content\/uploads\/2025\/06\/Anteprima.jpg\" \/>\n\t<meta property=\"og:image:width\" content=\"800\" \/>\n\t<meta property=\"og:image:height\" content=\"600\" \/>\n\t<meta property=\"og:image:type\" content=\"image\/jpeg\" \/>\n<meta name=\"author\" content=\"bznadmin\" \/>\n<meta name=\"twitter:card\" content=\"summary_large_image\" \/>\n<meta name=\"twitter:label1\" content=\"\u00c9crit par\" \/>\n\t<meta name=\"twitter:data1\" content=\"bznadmin\" \/>\n<script type=\"application\/ld+json\" class=\"yoast-schema-graph\">{\"@context\":\"https:\\\/\\\/schema.org\",\"@graph\":[{\"@type\":\"Article\",\"@id\":\"https:\\\/\\\/www.modula.eu\\\/fr\\\/blog\\\/micropropagation-et-agriculture-verticale-innovation-et-durabilite-pour-lagriculture-du-futur\\\/#article\",\"isPartOf\":{\"@id\":\"https:\\\/\\\/www.modula.eu\\\/fr\\\/blog\\\/micropropagation-et-agriculture-verticale-innovation-et-durabilite-pour-lagriculture-du-futur\\\/\"},\"author\":{\"name\":\"bznadmin\",\"@id\":\"https:\\\/\\\/www.modula.eu\\\/fr\\\/#\\\/schema\\\/person\\\/7c5b83a68cf511134b5990861dad5936\"},\"headline\":\"Micropropagation et agriculture verticale : innovation et durabilit\u00e9 pour l&rsquo;agriculture du futur\",\"datePublished\":\"2025-06-27T13:01:29+00:00\",\"dateModified\":\"2025-07-07T12:33:07+00:00\",\"mainEntityOfPage\":{\"@id\":\"https:\\\/\\\/www.modula.eu\\\/fr\\\/blog\\\/micropropagation-et-agriculture-verticale-innovation-et-durabilite-pour-lagriculture-du-futur\\\/\"},\"wordCount\":12,\"publisher\":{\"@id\":\"https:\\\/\\\/www.modula.eu\\\/fr\\\/#organization\"},\"image\":{\"@id\":\"https:\\\/\\\/www.modula.eu\\\/fr\\\/blog\\\/micropropagation-et-agriculture-verticale-innovation-et-durabilite-pour-lagriculture-du-futur\\\/#primaryimage\"},\"thumbnailUrl\":\"https:\\\/\\\/www.modula.eu\\\/wp-content\\\/uploads\\\/2025\\\/06\\\/Anteprima.jpg\",\"articleSection\":[\"Entrep\u00f4ts automatiques\"],\"inLanguage\":\"fr-FR\"},{\"@type\":\"WebPage\",\"@id\":\"https:\\\/\\\/www.modula.eu\\\/fr\\\/blog\\\/micropropagation-et-agriculture-verticale-innovation-et-durabilite-pour-lagriculture-du-futur\\\/\",\"url\":\"https:\\\/\\\/www.modula.eu\\\/fr\\\/blog\\\/micropropagation-et-agriculture-verticale-innovation-et-durabilite-pour-lagriculture-du-futur\\\/\",\"name\":\"Micropropagation et agriculture verticale : innovation durable | Modula\",\"isPartOf\":{\"@id\":\"https:\\\/\\\/www.modula.eu\\\/fr\\\/#website\"},\"primaryImageOfPage\":{\"@id\":\"https:\\\/\\\/www.modula.eu\\\/fr\\\/blog\\\/micropropagation-et-agriculture-verticale-innovation-et-durabilite-pour-lagriculture-du-futur\\\/#primaryimage\"},\"image\":{\"@id\":\"https:\\\/\\\/www.modula.eu\\\/fr\\\/blog\\\/micropropagation-et-agriculture-verticale-innovation-et-durabilite-pour-lagriculture-du-futur\\\/#primaryimage\"},\"thumbnailUrl\":\"https:\\\/\\\/www.modula.eu\\\/wp-content\\\/uploads\\\/2025\\\/06\\\/Anteprima.jpg\",\"datePublished\":\"2025-06-27T13:01:29+00:00\",\"dateModified\":\"2025-07-07T12:33:07+00:00\",\"description\":\"D\u00e9couvrez comment la micropropagation int\u00e9gr\u00e9e \u00e0 l\u2019agriculture verticale r\u00e9volutionne les p\u00e9pini\u00e8res : efficacit\u00e9, gain d\u2019espace, qualit\u00e9 et durabilit\u00e9 verte.\",\"breadcrumb\":{\"@id\":\"https:\\\/\\\/www.modula.eu\\\/fr\\\/blog\\\/micropropagation-et-agriculture-verticale-innovation-et-durabilite-pour-lagriculture-du-futur\\\/#breadcrumb\"},\"inLanguage\":\"fr-FR\",\"potentialAction\":[{\"@type\":\"ReadAction\",\"target\":[\"https:\\\/\\\/www.modula.eu\\\/fr\\\/blog\\\/micropropagation-et-agriculture-verticale-innovation-et-durabilite-pour-lagriculture-du-futur\\\/\"]}]},{\"@type\":\"ImageObject\",\"inLanguage\":\"fr-FR\",\"@id\":\"https:\\\/\\\/www.modula.eu\\\/fr\\\/blog\\\/micropropagation-et-agriculture-verticale-innovation-et-durabilite-pour-lagriculture-du-futur\\\/#primaryimage\",\"url\":\"https:\\\/\\\/www.modula.eu\\\/wp-content\\\/uploads\\\/2025\\\/06\\\/Anteprima.jpg\",\"contentUrl\":\"https:\\\/\\\/www.modula.eu\\\/wp-content\\\/uploads\\\/2025\\\/06\\\/Anteprima.jpg\",\"width\":800,\"height\":600},{\"@type\":\"BreadcrumbList\",\"@id\":\"https:\\\/\\\/www.modula.eu\\\/fr\\\/blog\\\/micropropagation-et-agriculture-verticale-innovation-et-durabilite-pour-lagriculture-du-futur\\\/#breadcrumb\",\"itemListElement\":[{\"@type\":\"ListItem\",\"position\":1,\"name\":\"Home\",\"item\":\"https:\\\/\\\/www.modula.eu\\\/fr\\\/\"},{\"@type\":\"ListItem\",\"position\":2,\"name\":\"Entrep\u00f4ts automatiques\",\"item\":\"https:\\\/\\\/www.modula.eu\\\/fr\\\/blog\\\/entrepots-automatiques\\\/\"},{\"@type\":\"ListItem\",\"position\":3,\"name\":\"Micropropagation et agriculture verticale : innovation et durabilit\u00e9 pour l&rsquo;agriculture du futur\"}]},{\"@type\":\"WebSite\",\"@id\":\"https:\\\/\\\/www.modula.eu\\\/fr\\\/#website\",\"url\":\"https:\\\/\\\/www.modula.eu\\\/fr\\\/\",\"name\":\"Modula\",\"description\":\"Think Vertical\",\"publisher\":{\"@id\":\"https:\\\/\\\/www.modula.eu\\\/fr\\\/#organization\"},\"potentialAction\":[{\"@type\":\"SearchAction\",\"target\":{\"@type\":\"EntryPoint\",\"urlTemplate\":\"https:\\\/\\\/www.modula.eu\\\/fr\\\/?s={search_term_string}\"},\"query-input\":{\"@type\":\"PropertyValueSpecification\",\"valueRequired\":true,\"valueName\":\"search_term_string\"}}],\"inLanguage\":\"fr-FR\"},{\"@type\":\"Organization\",\"@id\":\"https:\\\/\\\/www.modula.eu\\\/fr\\\/#organization\",\"name\":\"Modula\",\"url\":\"https:\\\/\\\/www.modula.eu\\\/fr\\\/\",\"logo\":{\"@type\":\"ImageObject\",\"inLanguage\":\"fr-FR\",\"@id\":\"https:\\\/\\\/www.modula.eu\\\/fr\\\/#\\\/schema\\\/logo\\\/image\\\/\",\"url\":\"https:\\\/\\\/www.modula.eu\\\/wp-content\\\/uploads\\\/2022\\\/12\\\/Modula-logo.jpg\",\"contentUrl\":\"https:\\\/\\\/www.modula.eu\\\/wp-content\\\/uploads\\\/2022\\\/12\\\/Modula-logo.jpg\",\"width\":759,\"height\":512,\"caption\":\"Modula\"},\"image\":{\"@id\":\"https:\\\/\\\/www.modula.eu\\\/fr\\\/#\\\/schema\\\/logo\\\/image\\\/\"}},{\"@type\":\"Person\",\"@id\":\"https:\\\/\\\/www.modula.eu\\\/fr\\\/#\\\/schema\\\/person\\\/7c5b83a68cf511134b5990861dad5936\",\"name\":\"bznadmin\",\"sameAs\":[\"https:\\\/\\\/www.modula.eu\"]}]}<\/script>\n<!-- \/ Yoast SEO plugin. -->","yoast_head_json":{"title":"Micropropagation et agriculture verticale : innovation durable | Modula","description":"D\u00e9couvrez comment la micropropagation int\u00e9gr\u00e9e \u00e0 l\u2019agriculture verticale r\u00e9volutionne les p\u00e9pini\u00e8res : efficacit\u00e9, gain d\u2019espace, qualit\u00e9 et durabilit\u00e9 verte.","robots":{"index":"index","follow":"follow","max-snippet":"max-snippet:-1","max-image-preview":"max-image-preview:large","max-video-preview":"max-video-preview:-1"},"canonical":"https:\/\/www.modula.eu\/fr\/blog\/micropropagation-et-agriculture-verticale-innovation-et-durabilite-pour-lagriculture-du-futur\/","og_locale":"fr_FR","og_type":"article","og_title":"Micropropagation et agriculture verticale : innovation durable | Modula","og_description":"D\u00e9couvrez comment la micropropagation int\u00e9gr\u00e9e \u00e0 l\u2019agriculture verticale r\u00e9volutionne les p\u00e9pini\u00e8res : efficacit\u00e9, gain d\u2019espace, qualit\u00e9 et durabilit\u00e9 verte.","og_url":"https:\/\/www.modula.eu\/fr\/blog\/micropropagation-et-agriculture-verticale-innovation-et-durabilite-pour-lagriculture-du-futur\/","og_site_name":"Modula","article_published_time":"2025-06-27T13:01:29+00:00","article_modified_time":"2025-07-07T12:33:07+00:00","og_image":[{"width":800,"height":600,"url":"https:\/\/www.modula.eu\/wp-content\/uploads\/2025\/06\/Anteprima.jpg","type":"image\/jpeg"}],"author":"bznadmin","twitter_card":"summary_large_image","twitter_misc":{"\u00c9crit par":"bznadmin"},"schema":{"@context":"https:\/\/schema.org","@graph":[{"@type":"Article","@id":"https:\/\/www.modula.eu\/fr\/blog\/micropropagation-et-agriculture-verticale-innovation-et-durabilite-pour-lagriculture-du-futur\/#article","isPartOf":{"@id":"https:\/\/www.modula.eu\/fr\/blog\/micropropagation-et-agriculture-verticale-innovation-et-durabilite-pour-lagriculture-du-futur\/"},"author":{"name":"bznadmin","@id":"https:\/\/www.modula.eu\/fr\/#\/schema\/person\/7c5b83a68cf511134b5990861dad5936"},"headline":"Micropropagation et agriculture verticale : innovation et durabilit\u00e9 pour l&rsquo;agriculture du futur","datePublished":"2025-06-27T13:01:29+00:00","dateModified":"2025-07-07T12:33:07+00:00","mainEntityOfPage":{"@id":"https:\/\/www.modula.eu\/fr\/blog\/micropropagation-et-agriculture-verticale-innovation-et-durabilite-pour-lagriculture-du-futur\/"},"wordCount":12,"publisher":{"@id":"https:\/\/www.modula.eu\/fr\/#organization"},"image":{"@id":"https:\/\/www.modula.eu\/fr\/blog\/micropropagation-et-agriculture-verticale-innovation-et-durabilite-pour-lagriculture-du-futur\/#primaryimage"},"thumbnailUrl":"https:\/\/www.modula.eu\/wp-content\/uploads\/2025\/06\/Anteprima.jpg","articleSection":["Entrep\u00f4ts automatiques"],"inLanguage":"fr-FR"},{"@type":"WebPage","@id":"https:\/\/www.modula.eu\/fr\/blog\/micropropagation-et-agriculture-verticale-innovation-et-durabilite-pour-lagriculture-du-futur\/","url":"https:\/\/www.modula.eu\/fr\/blog\/micropropagation-et-agriculture-verticale-innovation-et-durabilite-pour-lagriculture-du-futur\/","name":"Micropropagation et agriculture verticale : innovation durable | Modula","isPartOf":{"@id":"https:\/\/www.modula.eu\/fr\/#website"},"primaryImageOfPage":{"@id":"https:\/\/www.modula.eu\/fr\/blog\/micropropagation-et-agriculture-verticale-innovation-et-durabilite-pour-lagriculture-du-futur\/#primaryimage"},"image":{"@id":"https:\/\/www.modula.eu\/fr\/blog\/micropropagation-et-agriculture-verticale-innovation-et-durabilite-pour-lagriculture-du-futur\/#primaryimage"},"thumbnailUrl":"https:\/\/www.modula.eu\/wp-content\/uploads\/2025\/06\/Anteprima.jpg","datePublished":"2025-06-27T13:01:29+00:00","dateModified":"2025-07-07T12:33:07+00:00","description":"D\u00e9couvrez comment la micropropagation int\u00e9gr\u00e9e \u00e0 l\u2019agriculture verticale r\u00e9volutionne les p\u00e9pini\u00e8res : efficacit\u00e9, gain d\u2019espace, qualit\u00e9 et durabilit\u00e9 verte.","breadcrumb":{"@id":"https:\/\/www.modula.eu\/fr\/blog\/micropropagation-et-agriculture-verticale-innovation-et-durabilite-pour-lagriculture-du-futur\/#breadcrumb"},"inLanguage":"fr-FR","potentialAction":[{"@type":"ReadAction","target":["https:\/\/www.modula.eu\/fr\/blog\/micropropagation-et-agriculture-verticale-innovation-et-durabilite-pour-lagriculture-du-futur\/"]}]},{"@type":"ImageObject","inLanguage":"fr-FR","@id":"https:\/\/www.modula.eu\/fr\/blog\/micropropagation-et-agriculture-verticale-innovation-et-durabilite-pour-lagriculture-du-futur\/#primaryimage","url":"https:\/\/www.modula.eu\/wp-content\/uploads\/2025\/06\/Anteprima.jpg","contentUrl":"https:\/\/www.modula.eu\/wp-content\/uploads\/2025\/06\/Anteprima.jpg","width":800,"height":600},{"@type":"BreadcrumbList","@id":"https:\/\/www.modula.eu\/fr\/blog\/micropropagation-et-agriculture-verticale-innovation-et-durabilite-pour-lagriculture-du-futur\/#breadcrumb","itemListElement":[{"@type":"ListItem","position":1,"name":"Home","item":"https:\/\/www.modula.eu\/fr\/"},{"@type":"ListItem","position":2,"name":"Entrep\u00f4ts automatiques","item":"https:\/\/www.modula.eu\/fr\/blog\/entrepots-automatiques\/"},{"@type":"ListItem","position":3,"name":"Micropropagation et agriculture verticale : innovation et durabilit\u00e9 pour l&rsquo;agriculture du futur"}]},{"@type":"WebSite","@id":"https:\/\/www.modula.eu\/fr\/#website","url":"https:\/\/www.modula.eu\/fr\/","name":"Modula","description":"Think Vertical","publisher":{"@id":"https:\/\/www.modula.eu\/fr\/#organization"},"potentialAction":[{"@type":"SearchAction","target":{"@type":"EntryPoint","urlTemplate":"https:\/\/www.modula.eu\/fr\/?s={search_term_string}"},"query-input":{"@type":"PropertyValueSpecification","valueRequired":true,"valueName":"search_term_string"}}],"inLanguage":"fr-FR"},{"@type":"Organization","@id":"https:\/\/www.modula.eu\/fr\/#organization","name":"Modula","url":"https:\/\/www.modula.eu\/fr\/","logo":{"@type":"ImageObject","inLanguage":"fr-FR","@id":"https:\/\/www.modula.eu\/fr\/#\/schema\/logo\/image\/","url":"https:\/\/www.modula.eu\/wp-content\/uploads\/2022\/12\/Modula-logo.jpg","contentUrl":"https:\/\/www.modula.eu\/wp-content\/uploads\/2022\/12\/Modula-logo.jpg","width":759,"height":512,"caption":"Modula"},"image":{"@id":"https:\/\/www.modula.eu\/fr\/#\/schema\/logo\/image\/"}},{"@type":"Person","@id":"https:\/\/www.modula.eu\/fr\/#\/schema\/person\/7c5b83a68cf511134b5990861dad5936","name":"bznadmin","sameAs":["https:\/\/www.modula.eu"]}]}},"_links":{"self":[{"href":"https:\/\/www.modula.eu\/fr\/wp-json\/wp\/v2\/posts\/59245","targetHints":{"allow":["GET"]}}],"collection":[{"href":"https:\/\/www.modula.eu\/fr\/wp-json\/wp\/v2\/posts"}],"about":[{"href":"https:\/\/www.modula.eu\/fr\/wp-json\/wp\/v2\/types\/post"}],"author":[{"embeddable":true,"href":"https:\/\/www.modula.eu\/fr\/wp-json\/wp\/v2\/users\/1"}],"replies":[{"embeddable":true,"href":"https:\/\/www.modula.eu\/fr\/wp-json\/wp\/v2\/comments?post=59245"}],"version-history":[{"count":0,"href":"https:\/\/www.modula.eu\/fr\/wp-json\/wp\/v2\/posts\/59245\/revisions"}],"wp:featuredmedia":[{"embeddable":true,"href":"https:\/\/www.modula.eu\/fr\/wp-json\/wp\/v2\/media\/59506"}],"wp:attachment":[{"href":"https:\/\/www.modula.eu\/fr\/wp-json\/wp\/v2\/media?parent=59245"}],"wp:term":[{"taxonomy":"category","embeddable":true,"href":"https:\/\/www.modula.eu\/fr\/wp-json\/wp\/v2\/categories?post=59245"},{"taxonomy":"post_tag","embeddable":true,"href":"https:\/\/www.modula.eu\/fr\/wp-json\/wp\/v2\/tags?post=59245"}],"curies":[{"name":"wp","href":"https:\/\/api.w.org\/{rel}","templated":true}]}}