{"id":71670,"date":"2026-01-15T17:20:30","date_gmt":"2026-01-15T16:20:30","guid":{"rendered":"https:\/\/www.modula.eu\/blog\/digital-revolution-in-the-factory-the-modula-case-as-a-lesson-for-industry\/"},"modified":"2026-05-28T14:37:01","modified_gmt":"2026-05-28T12:37:01","slug":"revolution-numerique-dans-lusine-le-cas-modula-comme-lecon-pour-lindustrie","status":"publish","type":"post","link":"https:\/\/www.modula.eu\/fr\/blog\/revolution-numerique-dans-lusine-le-cas-modula-comme-lecon-pour-lindustrie\/","title":{"rendered":"R\u00e9volution num\u00e9rique dans l&rsquo;usine : le cas Modula comme le\u00e7on pour l&rsquo;industrie"},"content":{"rendered":"","protected":false},"excerpt":{"rendered":"","protected":false},"author":6,"featured_media":71672,"comment_status":"open","ping_status":"closed","sticky":false,"template":"","format":"standard","meta":{"_acf_changed":false,"inline_featured_image":false,"footnotes":""},"categories":[51],"tags":[],"class_list":["post-71670","post","type-post","status-publish","format-standard","has-post-thumbnail","hentry","category-applications"],"acf":[],"yoast_head":"<!-- This site is optimized with the Yoast SEO plugin v28.3 - https:\/\/yoast.com\/product\/yoast-seo-wordpress\/ -->\n<title>R\u00e9volution num\u00e9rique dans l&#039;usine : le cas Modula comme le\u00e7on pour l&#039;industrie | Modula<\/title>\n<meta name=\"description\" content=\"D\u00e9couvrez comment Modula a transform\u00e9 son usine gr\u00e2ce \u00e0 la digitalisation, l\u2019automatisation et la gestion des donn\u00e9es, offrant une le\u00e7on pratique pour les industries souhaitant adopter les technologies 4.0.\" \/>\n<meta name=\"robots\" content=\"index, follow, max-snippet:-1, max-image-preview:large, max-video-preview:-1\" \/>\n<link rel=\"canonical\" href=\"https:\/\/www.modula.eu\/fr\/blog\/revolution-numerique-dans-lusine-le-cas-modula-comme-lecon-pour-lindustrie\/\" \/>\n<meta property=\"og:locale\" content=\"fr_FR\" \/>\n<meta property=\"og:type\" content=\"article\" \/>\n<meta property=\"og:title\" content=\"R\u00e9volution num\u00e9rique dans l&#039;usine : le cas Modula comme le\u00e7on pour l&#039;industrie | Modula\" \/>\n<meta property=\"og:description\" content=\"D\u00e9couvrez comment Modula a transform\u00e9 son usine gr\u00e2ce \u00e0 la digitalisation, l\u2019automatisation et la gestion des donn\u00e9es, offrant une le\u00e7on pratique pour les industries souhaitant adopter les technologies 4.0.\" \/>\n<meta property=\"og:url\" content=\"https:\/\/www.modula.eu\/fr\/blog\/revolution-numerique-dans-lusine-le-cas-modula-comme-lecon-pour-lindustrie\/\" \/>\n<meta property=\"og:site_name\" content=\"Modula\" \/>\n<meta property=\"article:published_time\" content=\"2026-01-15T16:20:30+00:00\" \/>\n<meta property=\"article:modified_time\" content=\"2026-05-28T12:37:01+00:00\" \/>\n<meta property=\"og:image\" content=\"https:\/\/www.modula.eu\/wp-content\/uploads\/2026\/01\/Montanti-1-1024x684.jpg\" \/>\n\t<meta property=\"og:image:width\" content=\"1024\" \/>\n\t<meta property=\"og:image:height\" content=\"684\" \/>\n\t<meta property=\"og:image:type\" content=\"image\/jpeg\" \/>\n<meta name=\"author\" content=\"Irene Bretta\" \/>\n<meta name=\"twitter:card\" content=\"summary_large_image\" \/>\n<meta name=\"twitter:label1\" content=\"\u00c9crit par\" \/>\n\t<meta name=\"twitter:data1\" content=\"Irene Bretta\" \/>\n<script type=\"application\/ld+json\" class=\"yoast-schema-graph\">{\"@context\":\"https:\\\/\\\/schema.org\",\"@graph\":[{\"@type\":\"BlogPosting\",\"@id\":\"https:\\\/\\\/www.modula.eu\\\/fr\\\/blog\\\/revolution-numerique-dans-lusine-le-cas-modula-comme-lecon-pour-lindustrie\\\/#article\",\"isPartOf\":{\"@id\":\"https:\\\/\\\/www.modula.eu\\\/fr\\\/blog\\\/revolution-numerique-dans-lusine-le-cas-modula-comme-lecon-pour-lindustrie\\\/\"},\"author\":{\"name\":\"Irene Bretta\",\"@id\":\"https:\\\/\\\/www.modula.eu\\\/fr\\\/#\\\/schema\\\/person\\\/8418fb3a8951e09a2aabee89b6004c6c\"},\"headline\":\"R\u00e9volution num\u00e9rique dans l&rsquo;usine : le cas Modula comme le\u00e7on pour l&rsquo;industrie\",\"datePublished\":\"2026-01-15T16:20:30+00:00\",\"dateModified\":\"2026-05-28T12:37:01+00:00\",\"mainEntityOfPage\":{\"@id\":\"https:\\\/\\\/www.modula.eu\\\/fr\\\/blog\\\/revolution-numerique-dans-lusine-le-cas-modula-comme-lecon-pour-lindustrie\\\/\"},\"wordCount\":16,\"commentCount\":0,\"publisher\":{\"@id\":\"https:\\\/\\\/www.modula.eu\\\/fr\\\/#organization\"},\"image\":{\"@id\":\"https:\\\/\\\/www.modula.eu\\\/fr\\\/blog\\\/revolution-numerique-dans-lusine-le-cas-modula-comme-lecon-pour-lindustrie\\\/#primaryimage\"},\"thumbnailUrl\":\"https:\\\/\\\/www.modula.eu\\\/wp-content\\\/uploads\\\/2026\\\/01\\\/Montanti-1-scaled.jpg\",\"articleSection\":[\"Applications\"],\"inLanguage\":\"fr-FR\",\"potentialAction\":[{\"@type\":\"CommentAction\",\"name\":\"Comment\",\"target\":[\"https:\\\/\\\/www.modula.eu\\\/fr\\\/blog\\\/revolution-numerique-dans-lusine-le-cas-modula-comme-lecon-pour-lindustrie\\\/#respond\"]}]},{\"@type\":\"WebPage\",\"@id\":\"https:\\\/\\\/www.modula.eu\\\/fr\\\/blog\\\/revolution-numerique-dans-lusine-le-cas-modula-comme-lecon-pour-lindustrie\\\/\",\"url\":\"https:\\\/\\\/www.modula.eu\\\/fr\\\/blog\\\/revolution-numerique-dans-lusine-le-cas-modula-comme-lecon-pour-lindustrie\\\/\",\"name\":\"R\u00e9volution num\u00e9rique dans l'usine : le cas Modula comme le\u00e7on pour l'industrie | Modula\",\"isPartOf\":{\"@id\":\"https:\\\/\\\/www.modula.eu\\\/fr\\\/#website\"},\"primaryImageOfPage\":{\"@id\":\"https:\\\/\\\/www.modula.eu\\\/fr\\\/blog\\\/revolution-numerique-dans-lusine-le-cas-modula-comme-lecon-pour-lindustrie\\\/#primaryimage\"},\"image\":{\"@id\":\"https:\\\/\\\/www.modula.eu\\\/fr\\\/blog\\\/revolution-numerique-dans-lusine-le-cas-modula-comme-lecon-pour-lindustrie\\\/#primaryimage\"},\"thumbnailUrl\":\"https:\\\/\\\/www.modula.eu\\\/wp-content\\\/uploads\\\/2026\\\/01\\\/Montanti-1-scaled.jpg\",\"datePublished\":\"2026-01-15T16:20:30+00:00\",\"dateModified\":\"2026-05-28T12:37:01+00:00\",\"description\":\"D\u00e9couvrez comment Modula a transform\u00e9 son usine gr\u00e2ce \u00e0 la digitalisation, l\u2019automatisation et la gestion des donn\u00e9es, offrant une le\u00e7on pratique pour les industries souhaitant adopter les technologies 4.0.\",\"breadcrumb\":{\"@id\":\"https:\\\/\\\/www.modula.eu\\\/fr\\\/blog\\\/revolution-numerique-dans-lusine-le-cas-modula-comme-lecon-pour-lindustrie\\\/#breadcrumb\"},\"inLanguage\":\"fr-FR\",\"potentialAction\":[{\"@type\":\"ReadAction\",\"target\":[\"https:\\\/\\\/www.modula.eu\\\/fr\\\/blog\\\/revolution-numerique-dans-lusine-le-cas-modula-comme-lecon-pour-lindustrie\\\/\"]}]},{\"@type\":\"ImageObject\",\"inLanguage\":\"fr-FR\",\"@id\":\"https:\\\/\\\/www.modula.eu\\\/fr\\\/blog\\\/revolution-numerique-dans-lusine-le-cas-modula-comme-lecon-pour-lindustrie\\\/#primaryimage\",\"url\":\"https:\\\/\\\/www.modula.eu\\\/wp-content\\\/uploads\\\/2026\\\/01\\\/Montanti-1-scaled.jpg\",\"contentUrl\":\"https:\\\/\\\/www.modula.eu\\\/wp-content\\\/uploads\\\/2026\\\/01\\\/Montanti-1-scaled.jpg\",\"width\":2560,\"height\":1710},{\"@type\":\"BreadcrumbList\",\"@id\":\"https:\\\/\\\/www.modula.eu\\\/fr\\\/blog\\\/revolution-numerique-dans-lusine-le-cas-modula-comme-lecon-pour-lindustrie\\\/#breadcrumb\",\"itemListElement\":[{\"@type\":\"ListItem\",\"position\":1,\"name\":\"Home\",\"item\":\"https:\\\/\\\/www.modula.eu\\\/fr\\\/\"},{\"@type\":\"ListItem\",\"position\":2,\"name\":\"Applications\",\"item\":\"https:\\\/\\\/www.modula.eu\\\/fr\\\/blog\\\/applications\\\/\"},{\"@type\":\"ListItem\",\"position\":3,\"name\":\"R\u00e9volution num\u00e9rique dans l&rsquo;usine : le cas Modula comme le\u00e7on pour l&rsquo;industrie\"}]},{\"@type\":\"WebSite\",\"@id\":\"https:\\\/\\\/www.modula.eu\\\/fr\\\/#website\",\"url\":\"https:\\\/\\\/www.modula.eu\\\/fr\\\/\",\"name\":\"Modula S.p.A.\",\"description\":\"Think Vertical\",\"publisher\":{\"@id\":\"https:\\\/\\\/www.modula.eu\\\/fr\\\/#organization\"},\"potentialAction\":[{\"@type\":\"SearchAction\",\"target\":{\"@type\":\"EntryPoint\",\"urlTemplate\":\"https:\\\/\\\/www.modula.eu\\\/fr\\\/?s={search_term_string}\"},\"query-input\":{\"@type\":\"PropertyValueSpecification\",\"valueRequired\":true,\"valueName\":\"search_term_string\"}}],\"inLanguage\":\"fr-FR\"},{\"@type\":\"Person\",\"@id\":\"https:\\\/\\\/www.modula.eu\\\/fr\\\/#\\\/schema\\\/person\\\/8418fb3a8951e09a2aabee89b6004c6c\",\"name\":\"Irene Bretta\"}]}<\/script>\n<!-- \/ Yoast SEO plugin. -->","yoast_head_json":{"title":"R\u00e9volution num\u00e9rique dans l'usine : le cas Modula comme le\u00e7on pour l'industrie | Modula","description":"D\u00e9couvrez comment Modula a transform\u00e9 son usine gr\u00e2ce \u00e0 la digitalisation, l\u2019automatisation et la gestion des donn\u00e9es, offrant une le\u00e7on pratique pour les industries souhaitant adopter les technologies 4.0.","robots":{"index":"index","follow":"follow","max-snippet":"max-snippet:-1","max-image-preview":"max-image-preview:large","max-video-preview":"max-video-preview:-1"},"canonical":"https:\/\/www.modula.eu\/fr\/blog\/revolution-numerique-dans-lusine-le-cas-modula-comme-lecon-pour-lindustrie\/","og_locale":"fr_FR","og_type":"article","og_title":"R\u00e9volution num\u00e9rique dans l'usine : le cas Modula comme le\u00e7on pour l'industrie | Modula","og_description":"D\u00e9couvrez comment Modula a transform\u00e9 son usine gr\u00e2ce \u00e0 la digitalisation, l\u2019automatisation et la gestion des donn\u00e9es, offrant une le\u00e7on pratique pour les industries souhaitant adopter les technologies 4.0.","og_url":"https:\/\/www.modula.eu\/fr\/blog\/revolution-numerique-dans-lusine-le-cas-modula-comme-lecon-pour-lindustrie\/","og_site_name":"Modula","article_published_time":"2026-01-15T16:20:30+00:00","article_modified_time":"2026-05-28T12:37:01+00:00","og_image":[{"width":1024,"height":684,"url":"https:\/\/www.modula.eu\/wp-content\/uploads\/2026\/01\/Montanti-1-1024x684.jpg","type":"image\/jpeg"}],"author":"Irene Bretta","twitter_card":"summary_large_image","twitter_misc":{"\u00c9crit par":"Irene Bretta"},"schema":{"@context":"https:\/\/schema.org","@graph":[{"@type":"BlogPosting","@id":"https:\/\/www.modula.eu\/fr\/blog\/revolution-numerique-dans-lusine-le-cas-modula-comme-lecon-pour-lindustrie\/#article","isPartOf":{"@id":"https:\/\/www.modula.eu\/fr\/blog\/revolution-numerique-dans-lusine-le-cas-modula-comme-lecon-pour-lindustrie\/"},"author":{"name":"Irene Bretta","@id":"https:\/\/www.modula.eu\/fr\/#\/schema\/person\/8418fb3a8951e09a2aabee89b6004c6c"},"headline":"R\u00e9volution num\u00e9rique dans l&rsquo;usine : le cas Modula comme le\u00e7on pour l&rsquo;industrie","datePublished":"2026-01-15T16:20:30+00:00","dateModified":"2026-05-28T12:37:01+00:00","mainEntityOfPage":{"@id":"https:\/\/www.modula.eu\/fr\/blog\/revolution-numerique-dans-lusine-le-cas-modula-comme-lecon-pour-lindustrie\/"},"wordCount":16,"commentCount":0,"publisher":{"@id":"https:\/\/www.modula.eu\/fr\/#organization"},"image":{"@id":"https:\/\/www.modula.eu\/fr\/blog\/revolution-numerique-dans-lusine-le-cas-modula-comme-lecon-pour-lindustrie\/#primaryimage"},"thumbnailUrl":"https:\/\/www.modula.eu\/wp-content\/uploads\/2026\/01\/Montanti-1-scaled.jpg","articleSection":["Applications"],"inLanguage":"fr-FR","potentialAction":[{"@type":"CommentAction","name":"Comment","target":["https:\/\/www.modula.eu\/fr\/blog\/revolution-numerique-dans-lusine-le-cas-modula-comme-lecon-pour-lindustrie\/#respond"]}]},{"@type":"WebPage","@id":"https:\/\/www.modula.eu\/fr\/blog\/revolution-numerique-dans-lusine-le-cas-modula-comme-lecon-pour-lindustrie\/","url":"https:\/\/www.modula.eu\/fr\/blog\/revolution-numerique-dans-lusine-le-cas-modula-comme-lecon-pour-lindustrie\/","name":"R\u00e9volution num\u00e9rique dans l'usine : le cas Modula comme le\u00e7on pour l'industrie | Modula","isPartOf":{"@id":"https:\/\/www.modula.eu\/fr\/#website"},"primaryImageOfPage":{"@id":"https:\/\/www.modula.eu\/fr\/blog\/revolution-numerique-dans-lusine-le-cas-modula-comme-lecon-pour-lindustrie\/#primaryimage"},"image":{"@id":"https:\/\/www.modula.eu\/fr\/blog\/revolution-numerique-dans-lusine-le-cas-modula-comme-lecon-pour-lindustrie\/#primaryimage"},"thumbnailUrl":"https:\/\/www.modula.eu\/wp-content\/uploads\/2026\/01\/Montanti-1-scaled.jpg","datePublished":"2026-01-15T16:20:30+00:00","dateModified":"2026-05-28T12:37:01+00:00","description":"D\u00e9couvrez comment Modula a transform\u00e9 son usine gr\u00e2ce \u00e0 la digitalisation, l\u2019automatisation et la gestion des donn\u00e9es, offrant une le\u00e7on pratique pour les industries souhaitant adopter les technologies 4.0.","breadcrumb":{"@id":"https:\/\/www.modula.eu\/fr\/blog\/revolution-numerique-dans-lusine-le-cas-modula-comme-lecon-pour-lindustrie\/#breadcrumb"},"inLanguage":"fr-FR","potentialAction":[{"@type":"ReadAction","target":["https:\/\/www.modula.eu\/fr\/blog\/revolution-numerique-dans-lusine-le-cas-modula-comme-lecon-pour-lindustrie\/"]}]},{"@type":"ImageObject","inLanguage":"fr-FR","@id":"https:\/\/www.modula.eu\/fr\/blog\/revolution-numerique-dans-lusine-le-cas-modula-comme-lecon-pour-lindustrie\/#primaryimage","url":"https:\/\/www.modula.eu\/wp-content\/uploads\/2026\/01\/Montanti-1-scaled.jpg","contentUrl":"https:\/\/www.modula.eu\/wp-content\/uploads\/2026\/01\/Montanti-1-scaled.jpg","width":2560,"height":1710},{"@type":"BreadcrumbList","@id":"https:\/\/www.modula.eu\/fr\/blog\/revolution-numerique-dans-lusine-le-cas-modula-comme-lecon-pour-lindustrie\/#breadcrumb","itemListElement":[{"@type":"ListItem","position":1,"name":"Home","item":"https:\/\/www.modula.eu\/fr\/"},{"@type":"ListItem","position":2,"name":"Applications","item":"https:\/\/www.modula.eu\/fr\/blog\/applications\/"},{"@type":"ListItem","position":3,"name":"R\u00e9volution num\u00e9rique dans l&rsquo;usine : le cas Modula comme le\u00e7on pour l&rsquo;industrie"}]},{"@type":"WebSite","@id":"https:\/\/www.modula.eu\/fr\/#website","url":"https:\/\/www.modula.eu\/fr\/","name":"Modula S.p.A.","description":"Think Vertical","publisher":{"@id":"https:\/\/www.modula.eu\/fr\/#organization"},"potentialAction":[{"@type":"SearchAction","target":{"@type":"EntryPoint","urlTemplate":"https:\/\/www.modula.eu\/fr\/?s={search_term_string}"},"query-input":{"@type":"PropertyValueSpecification","valueRequired":true,"valueName":"search_term_string"}}],"inLanguage":"fr-FR"},{"@type":"Person","@id":"https:\/\/www.modula.eu\/fr\/#\/schema\/person\/8418fb3a8951e09a2aabee89b6004c6c","name":"Irene Bretta"}]}},"permalink_manager":null,"_links":{"self":[{"href":"https:\/\/www.modula.eu\/fr\/wp-json\/wp\/v2\/posts\/71670","targetHints":{"allow":["GET"]}}],"collection":[{"href":"https:\/\/www.modula.eu\/fr\/wp-json\/wp\/v2\/posts"}],"about":[{"href":"https:\/\/www.modula.eu\/fr\/wp-json\/wp\/v2\/types\/post"}],"author":[{"embeddable":true,"href":"https:\/\/www.modula.eu\/fr\/wp-json\/wp\/v2\/users\/6"}],"replies":[{"embeddable":true,"href":"https:\/\/www.modula.eu\/fr\/wp-json\/wp\/v2\/comments?post=71670"}],"version-history":[{"count":0,"href":"https:\/\/www.modula.eu\/fr\/wp-json\/wp\/v2\/posts\/71670\/revisions"}],"wp:featuredmedia":[{"embeddable":true,"href":"https:\/\/www.modula.eu\/fr\/wp-json\/wp\/v2\/media\/71672"}],"wp:attachment":[{"href":"https:\/\/www.modula.eu\/fr\/wp-json\/wp\/v2\/media?parent=71670"}],"wp:term":[{"taxonomy":"category","embeddable":true,"href":"https:\/\/www.modula.eu\/fr\/wp-json\/wp\/v2\/categories?post=71670"},{"taxonomy":"post_tag","embeddable":true,"href":"https:\/\/www.modula.eu\/fr\/wp-json\/wp\/v2\/tags?post=71670"}],"curies":[{"name":"wp","href":"https:\/\/api.w.org\/{rel}","templated":true}]}}