{"id":7428,"date":"2022-03-08T09:39:14","date_gmt":"2022-03-08T08:39:14","guid":{"rendered":"https:\/\/www.modula.eu\/non-classifiee\/come-rendere-un-magazzino-efficiente-dallottimizzazione-dello-spazio-alla-riduzione-dei-costi\/"},"modified":"2026-05-29T17:42:11","modified_gmt":"2026-05-29T15:42:11","slug":"comment-rendre-un-entrepot-efficace-de-loptimisation-de-lespace-a-la-reduction-des-couts","status":"publish","type":"post","link":"https:\/\/www.modula.eu\/fr\/blog\/comment-rendre-un-entrepot-efficace-de-loptimisation-de-lespace-a-la-reduction-des-couts\/","title":{"rendered":"Comment rendre un entrep\u00f4t efficace: de l\u2019optimisation de l\u2019espace \u00e0 la r\u00e9duction des co\u00fbts"},"content":{"rendered":"","protected":false},"excerpt":{"rendered":"","protected":false},"author":1,"featured_media":6419,"comment_status":"open","ping_status":"closed","sticky":false,"template":"","format":"standard","meta":{"_acf_changed":false,"inline_featured_image":false,"footnotes":""},"categories":[51],"tags":[],"class_list":["post-7428","post","type-post","status-publish","format-standard","has-post-thumbnail","hentry","category-applications"],"acf":[],"yoast_head":"<!-- This site is optimized with the Yoast SEO plugin v28.3 - https:\/\/yoast.com\/product\/yoast-seo-wordpress\/ -->\n<title>Comment rendre un entrep\u00f4t efficace : de l&#039;optimisation de l&#039;espace \u00e0 la r\u00e9duction des co\u00fbts | Modula<\/title>\n<meta name=\"description\" content=\"Une bonne gestion d&#039;entrep\u00f4t repose sur de nombreux facteurs, mais le plus important est l&#039;efficacit\u00e9. Sans une organisation et un processus de production rationalis\u00e9s et simplifi\u00e9s, les op\u00e9rations de l&#039;entrep\u00f4t en p\u00e2tissent, tout comme les co\u00fbts, le personnel et l&#039;entreprise elle-m\u00eame.\" \/>\n<meta name=\"robots\" content=\"index, follow, max-snippet:-1, max-image-preview:large, max-video-preview:-1\" \/>\n<link rel=\"canonical\" href=\"https:\/\/www.modula.eu\/fr\/blog\/comment-rendre-un-entrepot-efficace-de-loptimisation-de-lespace-a-la-reduction-des-couts\/\" \/>\n<meta property=\"og:locale\" content=\"fr_FR\" \/>\n<meta property=\"og:type\" content=\"article\" \/>\n<meta property=\"og:title\" content=\"Comment rendre un entrep\u00f4t efficace : de l&#039;optimisation de l&#039;espace \u00e0 la r\u00e9duction des co\u00fbts | Modula\" \/>\n<meta property=\"og:description\" content=\"Une bonne gestion d&#039;entrep\u00f4t repose sur de nombreux facteurs, mais le plus important est l&#039;efficacit\u00e9. Sans une organisation et un processus de production rationalis\u00e9s et simplifi\u00e9s, les op\u00e9rations de l&#039;entrep\u00f4t en p\u00e2tissent, tout comme les co\u00fbts, le personnel et l&#039;entreprise elle-m\u00eame.\" \/>\n<meta property=\"og:url\" content=\"https:\/\/www.modula.eu\/fr\/blog\/comment-rendre-un-entrepot-efficace-de-loptimisation-de-lespace-a-la-reduction-des-couts\/\" \/>\n<meta property=\"og:site_name\" content=\"Modula\" \/>\n<meta property=\"article:published_time\" content=\"2022-03-08T08:39:14+00:00\" \/>\n<meta property=\"article:modified_time\" content=\"2026-05-29T15:42:11+00:00\" \/>\n<meta property=\"og:image\" content=\"https:\/\/www.modula.eu\/wp-content\/uploads\/2022\/06\/CCC_0061-1200x816-1.jpeg\" \/>\n\t<meta property=\"og:image:width\" content=\"1200\" \/>\n\t<meta property=\"og:image:height\" content=\"816\" \/>\n\t<meta property=\"og:image:type\" content=\"image\/jpeg\" \/>\n<meta name=\"author\" content=\"bznadmin\" \/>\n<meta name=\"twitter:card\" content=\"summary_large_image\" \/>\n<meta name=\"twitter:label1\" content=\"\u00c9crit par\" \/>\n\t<meta name=\"twitter:data1\" content=\"bznadmin\" \/>\n<script type=\"application\/ld+json\" class=\"yoast-schema-graph\">{\"@context\":\"https:\\\/\\\/schema.org\",\"@graph\":[{\"@type\":\"BlogPosting\",\"@id\":\"https:\\\/\\\/www.modula.eu\\\/fr\\\/blog\\\/comment-rendre-un-entrepot-efficace-de-loptimisation-de-lespace-a-la-reduction-des-couts\\\/#article\",\"isPartOf\":{\"@id\":\"https:\\\/\\\/www.modula.eu\\\/fr\\\/blog\\\/comment-rendre-un-entrepot-efficace-de-loptimisation-de-lespace-a-la-reduction-des-couts\\\/\"},\"author\":{\"name\":\"bznadmin\",\"@id\":\"https:\\\/\\\/www.modula.eu\\\/fr\\\/#\\\/schema\\\/person\\\/7c5b83a68cf511134b5990861dad5936\"},\"headline\":\"Comment rendre un entrep\u00f4t efficace: de l\u2019optimisation de l\u2019espace \u00e0 la r\u00e9duction des co\u00fbts\",\"datePublished\":\"2022-03-08T08:39:14+00:00\",\"dateModified\":\"2026-05-29T15:42:11+00:00\",\"mainEntityOfPage\":{\"@id\":\"https:\\\/\\\/www.modula.eu\\\/fr\\\/blog\\\/comment-rendre-un-entrepot-efficace-de-loptimisation-de-lespace-a-la-reduction-des-couts\\\/\"},\"wordCount\":18,\"commentCount\":0,\"publisher\":{\"@id\":\"https:\\\/\\\/www.modula.eu\\\/fr\\\/#organization\"},\"image\":{\"@id\":\"https:\\\/\\\/www.modula.eu\\\/fr\\\/blog\\\/comment-rendre-un-entrepot-efficace-de-loptimisation-de-lespace-a-la-reduction-des-couts\\\/#primaryimage\"},\"thumbnailUrl\":\"https:\\\/\\\/www.modula.eu\\\/wp-content\\\/uploads\\\/2022\\\/06\\\/CCC_0061-1200x816-1.jpeg\",\"articleSection\":[\"Applications\"],\"inLanguage\":\"fr-FR\",\"potentialAction\":[{\"@type\":\"CommentAction\",\"name\":\"Comment\",\"target\":[\"https:\\\/\\\/www.modula.eu\\\/fr\\\/blog\\\/comment-rendre-un-entrepot-efficace-de-loptimisation-de-lespace-a-la-reduction-des-couts\\\/#respond\"]}]},{\"@type\":\"WebPage\",\"@id\":\"https:\\\/\\\/www.modula.eu\\\/fr\\\/blog\\\/comment-rendre-un-entrepot-efficace-de-loptimisation-de-lespace-a-la-reduction-des-couts\\\/\",\"url\":\"https:\\\/\\\/www.modula.eu\\\/fr\\\/blog\\\/comment-rendre-un-entrepot-efficace-de-loptimisation-de-lespace-a-la-reduction-des-couts\\\/\",\"name\":\"Comment rendre un entrep\u00f4t efficace : de l'optimisation de l'espace \u00e0 la r\u00e9duction des co\u00fbts | Modula\",\"isPartOf\":{\"@id\":\"https:\\\/\\\/www.modula.eu\\\/fr\\\/#website\"},\"primaryImageOfPage\":{\"@id\":\"https:\\\/\\\/www.modula.eu\\\/fr\\\/blog\\\/comment-rendre-un-entrepot-efficace-de-loptimisation-de-lespace-a-la-reduction-des-couts\\\/#primaryimage\"},\"image\":{\"@id\":\"https:\\\/\\\/www.modula.eu\\\/fr\\\/blog\\\/comment-rendre-un-entrepot-efficace-de-loptimisation-de-lespace-a-la-reduction-des-couts\\\/#primaryimage\"},\"thumbnailUrl\":\"https:\\\/\\\/www.modula.eu\\\/wp-content\\\/uploads\\\/2022\\\/06\\\/CCC_0061-1200x816-1.jpeg\",\"datePublished\":\"2022-03-08T08:39:14+00:00\",\"dateModified\":\"2026-05-29T15:42:11+00:00\",\"description\":\"Une bonne gestion d'entrep\u00f4t repose sur de nombreux facteurs, mais le plus important est l'efficacit\u00e9. Sans une organisation et un processus de production rationalis\u00e9s et simplifi\u00e9s, les op\u00e9rations de l'entrep\u00f4t en p\u00e2tissent, tout comme les co\u00fbts, le personnel et l'entreprise elle-m\u00eame.\",\"breadcrumb\":{\"@id\":\"https:\\\/\\\/www.modula.eu\\\/fr\\\/blog\\\/comment-rendre-un-entrepot-efficace-de-loptimisation-de-lespace-a-la-reduction-des-couts\\\/#breadcrumb\"},\"inLanguage\":\"fr-FR\",\"potentialAction\":[{\"@type\":\"ReadAction\",\"target\":[\"https:\\\/\\\/www.modula.eu\\\/fr\\\/blog\\\/comment-rendre-un-entrepot-efficace-de-loptimisation-de-lespace-a-la-reduction-des-couts\\\/\"]}]},{\"@type\":\"ImageObject\",\"inLanguage\":\"fr-FR\",\"@id\":\"https:\\\/\\\/www.modula.eu\\\/fr\\\/blog\\\/comment-rendre-un-entrepot-efficace-de-loptimisation-de-lespace-a-la-reduction-des-couts\\\/#primaryimage\",\"url\":\"https:\\\/\\\/www.modula.eu\\\/wp-content\\\/uploads\\\/2022\\\/06\\\/CCC_0061-1200x816-1.jpeg\",\"contentUrl\":\"https:\\\/\\\/www.modula.eu\\\/wp-content\\\/uploads\\\/2022\\\/06\\\/CCC_0061-1200x816-1.jpeg\",\"width\":1200,\"height\":816},{\"@type\":\"BreadcrumbList\",\"@id\":\"https:\\\/\\\/www.modula.eu\\\/fr\\\/blog\\\/comment-rendre-un-entrepot-efficace-de-loptimisation-de-lespace-a-la-reduction-des-couts\\\/#breadcrumb\",\"itemListElement\":[{\"@type\":\"ListItem\",\"position\":1,\"name\":\"Home\",\"item\":\"https:\\\/\\\/www.modula.eu\\\/fr\\\/\"},{\"@type\":\"ListItem\",\"position\":2,\"name\":\"Applications\",\"item\":\"https:\\\/\\\/www.modula.eu\\\/fr\\\/blog\\\/applications\\\/\"},{\"@type\":\"ListItem\",\"position\":3,\"name\":\"Comment rendre un entrep\u00f4t efficace: de l\u2019optimisation de l\u2019espace \u00e0 la r\u00e9duction des co\u00fbts\"}]},{\"@type\":\"WebSite\",\"@id\":\"https:\\\/\\\/www.modula.eu\\\/fr\\\/#website\",\"url\":\"https:\\\/\\\/www.modula.eu\\\/fr\\\/\",\"name\":\"Modula S.p.A.\",\"description\":\"Think Vertical\",\"publisher\":{\"@id\":\"https:\\\/\\\/www.modula.eu\\\/fr\\\/#organization\"},\"potentialAction\":[{\"@type\":\"SearchAction\",\"target\":{\"@type\":\"EntryPoint\",\"urlTemplate\":\"https:\\\/\\\/www.modula.eu\\\/fr\\\/?s={search_term_string}\"},\"query-input\":{\"@type\":\"PropertyValueSpecification\",\"valueRequired\":true,\"valueName\":\"search_term_string\"}}],\"inLanguage\":\"fr-FR\"},{\"@type\":\"Person\",\"@id\":\"https:\\\/\\\/www.modula.eu\\\/fr\\\/#\\\/schema\\\/person\\\/7c5b83a68cf511134b5990861dad5936\",\"name\":\"bznadmin\",\"sameAs\":[\"https:\\\/\\\/www.modula.eu\"]}]}<\/script>\n<!-- \/ Yoast SEO plugin. -->","yoast_head_json":{"title":"Comment rendre un entrep\u00f4t efficace : de l'optimisation de l'espace \u00e0 la r\u00e9duction des co\u00fbts | Modula","description":"Une bonne gestion d'entrep\u00f4t repose sur de nombreux facteurs, mais le plus important est l'efficacit\u00e9. Sans une organisation et un processus de production rationalis\u00e9s et simplifi\u00e9s, les op\u00e9rations de l'entrep\u00f4t en p\u00e2tissent, tout comme les co\u00fbts, le personnel et l'entreprise elle-m\u00eame.","robots":{"index":"index","follow":"follow","max-snippet":"max-snippet:-1","max-image-preview":"max-image-preview:large","max-video-preview":"max-video-preview:-1"},"canonical":"https:\/\/www.modula.eu\/fr\/blog\/comment-rendre-un-entrepot-efficace-de-loptimisation-de-lespace-a-la-reduction-des-couts\/","og_locale":"fr_FR","og_type":"article","og_title":"Comment rendre un entrep\u00f4t efficace : de l'optimisation de l'espace \u00e0 la r\u00e9duction des co\u00fbts | Modula","og_description":"Une bonne gestion d'entrep\u00f4t repose sur de nombreux facteurs, mais le plus important est l'efficacit\u00e9. Sans une organisation et un processus de production rationalis\u00e9s et simplifi\u00e9s, les op\u00e9rations de l'entrep\u00f4t en p\u00e2tissent, tout comme les co\u00fbts, le personnel et l'entreprise elle-m\u00eame.","og_url":"https:\/\/www.modula.eu\/fr\/blog\/comment-rendre-un-entrepot-efficace-de-loptimisation-de-lespace-a-la-reduction-des-couts\/","og_site_name":"Modula","article_published_time":"2022-03-08T08:39:14+00:00","article_modified_time":"2026-05-29T15:42:11+00:00","og_image":[{"width":1200,"height":816,"url":"https:\/\/www.modula.eu\/wp-content\/uploads\/2022\/06\/CCC_0061-1200x816-1.jpeg","type":"image\/jpeg"}],"author":"bznadmin","twitter_card":"summary_large_image","twitter_misc":{"\u00c9crit par":"bznadmin"},"schema":{"@context":"https:\/\/schema.org","@graph":[{"@type":"BlogPosting","@id":"https:\/\/www.modula.eu\/fr\/blog\/comment-rendre-un-entrepot-efficace-de-loptimisation-de-lespace-a-la-reduction-des-couts\/#article","isPartOf":{"@id":"https:\/\/www.modula.eu\/fr\/blog\/comment-rendre-un-entrepot-efficace-de-loptimisation-de-lespace-a-la-reduction-des-couts\/"},"author":{"name":"bznadmin","@id":"https:\/\/www.modula.eu\/fr\/#\/schema\/person\/7c5b83a68cf511134b5990861dad5936"},"headline":"Comment rendre un entrep\u00f4t efficace: de l\u2019optimisation de l\u2019espace \u00e0 la r\u00e9duction des co\u00fbts","datePublished":"2022-03-08T08:39:14+00:00","dateModified":"2026-05-29T15:42:11+00:00","mainEntityOfPage":{"@id":"https:\/\/www.modula.eu\/fr\/blog\/comment-rendre-un-entrepot-efficace-de-loptimisation-de-lespace-a-la-reduction-des-couts\/"},"wordCount":18,"commentCount":0,"publisher":{"@id":"https:\/\/www.modula.eu\/fr\/#organization"},"image":{"@id":"https:\/\/www.modula.eu\/fr\/blog\/comment-rendre-un-entrepot-efficace-de-loptimisation-de-lespace-a-la-reduction-des-couts\/#primaryimage"},"thumbnailUrl":"https:\/\/www.modula.eu\/wp-content\/uploads\/2022\/06\/CCC_0061-1200x816-1.jpeg","articleSection":["Applications"],"inLanguage":"fr-FR","potentialAction":[{"@type":"CommentAction","name":"Comment","target":["https:\/\/www.modula.eu\/fr\/blog\/comment-rendre-un-entrepot-efficace-de-loptimisation-de-lespace-a-la-reduction-des-couts\/#respond"]}]},{"@type":"WebPage","@id":"https:\/\/www.modula.eu\/fr\/blog\/comment-rendre-un-entrepot-efficace-de-loptimisation-de-lespace-a-la-reduction-des-couts\/","url":"https:\/\/www.modula.eu\/fr\/blog\/comment-rendre-un-entrepot-efficace-de-loptimisation-de-lespace-a-la-reduction-des-couts\/","name":"Comment rendre un entrep\u00f4t efficace : de l'optimisation de l'espace \u00e0 la r\u00e9duction des co\u00fbts | Modula","isPartOf":{"@id":"https:\/\/www.modula.eu\/fr\/#website"},"primaryImageOfPage":{"@id":"https:\/\/www.modula.eu\/fr\/blog\/comment-rendre-un-entrepot-efficace-de-loptimisation-de-lespace-a-la-reduction-des-couts\/#primaryimage"},"image":{"@id":"https:\/\/www.modula.eu\/fr\/blog\/comment-rendre-un-entrepot-efficace-de-loptimisation-de-lespace-a-la-reduction-des-couts\/#primaryimage"},"thumbnailUrl":"https:\/\/www.modula.eu\/wp-content\/uploads\/2022\/06\/CCC_0061-1200x816-1.jpeg","datePublished":"2022-03-08T08:39:14+00:00","dateModified":"2026-05-29T15:42:11+00:00","description":"Une bonne gestion d'entrep\u00f4t repose sur de nombreux facteurs, mais le plus important est l'efficacit\u00e9. Sans une organisation et un processus de production rationalis\u00e9s et simplifi\u00e9s, les op\u00e9rations de l'entrep\u00f4t en p\u00e2tissent, tout comme les co\u00fbts, le personnel et l'entreprise elle-m\u00eame.","breadcrumb":{"@id":"https:\/\/www.modula.eu\/fr\/blog\/comment-rendre-un-entrepot-efficace-de-loptimisation-de-lespace-a-la-reduction-des-couts\/#breadcrumb"},"inLanguage":"fr-FR","potentialAction":[{"@type":"ReadAction","target":["https:\/\/www.modula.eu\/fr\/blog\/comment-rendre-un-entrepot-efficace-de-loptimisation-de-lespace-a-la-reduction-des-couts\/"]}]},{"@type":"ImageObject","inLanguage":"fr-FR","@id":"https:\/\/www.modula.eu\/fr\/blog\/comment-rendre-un-entrepot-efficace-de-loptimisation-de-lespace-a-la-reduction-des-couts\/#primaryimage","url":"https:\/\/www.modula.eu\/wp-content\/uploads\/2022\/06\/CCC_0061-1200x816-1.jpeg","contentUrl":"https:\/\/www.modula.eu\/wp-content\/uploads\/2022\/06\/CCC_0061-1200x816-1.jpeg","width":1200,"height":816},{"@type":"BreadcrumbList","@id":"https:\/\/www.modula.eu\/fr\/blog\/comment-rendre-un-entrepot-efficace-de-loptimisation-de-lespace-a-la-reduction-des-couts\/#breadcrumb","itemListElement":[{"@type":"ListItem","position":1,"name":"Home","item":"https:\/\/www.modula.eu\/fr\/"},{"@type":"ListItem","position":2,"name":"Applications","item":"https:\/\/www.modula.eu\/fr\/blog\/applications\/"},{"@type":"ListItem","position":3,"name":"Comment rendre un entrep\u00f4t efficace: de l\u2019optimisation de l\u2019espace \u00e0 la r\u00e9duction des co\u00fbts"}]},{"@type":"WebSite","@id":"https:\/\/www.modula.eu\/fr\/#website","url":"https:\/\/www.modula.eu\/fr\/","name":"Modula S.p.A.","description":"Think Vertical","publisher":{"@id":"https:\/\/www.modula.eu\/fr\/#organization"},"potentialAction":[{"@type":"SearchAction","target":{"@type":"EntryPoint","urlTemplate":"https:\/\/www.modula.eu\/fr\/?s={search_term_string}"},"query-input":{"@type":"PropertyValueSpecification","valueRequired":true,"valueName":"search_term_string"}}],"inLanguage":"fr-FR"},{"@type":"Person","@id":"https:\/\/www.modula.eu\/fr\/#\/schema\/person\/7c5b83a68cf511134b5990861dad5936","name":"bznadmin","sameAs":["https:\/\/www.modula.eu"]}]}},"permalink_manager":null,"_links":{"self":[{"href":"https:\/\/www.modula.eu\/fr\/wp-json\/wp\/v2\/posts\/7428","targetHints":{"allow":["GET"]}}],"collection":[{"href":"https:\/\/www.modula.eu\/fr\/wp-json\/wp\/v2\/posts"}],"about":[{"href":"https:\/\/www.modula.eu\/fr\/wp-json\/wp\/v2\/types\/post"}],"author":[{"embeddable":true,"href":"https:\/\/www.modula.eu\/fr\/wp-json\/wp\/v2\/users\/1"}],"replies":[{"embeddable":true,"href":"https:\/\/www.modula.eu\/fr\/wp-json\/wp\/v2\/comments?post=7428"}],"version-history":[{"count":0,"href":"https:\/\/www.modula.eu\/fr\/wp-json\/wp\/v2\/posts\/7428\/revisions"}],"wp:featuredmedia":[{"embeddable":true,"href":"https:\/\/www.modula.eu\/fr\/wp-json\/wp\/v2\/media\/6419"}],"wp:attachment":[{"href":"https:\/\/www.modula.eu\/fr\/wp-json\/wp\/v2\/media?parent=7428"}],"wp:term":[{"taxonomy":"category","embeddable":true,"href":"https:\/\/www.modula.eu\/fr\/wp-json\/wp\/v2\/categories?post=7428"},{"taxonomy":"post_tag","embeddable":true,"href":"https:\/\/www.modula.eu\/fr\/wp-json\/wp\/v2\/tags?post=7428"}],"curies":[{"name":"wp","href":"https:\/\/api.w.org\/{rel}","templated":true}]}}