{"id":7484,"date":"2020-08-18T08:39:31","date_gmt":"2020-08-18T06:39:31","guid":{"rendered":"https:\/\/www.modula.eu\/non-classifiee\/come-fare-linventario-con-i-magazzini-automatici-verticali-modula\/"},"modified":"2025-03-13T16:22:39","modified_gmt":"2025-03-13T15:22:39","slug":"comment-faire-linventaire-avec-les-magasins-automatiques-verticaux-de-modula","status":"publish","type":"post","link":"https:\/\/www.modula.eu\/fr\/blog\/comment-faire-linventaire-avec-les-magasins-automatiques-verticaux-de-modula\/","title":{"rendered":"Comment faire l\u2019inventaire avec les magasins automatiques verticaux de Modula?"},"content":{"rendered":"","protected":false},"excerpt":{"rendered":"","protected":false},"author":1,"featured_media":6399,"comment_status":"open","ping_status":"closed","sticky":false,"template":"","format":"standard","meta":{"_acf_changed":false,"inline_featured_image":false,"footnotes":""},"categories":[51],"tags":[],"class_list":["post-7484","post","type-post","status-publish","format-standard","has-post-thumbnail","hentry","category-applications"],"acf":[],"yoast_head":"<!-- This site is optimized with the Yoast SEO plugin v28.3 - https:\/\/yoast.com\/product\/yoast-seo-wordpress\/ -->\n<title>Comment faire l&#039;inventaire avec les magasins automatiques verticaux de Modula? | Modula<\/title>\n<meta name=\"description\" content=\"L&#039;id\u00e9e de devoir utiliser un stylo et du papier pour marquer le nombre d&#039;articles, de devoir monter et descendre des \u00e9chelles pour atteindre les rayons les plus \u00e9lev\u00e9s, mais surtout la perspective de devoir impliquer toute l&#039;entreprise, pendant au moins une semaine, dans les processus d&#039;inventaire, peut \u00eatre surmont\u00e9e en travaillant avec les magasins automatiques verticaux Modula s&#039;ils sont \u00e9quip\u00e9s du logiciel de gestion du magasin Modula WMS.\" \/>\n<meta name=\"robots\" content=\"index, follow, max-snippet:-1, max-image-preview:large, max-video-preview:-1\" \/>\n<link rel=\"canonical\" href=\"https:\/\/www.modula.eu\/fr\/blog\/comment-faire-linventaire-avec-les-magasins-automatiques-verticaux-de-modula\/\" \/>\n<meta property=\"og:locale\" content=\"fr_FR\" \/>\n<meta property=\"og:type\" content=\"article\" \/>\n<meta property=\"og:title\" content=\"Comment faire l&#039;inventaire avec les magasins automatiques verticaux de Modula? | Modula\" \/>\n<meta property=\"og:description\" content=\"L&#039;id\u00e9e de devoir utiliser un stylo et du papier pour marquer le nombre d&#039;articles, de devoir monter et descendre des \u00e9chelles pour atteindre les rayons les plus \u00e9lev\u00e9s, mais surtout la perspective de devoir impliquer toute l&#039;entreprise, pendant au moins une semaine, dans les processus d&#039;inventaire, peut \u00eatre surmont\u00e9e en travaillant avec les magasins automatiques verticaux Modula s&#039;ils sont \u00e9quip\u00e9s du logiciel de gestion du magasin Modula WMS.\" \/>\n<meta property=\"og:url\" content=\"https:\/\/www.modula.eu\/fr\/blog\/comment-faire-linventaire-avec-les-magasins-automatiques-verticaux-de-modula\/\" \/>\n<meta property=\"og:site_name\" content=\"Modula\" \/>\n<meta property=\"article:published_time\" content=\"2020-08-18T06:39:31+00:00\" \/>\n<meta property=\"article:modified_time\" content=\"2025-03-13T15:22:39+00:00\" \/>\n<meta property=\"og:image\" content=\"https:\/\/www.modula.eu\/wp-content\/uploads\/2022\/06\/i-magazzini-verticali-modula-per-ottimizzare-la-lo.jpeg\" \/>\n\t<meta property=\"og:image:width\" content=\"850\" \/>\n\t<meta property=\"og:image:height\" content=\"450\" \/>\n\t<meta property=\"og:image:type\" content=\"image\/jpeg\" \/>\n<meta name=\"author\" content=\"bznadmin\" \/>\n<meta name=\"twitter:card\" content=\"summary_large_image\" \/>\n<meta name=\"twitter:label1\" content=\"\u00c9crit par\" \/>\n\t<meta name=\"twitter:data1\" content=\"bznadmin\" \/>\n<script type=\"application\/ld+json\" class=\"yoast-schema-graph\">{\"@context\":\"https:\\\/\\\/schema.org\",\"@graph\":[{\"@type\":\"BlogPosting\",\"@id\":\"https:\\\/\\\/www.modula.eu\\\/fr\\\/blog\\\/comment-faire-linventaire-avec-les-magasins-automatiques-verticaux-de-modula\\\/#article\",\"isPartOf\":{\"@id\":\"https:\\\/\\\/www.modula.eu\\\/fr\\\/blog\\\/comment-faire-linventaire-avec-les-magasins-automatiques-verticaux-de-modula\\\/\"},\"author\":{\"name\":\"bznadmin\",\"@id\":\"https:\\\/\\\/www.modula.eu\\\/fr\\\/#\\\/schema\\\/person\\\/7c5b83a68cf511134b5990861dad5936\"},\"headline\":\"Comment faire l\u2019inventaire avec les magasins automatiques verticaux de Modula?\",\"datePublished\":\"2020-08-18T06:39:31+00:00\",\"dateModified\":\"2025-03-13T15:22:39+00:00\",\"mainEntityOfPage\":{\"@id\":\"https:\\\/\\\/www.modula.eu\\\/fr\\\/blog\\\/comment-faire-linventaire-avec-les-magasins-automatiques-verticaux-de-modula\\\/\"},\"wordCount\":11,\"commentCount\":0,\"publisher\":{\"@id\":\"https:\\\/\\\/www.modula.eu\\\/fr\\\/#organization\"},\"image\":{\"@id\":\"https:\\\/\\\/www.modula.eu\\\/fr\\\/blog\\\/comment-faire-linventaire-avec-les-magasins-automatiques-verticaux-de-modula\\\/#primaryimage\"},\"thumbnailUrl\":\"https:\\\/\\\/www.modula.eu\\\/wp-content\\\/uploads\\\/2022\\\/06\\\/i-magazzini-verticali-modula-per-ottimizzare-la-lo.jpeg\",\"articleSection\":[\"Applications\"],\"inLanguage\":\"fr-FR\",\"potentialAction\":[{\"@type\":\"CommentAction\",\"name\":\"Comment\",\"target\":[\"https:\\\/\\\/www.modula.eu\\\/fr\\\/blog\\\/comment-faire-linventaire-avec-les-magasins-automatiques-verticaux-de-modula\\\/#respond\"]}]},{\"@type\":\"WebPage\",\"@id\":\"https:\\\/\\\/www.modula.eu\\\/fr\\\/blog\\\/comment-faire-linventaire-avec-les-magasins-automatiques-verticaux-de-modula\\\/\",\"url\":\"https:\\\/\\\/www.modula.eu\\\/fr\\\/blog\\\/comment-faire-linventaire-avec-les-magasins-automatiques-verticaux-de-modula\\\/\",\"name\":\"Comment faire l'inventaire avec les magasins automatiques verticaux de Modula? | Modula\",\"isPartOf\":{\"@id\":\"https:\\\/\\\/www.modula.eu\\\/fr\\\/#website\"},\"primaryImageOfPage\":{\"@id\":\"https:\\\/\\\/www.modula.eu\\\/fr\\\/blog\\\/comment-faire-linventaire-avec-les-magasins-automatiques-verticaux-de-modula\\\/#primaryimage\"},\"image\":{\"@id\":\"https:\\\/\\\/www.modula.eu\\\/fr\\\/blog\\\/comment-faire-linventaire-avec-les-magasins-automatiques-verticaux-de-modula\\\/#primaryimage\"},\"thumbnailUrl\":\"https:\\\/\\\/www.modula.eu\\\/wp-content\\\/uploads\\\/2022\\\/06\\\/i-magazzini-verticali-modula-per-ottimizzare-la-lo.jpeg\",\"datePublished\":\"2020-08-18T06:39:31+00:00\",\"dateModified\":\"2025-03-13T15:22:39+00:00\",\"description\":\"L'id\u00e9e de devoir utiliser un stylo et du papier pour marquer le nombre d'articles, de devoir monter et descendre des \u00e9chelles pour atteindre les rayons les plus \u00e9lev\u00e9s, mais surtout la perspective de devoir impliquer toute l'entreprise, pendant au moins une semaine, dans les processus d'inventaire, peut \u00eatre surmont\u00e9e en travaillant avec les magasins automatiques verticaux Modula s'ils sont \u00e9quip\u00e9s du logiciel de gestion du magasin Modula WMS.\",\"breadcrumb\":{\"@id\":\"https:\\\/\\\/www.modula.eu\\\/fr\\\/blog\\\/comment-faire-linventaire-avec-les-magasins-automatiques-verticaux-de-modula\\\/#breadcrumb\"},\"inLanguage\":\"fr-FR\",\"potentialAction\":[{\"@type\":\"ReadAction\",\"target\":[\"https:\\\/\\\/www.modula.eu\\\/fr\\\/blog\\\/comment-faire-linventaire-avec-les-magasins-automatiques-verticaux-de-modula\\\/\"]}]},{\"@type\":\"ImageObject\",\"inLanguage\":\"fr-FR\",\"@id\":\"https:\\\/\\\/www.modula.eu\\\/fr\\\/blog\\\/comment-faire-linventaire-avec-les-magasins-automatiques-verticaux-de-modula\\\/#primaryimage\",\"url\":\"https:\\\/\\\/www.modula.eu\\\/wp-content\\\/uploads\\\/2022\\\/06\\\/i-magazzini-verticali-modula-per-ottimizzare-la-lo.jpeg\",\"contentUrl\":\"https:\\\/\\\/www.modula.eu\\\/wp-content\\\/uploads\\\/2022\\\/06\\\/i-magazzini-verticali-modula-per-ottimizzare-la-lo.jpeg\",\"width\":850,\"height\":450},{\"@type\":\"BreadcrumbList\",\"@id\":\"https:\\\/\\\/www.modula.eu\\\/fr\\\/blog\\\/comment-faire-linventaire-avec-les-magasins-automatiques-verticaux-de-modula\\\/#breadcrumb\",\"itemListElement\":[{\"@type\":\"ListItem\",\"position\":1,\"name\":\"Home\",\"item\":\"https:\\\/\\\/www.modula.eu\\\/fr\\\/\"},{\"@type\":\"ListItem\",\"position\":2,\"name\":\"Applications\",\"item\":\"https:\\\/\\\/www.modula.eu\\\/fr\\\/blog\\\/applications\\\/\"},{\"@type\":\"ListItem\",\"position\":3,\"name\":\"Comment faire l\u2019inventaire avec les magasins automatiques verticaux de Modula?\"}]},{\"@type\":\"WebSite\",\"@id\":\"https:\\\/\\\/www.modula.eu\\\/fr\\\/#website\",\"url\":\"https:\\\/\\\/www.modula.eu\\\/fr\\\/\",\"name\":\"Modula S.p.A.\",\"description\":\"Think Vertical\",\"publisher\":{\"@id\":\"https:\\\/\\\/www.modula.eu\\\/fr\\\/#organization\"},\"potentialAction\":[{\"@type\":\"SearchAction\",\"target\":{\"@type\":\"EntryPoint\",\"urlTemplate\":\"https:\\\/\\\/www.modula.eu\\\/fr\\\/?s={search_term_string}\"},\"query-input\":{\"@type\":\"PropertyValueSpecification\",\"valueRequired\":true,\"valueName\":\"search_term_string\"}}],\"inLanguage\":\"fr-FR\"},{\"@type\":\"Person\",\"@id\":\"https:\\\/\\\/www.modula.eu\\\/fr\\\/#\\\/schema\\\/person\\\/7c5b83a68cf511134b5990861dad5936\",\"name\":\"bznadmin\",\"sameAs\":[\"https:\\\/\\\/www.modula.eu\"]}]}<\/script>\n<!-- \/ Yoast SEO plugin. -->","yoast_head_json":{"title":"Comment faire l'inventaire avec les magasins automatiques verticaux de Modula? | Modula","description":"L'id\u00e9e de devoir utiliser un stylo et du papier pour marquer le nombre d'articles, de devoir monter et descendre des \u00e9chelles pour atteindre les rayons les plus \u00e9lev\u00e9s, mais surtout la perspective de devoir impliquer toute l'entreprise, pendant au moins une semaine, dans les processus d'inventaire, peut \u00eatre surmont\u00e9e en travaillant avec les magasins automatiques verticaux Modula s'ils sont \u00e9quip\u00e9s du logiciel de gestion du magasin Modula WMS.","robots":{"index":"index","follow":"follow","max-snippet":"max-snippet:-1","max-image-preview":"max-image-preview:large","max-video-preview":"max-video-preview:-1"},"canonical":"https:\/\/www.modula.eu\/fr\/blog\/comment-faire-linventaire-avec-les-magasins-automatiques-verticaux-de-modula\/","og_locale":"fr_FR","og_type":"article","og_title":"Comment faire l'inventaire avec les magasins automatiques verticaux de Modula? | Modula","og_description":"L'id\u00e9e de devoir utiliser un stylo et du papier pour marquer le nombre d'articles, de devoir monter et descendre des \u00e9chelles pour atteindre les rayons les plus \u00e9lev\u00e9s, mais surtout la perspective de devoir impliquer toute l'entreprise, pendant au moins une semaine, dans les processus d'inventaire, peut \u00eatre surmont\u00e9e en travaillant avec les magasins automatiques verticaux Modula s'ils sont \u00e9quip\u00e9s du logiciel de gestion du magasin Modula WMS.","og_url":"https:\/\/www.modula.eu\/fr\/blog\/comment-faire-linventaire-avec-les-magasins-automatiques-verticaux-de-modula\/","og_site_name":"Modula","article_published_time":"2020-08-18T06:39:31+00:00","article_modified_time":"2025-03-13T15:22:39+00:00","og_image":[{"width":850,"height":450,"url":"https:\/\/www.modula.eu\/wp-content\/uploads\/2022\/06\/i-magazzini-verticali-modula-per-ottimizzare-la-lo.jpeg","type":"image\/jpeg"}],"author":"bznadmin","twitter_card":"summary_large_image","twitter_misc":{"\u00c9crit par":"bznadmin"},"schema":{"@context":"https:\/\/schema.org","@graph":[{"@type":"BlogPosting","@id":"https:\/\/www.modula.eu\/fr\/blog\/comment-faire-linventaire-avec-les-magasins-automatiques-verticaux-de-modula\/#article","isPartOf":{"@id":"https:\/\/www.modula.eu\/fr\/blog\/comment-faire-linventaire-avec-les-magasins-automatiques-verticaux-de-modula\/"},"author":{"name":"bznadmin","@id":"https:\/\/www.modula.eu\/fr\/#\/schema\/person\/7c5b83a68cf511134b5990861dad5936"},"headline":"Comment faire l\u2019inventaire avec les magasins automatiques verticaux de Modula?","datePublished":"2020-08-18T06:39:31+00:00","dateModified":"2025-03-13T15:22:39+00:00","mainEntityOfPage":{"@id":"https:\/\/www.modula.eu\/fr\/blog\/comment-faire-linventaire-avec-les-magasins-automatiques-verticaux-de-modula\/"},"wordCount":11,"commentCount":0,"publisher":{"@id":"https:\/\/www.modula.eu\/fr\/#organization"},"image":{"@id":"https:\/\/www.modula.eu\/fr\/blog\/comment-faire-linventaire-avec-les-magasins-automatiques-verticaux-de-modula\/#primaryimage"},"thumbnailUrl":"https:\/\/www.modula.eu\/wp-content\/uploads\/2022\/06\/i-magazzini-verticali-modula-per-ottimizzare-la-lo.jpeg","articleSection":["Applications"],"inLanguage":"fr-FR","potentialAction":[{"@type":"CommentAction","name":"Comment","target":["https:\/\/www.modula.eu\/fr\/blog\/comment-faire-linventaire-avec-les-magasins-automatiques-verticaux-de-modula\/#respond"]}]},{"@type":"WebPage","@id":"https:\/\/www.modula.eu\/fr\/blog\/comment-faire-linventaire-avec-les-magasins-automatiques-verticaux-de-modula\/","url":"https:\/\/www.modula.eu\/fr\/blog\/comment-faire-linventaire-avec-les-magasins-automatiques-verticaux-de-modula\/","name":"Comment faire l'inventaire avec les magasins automatiques verticaux de Modula? | Modula","isPartOf":{"@id":"https:\/\/www.modula.eu\/fr\/#website"},"primaryImageOfPage":{"@id":"https:\/\/www.modula.eu\/fr\/blog\/comment-faire-linventaire-avec-les-magasins-automatiques-verticaux-de-modula\/#primaryimage"},"image":{"@id":"https:\/\/www.modula.eu\/fr\/blog\/comment-faire-linventaire-avec-les-magasins-automatiques-verticaux-de-modula\/#primaryimage"},"thumbnailUrl":"https:\/\/www.modula.eu\/wp-content\/uploads\/2022\/06\/i-magazzini-verticali-modula-per-ottimizzare-la-lo.jpeg","datePublished":"2020-08-18T06:39:31+00:00","dateModified":"2025-03-13T15:22:39+00:00","description":"L'id\u00e9e de devoir utiliser un stylo et du papier pour marquer le nombre d'articles, de devoir monter et descendre des \u00e9chelles pour atteindre les rayons les plus \u00e9lev\u00e9s, mais surtout la perspective de devoir impliquer toute l'entreprise, pendant au moins une semaine, dans les processus d'inventaire, peut \u00eatre surmont\u00e9e en travaillant avec les magasins automatiques verticaux Modula s'ils sont \u00e9quip\u00e9s du logiciel de gestion du magasin Modula WMS.","breadcrumb":{"@id":"https:\/\/www.modula.eu\/fr\/blog\/comment-faire-linventaire-avec-les-magasins-automatiques-verticaux-de-modula\/#breadcrumb"},"inLanguage":"fr-FR","potentialAction":[{"@type":"ReadAction","target":["https:\/\/www.modula.eu\/fr\/blog\/comment-faire-linventaire-avec-les-magasins-automatiques-verticaux-de-modula\/"]}]},{"@type":"ImageObject","inLanguage":"fr-FR","@id":"https:\/\/www.modula.eu\/fr\/blog\/comment-faire-linventaire-avec-les-magasins-automatiques-verticaux-de-modula\/#primaryimage","url":"https:\/\/www.modula.eu\/wp-content\/uploads\/2022\/06\/i-magazzini-verticali-modula-per-ottimizzare-la-lo.jpeg","contentUrl":"https:\/\/www.modula.eu\/wp-content\/uploads\/2022\/06\/i-magazzini-verticali-modula-per-ottimizzare-la-lo.jpeg","width":850,"height":450},{"@type":"BreadcrumbList","@id":"https:\/\/www.modula.eu\/fr\/blog\/comment-faire-linventaire-avec-les-magasins-automatiques-verticaux-de-modula\/#breadcrumb","itemListElement":[{"@type":"ListItem","position":1,"name":"Home","item":"https:\/\/www.modula.eu\/fr\/"},{"@type":"ListItem","position":2,"name":"Applications","item":"https:\/\/www.modula.eu\/fr\/blog\/applications\/"},{"@type":"ListItem","position":3,"name":"Comment faire l\u2019inventaire avec les magasins automatiques verticaux de Modula?"}]},{"@type":"WebSite","@id":"https:\/\/www.modula.eu\/fr\/#website","url":"https:\/\/www.modula.eu\/fr\/","name":"Modula S.p.A.","description":"Think Vertical","publisher":{"@id":"https:\/\/www.modula.eu\/fr\/#organization"},"potentialAction":[{"@type":"SearchAction","target":{"@type":"EntryPoint","urlTemplate":"https:\/\/www.modula.eu\/fr\/?s={search_term_string}"},"query-input":{"@type":"PropertyValueSpecification","valueRequired":true,"valueName":"search_term_string"}}],"inLanguage":"fr-FR"},{"@type":"Person","@id":"https:\/\/www.modula.eu\/fr\/#\/schema\/person\/7c5b83a68cf511134b5990861dad5936","name":"bznadmin","sameAs":["https:\/\/www.modula.eu"]}]}},"permalink_manager":null,"_links":{"self":[{"href":"https:\/\/www.modula.eu\/fr\/wp-json\/wp\/v2\/posts\/7484","targetHints":{"allow":["GET"]}}],"collection":[{"href":"https:\/\/www.modula.eu\/fr\/wp-json\/wp\/v2\/posts"}],"about":[{"href":"https:\/\/www.modula.eu\/fr\/wp-json\/wp\/v2\/types\/post"}],"author":[{"embeddable":true,"href":"https:\/\/www.modula.eu\/fr\/wp-json\/wp\/v2\/users\/1"}],"replies":[{"embeddable":true,"href":"https:\/\/www.modula.eu\/fr\/wp-json\/wp\/v2\/comments?post=7484"}],"version-history":[{"count":0,"href":"https:\/\/www.modula.eu\/fr\/wp-json\/wp\/v2\/posts\/7484\/revisions"}],"wp:featuredmedia":[{"embeddable":true,"href":"https:\/\/www.modula.eu\/fr\/wp-json\/wp\/v2\/media\/6399"}],"wp:attachment":[{"href":"https:\/\/www.modula.eu\/fr\/wp-json\/wp\/v2\/media?parent=7484"}],"wp:term":[{"taxonomy":"category","embeddable":true,"href":"https:\/\/www.modula.eu\/fr\/wp-json\/wp\/v2\/categories?post=7484"},{"taxonomy":"post_tag","embeddable":true,"href":"https:\/\/www.modula.eu\/fr\/wp-json\/wp\/v2\/tags?post=7484"}],"curies":[{"name":"wp","href":"https:\/\/api.w.org\/{rel}","templated":true}]}}