{"id":7530,"date":"2019-12-05T14:49:03","date_gmt":"2019-12-05T13:49:03","guid":{"rendered":"https:\/\/www.modula.eu\/non-classifiee\/supply-chain-e-logistica-del-magazzino-automatico-verticale-dallorigine-di-un-prodotto-alla-sua-consegna\/"},"modified":"2023-04-19T09:46:10","modified_gmt":"2023-04-19T07:46:10","slug":"chaine-dapprovisionnement-et-logistique-des-magasins-automatiques-verticaux-de-lorigine-dun-produit-a-sa-livraison","status":"publish","type":"post","link":"https:\/\/www.modula.eu\/fr\/blog\/chaine-dapprovisionnement-et-logistique-des-magasins-automatiques-verticaux-de-lorigine-dun-produit-a-sa-livraison\/","title":{"rendered":"Cha\u00eene d\u2019approvisionnement et logistique des magasins automatiques verticaux : de l\u2019origine d\u2019un produit \u00e0 sa livraison"},"content":{"rendered":"","protected":false},"excerpt":{"rendered":"","protected":false},"author":1,"featured_media":6311,"comment_status":"open","ping_status":"closed","sticky":false,"template":"","format":"standard","meta":{"_acf_changed":false,"inline_featured_image":false,"footnotes":""},"categories":[54],"tags":[],"class_list":["post-7530","post","type-post","status-publish","format-standard","has-post-thumbnail","hentry","category-entrepots-automatiques"],"acf":[],"yoast_head":"<!-- This site is optimized with the Yoast SEO plugin v28.3 - https:\/\/yoast.com\/product\/yoast-seo-wordpress\/ -->\n<title>Cha\u00eene d&#039;approvisionnement et logistique des magasins automatiques verticaux : de l&#039;origine d&#039;un produit \u00e0 sa livraison | Modula<\/title>\n<meta name=\"description\" content=\"Par cha\u00eene d&#039;approvisionnement, ou cha\u00eene de distribution, nous entendons le processus qui vise \u00e0 transf\u00e9rer un certain produit ou service du fournisseur au client. C&#039;est un processus tr\u00e8s long qui implique plusieurs acteurs et qui se compose de nombreuses phases, parmi les plus critiques il y a certainement la logistique de l&#039;entrep\u00f4t, c&#039;est-\u00e0-dire l&#039;ensemble d&#039;activit\u00e9s strat\u00e9giques et organisationnelles qui permettent de mieux g\u00e9rer certaines des phases de cette cha\u00eene d&#039;approvisionnement.\" \/>\n<meta name=\"robots\" content=\"index, follow, max-snippet:-1, max-image-preview:large, max-video-preview:-1\" \/>\n<link rel=\"canonical\" href=\"https:\/\/www.modula.eu\/fr\/blog\/chaine-dapprovisionnement-et-logistique-des-magasins-automatiques-verticaux-de-lorigine-dun-produit-a-sa-livraison\/\" \/>\n<meta property=\"og:locale\" content=\"fr_FR\" \/>\n<meta property=\"og:type\" content=\"article\" \/>\n<meta property=\"og:title\" content=\"Cha\u00eene d&#039;approvisionnement et logistique des magasins automatiques verticaux : de l&#039;origine d&#039;un produit \u00e0 sa livraison | Modula\" \/>\n<meta property=\"og:description\" content=\"Par cha\u00eene d&#039;approvisionnement, ou cha\u00eene de distribution, nous entendons le processus qui vise \u00e0 transf\u00e9rer un certain produit ou service du fournisseur au client. C&#039;est un processus tr\u00e8s long qui implique plusieurs acteurs et qui se compose de nombreuses phases, parmi les plus critiques il y a certainement la logistique de l&#039;entrep\u00f4t, c&#039;est-\u00e0-dire l&#039;ensemble d&#039;activit\u00e9s strat\u00e9giques et organisationnelles qui permettent de mieux g\u00e9rer certaines des phases de cette cha\u00eene d&#039;approvisionnement.\" \/>\n<meta property=\"og:url\" content=\"https:\/\/www.modula.eu\/fr\/blog\/chaine-dapprovisionnement-et-logistique-des-magasins-automatiques-verticaux-de-lorigine-dun-produit-a-sa-livraison\/\" \/>\n<meta property=\"og:site_name\" content=\"Modula\" \/>\n<meta property=\"article:published_time\" content=\"2019-12-05T13:49:03+00:00\" \/>\n<meta property=\"article:modified_time\" content=\"2023-04-19T07:46:10+00:00\" \/>\n<meta property=\"og:image\" content=\"https:\/\/www.modula.eu\/wp-content\/uploads\/2022\/06\/Supp-y-Chain-e-logistica-del-magazzino.jpeg\" \/>\n\t<meta property=\"og:image:width\" content=\"841\" \/>\n\t<meta property=\"og:image:height\" content=\"440\" \/>\n\t<meta property=\"og:image:type\" content=\"image\/jpeg\" \/>\n<meta name=\"author\" content=\"bznadmin\" \/>\n<meta name=\"twitter:card\" content=\"summary_large_image\" \/>\n<meta name=\"twitter:label1\" content=\"\u00c9crit par\" \/>\n\t<meta name=\"twitter:data1\" content=\"bznadmin\" \/>\n<script type=\"application\/ld+json\" class=\"yoast-schema-graph\">{\"@context\":\"https:\\\/\\\/schema.org\",\"@graph\":[{\"@type\":\"BlogPosting\",\"@id\":\"https:\\\/\\\/www.modula.eu\\\/fr\\\/blog\\\/chaine-dapprovisionnement-et-logistique-des-magasins-automatiques-verticaux-de-lorigine-dun-produit-a-sa-livraison\\\/#article\",\"isPartOf\":{\"@id\":\"https:\\\/\\\/www.modula.eu\\\/fr\\\/blog\\\/chaine-dapprovisionnement-et-logistique-des-magasins-automatiques-verticaux-de-lorigine-dun-produit-a-sa-livraison\\\/\"},\"author\":{\"name\":\"bznadmin\",\"@id\":\"https:\\\/\\\/www.modula.eu\\\/fr\\\/#\\\/schema\\\/person\\\/7c5b83a68cf511134b5990861dad5936\"},\"headline\":\"Cha\u00eene d\u2019approvisionnement et logistique des magasins automatiques verticaux : de l\u2019origine d\u2019un produit \u00e0 sa livraison\",\"datePublished\":\"2019-12-05T13:49:03+00:00\",\"dateModified\":\"2023-04-19T07:46:10+00:00\",\"mainEntityOfPage\":{\"@id\":\"https:\\\/\\\/www.modula.eu\\\/fr\\\/blog\\\/chaine-dapprovisionnement-et-logistique-des-magasins-automatiques-verticaux-de-lorigine-dun-produit-a-sa-livraison\\\/\"},\"wordCount\":18,\"commentCount\":0,\"publisher\":{\"@id\":\"https:\\\/\\\/www.modula.eu\\\/fr\\\/#organization\"},\"image\":{\"@id\":\"https:\\\/\\\/www.modula.eu\\\/fr\\\/blog\\\/chaine-dapprovisionnement-et-logistique-des-magasins-automatiques-verticaux-de-lorigine-dun-produit-a-sa-livraison\\\/#primaryimage\"},\"thumbnailUrl\":\"https:\\\/\\\/www.modula.eu\\\/wp-content\\\/uploads\\\/2022\\\/06\\\/Supp-y-Chain-e-logistica-del-magazzino.jpeg\",\"articleSection\":[\"Entrep\u00f4ts automatiques\"],\"inLanguage\":\"fr-FR\",\"potentialAction\":[{\"@type\":\"CommentAction\",\"name\":\"Comment\",\"target\":[\"https:\\\/\\\/www.modula.eu\\\/fr\\\/blog\\\/chaine-dapprovisionnement-et-logistique-des-magasins-automatiques-verticaux-de-lorigine-dun-produit-a-sa-livraison\\\/#respond\"]}]},{\"@type\":\"WebPage\",\"@id\":\"https:\\\/\\\/www.modula.eu\\\/fr\\\/blog\\\/chaine-dapprovisionnement-et-logistique-des-magasins-automatiques-verticaux-de-lorigine-dun-produit-a-sa-livraison\\\/\",\"url\":\"https:\\\/\\\/www.modula.eu\\\/fr\\\/blog\\\/chaine-dapprovisionnement-et-logistique-des-magasins-automatiques-verticaux-de-lorigine-dun-produit-a-sa-livraison\\\/\",\"name\":\"Cha\u00eene d'approvisionnement et logistique des magasins automatiques verticaux : de l'origine d'un produit \u00e0 sa livraison | Modula\",\"isPartOf\":{\"@id\":\"https:\\\/\\\/www.modula.eu\\\/fr\\\/#website\"},\"primaryImageOfPage\":{\"@id\":\"https:\\\/\\\/www.modula.eu\\\/fr\\\/blog\\\/chaine-dapprovisionnement-et-logistique-des-magasins-automatiques-verticaux-de-lorigine-dun-produit-a-sa-livraison\\\/#primaryimage\"},\"image\":{\"@id\":\"https:\\\/\\\/www.modula.eu\\\/fr\\\/blog\\\/chaine-dapprovisionnement-et-logistique-des-magasins-automatiques-verticaux-de-lorigine-dun-produit-a-sa-livraison\\\/#primaryimage\"},\"thumbnailUrl\":\"https:\\\/\\\/www.modula.eu\\\/wp-content\\\/uploads\\\/2022\\\/06\\\/Supp-y-Chain-e-logistica-del-magazzino.jpeg\",\"datePublished\":\"2019-12-05T13:49:03+00:00\",\"dateModified\":\"2023-04-19T07:46:10+00:00\",\"description\":\"Par cha\u00eene d'approvisionnement, ou cha\u00eene de distribution, nous entendons le processus qui vise \u00e0 transf\u00e9rer un certain produit ou service du fournisseur au client. C'est un processus tr\u00e8s long qui implique plusieurs acteurs et qui se compose de nombreuses phases, parmi les plus critiques il y a certainement la logistique de l'entrep\u00f4t, c'est-\u00e0-dire l'ensemble d'activit\u00e9s strat\u00e9giques et organisationnelles qui permettent de mieux g\u00e9rer certaines des phases de cette cha\u00eene d'approvisionnement.\",\"breadcrumb\":{\"@id\":\"https:\\\/\\\/www.modula.eu\\\/fr\\\/blog\\\/chaine-dapprovisionnement-et-logistique-des-magasins-automatiques-verticaux-de-lorigine-dun-produit-a-sa-livraison\\\/#breadcrumb\"},\"inLanguage\":\"fr-FR\",\"potentialAction\":[{\"@type\":\"ReadAction\",\"target\":[\"https:\\\/\\\/www.modula.eu\\\/fr\\\/blog\\\/chaine-dapprovisionnement-et-logistique-des-magasins-automatiques-verticaux-de-lorigine-dun-produit-a-sa-livraison\\\/\"]}]},{\"@type\":\"ImageObject\",\"inLanguage\":\"fr-FR\",\"@id\":\"https:\\\/\\\/www.modula.eu\\\/fr\\\/blog\\\/chaine-dapprovisionnement-et-logistique-des-magasins-automatiques-verticaux-de-lorigine-dun-produit-a-sa-livraison\\\/#primaryimage\",\"url\":\"https:\\\/\\\/www.modula.eu\\\/wp-content\\\/uploads\\\/2022\\\/06\\\/Supp-y-Chain-e-logistica-del-magazzino.jpeg\",\"contentUrl\":\"https:\\\/\\\/www.modula.eu\\\/wp-content\\\/uploads\\\/2022\\\/06\\\/Supp-y-Chain-e-logistica-del-magazzino.jpeg\",\"width\":841,\"height\":440},{\"@type\":\"BreadcrumbList\",\"@id\":\"https:\\\/\\\/www.modula.eu\\\/fr\\\/blog\\\/chaine-dapprovisionnement-et-logistique-des-magasins-automatiques-verticaux-de-lorigine-dun-produit-a-sa-livraison\\\/#breadcrumb\",\"itemListElement\":[{\"@type\":\"ListItem\",\"position\":1,\"name\":\"Home\",\"item\":\"https:\\\/\\\/www.modula.eu\\\/fr\\\/\"},{\"@type\":\"ListItem\",\"position\":2,\"name\":\"Entrep\u00f4ts automatiques\",\"item\":\"https:\\\/\\\/www.modula.eu\\\/fr\\\/blog\\\/entrepots-automatiques\\\/\"},{\"@type\":\"ListItem\",\"position\":3,\"name\":\"Cha\u00eene d\u2019approvisionnement et logistique des magasins automatiques verticaux : de l\u2019origine d\u2019un produit \u00e0 sa livraison\"}]},{\"@type\":\"WebSite\",\"@id\":\"https:\\\/\\\/www.modula.eu\\\/fr\\\/#website\",\"url\":\"https:\\\/\\\/www.modula.eu\\\/fr\\\/\",\"name\":\"Modula S.p.A.\",\"description\":\"Think Vertical\",\"publisher\":{\"@id\":\"https:\\\/\\\/www.modula.eu\\\/fr\\\/#organization\"},\"potentialAction\":[{\"@type\":\"SearchAction\",\"target\":{\"@type\":\"EntryPoint\",\"urlTemplate\":\"https:\\\/\\\/www.modula.eu\\\/fr\\\/?s={search_term_string}\"},\"query-input\":{\"@type\":\"PropertyValueSpecification\",\"valueRequired\":true,\"valueName\":\"search_term_string\"}}],\"inLanguage\":\"fr-FR\"},{\"@type\":\"Person\",\"@id\":\"https:\\\/\\\/www.modula.eu\\\/fr\\\/#\\\/schema\\\/person\\\/7c5b83a68cf511134b5990861dad5936\",\"name\":\"bznadmin\",\"sameAs\":[\"https:\\\/\\\/www.modula.eu\"]}]}<\/script>\n<!-- \/ Yoast SEO plugin. -->","yoast_head_json":{"title":"Cha\u00eene d'approvisionnement et logistique des magasins automatiques verticaux : de l'origine d'un produit \u00e0 sa livraison | Modula","description":"Par cha\u00eene d'approvisionnement, ou cha\u00eene de distribution, nous entendons le processus qui vise \u00e0 transf\u00e9rer un certain produit ou service du fournisseur au client. C'est un processus tr\u00e8s long qui implique plusieurs acteurs et qui se compose de nombreuses phases, parmi les plus critiques il y a certainement la logistique de l'entrep\u00f4t, c'est-\u00e0-dire l'ensemble d'activit\u00e9s strat\u00e9giques et organisationnelles qui permettent de mieux g\u00e9rer certaines des phases de cette cha\u00eene d'approvisionnement.","robots":{"index":"index","follow":"follow","max-snippet":"max-snippet:-1","max-image-preview":"max-image-preview:large","max-video-preview":"max-video-preview:-1"},"canonical":"https:\/\/www.modula.eu\/fr\/blog\/chaine-dapprovisionnement-et-logistique-des-magasins-automatiques-verticaux-de-lorigine-dun-produit-a-sa-livraison\/","og_locale":"fr_FR","og_type":"article","og_title":"Cha\u00eene d'approvisionnement et logistique des magasins automatiques verticaux : de l'origine d'un produit \u00e0 sa livraison | Modula","og_description":"Par cha\u00eene d'approvisionnement, ou cha\u00eene de distribution, nous entendons le processus qui vise \u00e0 transf\u00e9rer un certain produit ou service du fournisseur au client. C'est un processus tr\u00e8s long qui implique plusieurs acteurs et qui se compose de nombreuses phases, parmi les plus critiques il y a certainement la logistique de l'entrep\u00f4t, c'est-\u00e0-dire l'ensemble d'activit\u00e9s strat\u00e9giques et organisationnelles qui permettent de mieux g\u00e9rer certaines des phases de cette cha\u00eene d'approvisionnement.","og_url":"https:\/\/www.modula.eu\/fr\/blog\/chaine-dapprovisionnement-et-logistique-des-magasins-automatiques-verticaux-de-lorigine-dun-produit-a-sa-livraison\/","og_site_name":"Modula","article_published_time":"2019-12-05T13:49:03+00:00","article_modified_time":"2023-04-19T07:46:10+00:00","og_image":[{"width":841,"height":440,"url":"https:\/\/www.modula.eu\/wp-content\/uploads\/2022\/06\/Supp-y-Chain-e-logistica-del-magazzino.jpeg","type":"image\/jpeg"}],"author":"bznadmin","twitter_card":"summary_large_image","twitter_misc":{"\u00c9crit par":"bznadmin"},"schema":{"@context":"https:\/\/schema.org","@graph":[{"@type":"BlogPosting","@id":"https:\/\/www.modula.eu\/fr\/blog\/chaine-dapprovisionnement-et-logistique-des-magasins-automatiques-verticaux-de-lorigine-dun-produit-a-sa-livraison\/#article","isPartOf":{"@id":"https:\/\/www.modula.eu\/fr\/blog\/chaine-dapprovisionnement-et-logistique-des-magasins-automatiques-verticaux-de-lorigine-dun-produit-a-sa-livraison\/"},"author":{"name":"bznadmin","@id":"https:\/\/www.modula.eu\/fr\/#\/schema\/person\/7c5b83a68cf511134b5990861dad5936"},"headline":"Cha\u00eene d\u2019approvisionnement et logistique des magasins automatiques verticaux : de l\u2019origine d\u2019un produit \u00e0 sa livraison","datePublished":"2019-12-05T13:49:03+00:00","dateModified":"2023-04-19T07:46:10+00:00","mainEntityOfPage":{"@id":"https:\/\/www.modula.eu\/fr\/blog\/chaine-dapprovisionnement-et-logistique-des-magasins-automatiques-verticaux-de-lorigine-dun-produit-a-sa-livraison\/"},"wordCount":18,"commentCount":0,"publisher":{"@id":"https:\/\/www.modula.eu\/fr\/#organization"},"image":{"@id":"https:\/\/www.modula.eu\/fr\/blog\/chaine-dapprovisionnement-et-logistique-des-magasins-automatiques-verticaux-de-lorigine-dun-produit-a-sa-livraison\/#primaryimage"},"thumbnailUrl":"https:\/\/www.modula.eu\/wp-content\/uploads\/2022\/06\/Supp-y-Chain-e-logistica-del-magazzino.jpeg","articleSection":["Entrep\u00f4ts automatiques"],"inLanguage":"fr-FR","potentialAction":[{"@type":"CommentAction","name":"Comment","target":["https:\/\/www.modula.eu\/fr\/blog\/chaine-dapprovisionnement-et-logistique-des-magasins-automatiques-verticaux-de-lorigine-dun-produit-a-sa-livraison\/#respond"]}]},{"@type":"WebPage","@id":"https:\/\/www.modula.eu\/fr\/blog\/chaine-dapprovisionnement-et-logistique-des-magasins-automatiques-verticaux-de-lorigine-dun-produit-a-sa-livraison\/","url":"https:\/\/www.modula.eu\/fr\/blog\/chaine-dapprovisionnement-et-logistique-des-magasins-automatiques-verticaux-de-lorigine-dun-produit-a-sa-livraison\/","name":"Cha\u00eene d'approvisionnement et logistique des magasins automatiques verticaux : de l'origine d'un produit \u00e0 sa livraison | Modula","isPartOf":{"@id":"https:\/\/www.modula.eu\/fr\/#website"},"primaryImageOfPage":{"@id":"https:\/\/www.modula.eu\/fr\/blog\/chaine-dapprovisionnement-et-logistique-des-magasins-automatiques-verticaux-de-lorigine-dun-produit-a-sa-livraison\/#primaryimage"},"image":{"@id":"https:\/\/www.modula.eu\/fr\/blog\/chaine-dapprovisionnement-et-logistique-des-magasins-automatiques-verticaux-de-lorigine-dun-produit-a-sa-livraison\/#primaryimage"},"thumbnailUrl":"https:\/\/www.modula.eu\/wp-content\/uploads\/2022\/06\/Supp-y-Chain-e-logistica-del-magazzino.jpeg","datePublished":"2019-12-05T13:49:03+00:00","dateModified":"2023-04-19T07:46:10+00:00","description":"Par cha\u00eene d'approvisionnement, ou cha\u00eene de distribution, nous entendons le processus qui vise \u00e0 transf\u00e9rer un certain produit ou service du fournisseur au client. C'est un processus tr\u00e8s long qui implique plusieurs acteurs et qui se compose de nombreuses phases, parmi les plus critiques il y a certainement la logistique de l'entrep\u00f4t, c'est-\u00e0-dire l'ensemble d'activit\u00e9s strat\u00e9giques et organisationnelles qui permettent de mieux g\u00e9rer certaines des phases de cette cha\u00eene d'approvisionnement.","breadcrumb":{"@id":"https:\/\/www.modula.eu\/fr\/blog\/chaine-dapprovisionnement-et-logistique-des-magasins-automatiques-verticaux-de-lorigine-dun-produit-a-sa-livraison\/#breadcrumb"},"inLanguage":"fr-FR","potentialAction":[{"@type":"ReadAction","target":["https:\/\/www.modula.eu\/fr\/blog\/chaine-dapprovisionnement-et-logistique-des-magasins-automatiques-verticaux-de-lorigine-dun-produit-a-sa-livraison\/"]}]},{"@type":"ImageObject","inLanguage":"fr-FR","@id":"https:\/\/www.modula.eu\/fr\/blog\/chaine-dapprovisionnement-et-logistique-des-magasins-automatiques-verticaux-de-lorigine-dun-produit-a-sa-livraison\/#primaryimage","url":"https:\/\/www.modula.eu\/wp-content\/uploads\/2022\/06\/Supp-y-Chain-e-logistica-del-magazzino.jpeg","contentUrl":"https:\/\/www.modula.eu\/wp-content\/uploads\/2022\/06\/Supp-y-Chain-e-logistica-del-magazzino.jpeg","width":841,"height":440},{"@type":"BreadcrumbList","@id":"https:\/\/www.modula.eu\/fr\/blog\/chaine-dapprovisionnement-et-logistique-des-magasins-automatiques-verticaux-de-lorigine-dun-produit-a-sa-livraison\/#breadcrumb","itemListElement":[{"@type":"ListItem","position":1,"name":"Home","item":"https:\/\/www.modula.eu\/fr\/"},{"@type":"ListItem","position":2,"name":"Entrep\u00f4ts automatiques","item":"https:\/\/www.modula.eu\/fr\/blog\/entrepots-automatiques\/"},{"@type":"ListItem","position":3,"name":"Cha\u00eene d\u2019approvisionnement et logistique des magasins automatiques verticaux : de l\u2019origine d\u2019un produit \u00e0 sa livraison"}]},{"@type":"WebSite","@id":"https:\/\/www.modula.eu\/fr\/#website","url":"https:\/\/www.modula.eu\/fr\/","name":"Modula S.p.A.","description":"Think Vertical","publisher":{"@id":"https:\/\/www.modula.eu\/fr\/#organization"},"potentialAction":[{"@type":"SearchAction","target":{"@type":"EntryPoint","urlTemplate":"https:\/\/www.modula.eu\/fr\/?s={search_term_string}"},"query-input":{"@type":"PropertyValueSpecification","valueRequired":true,"valueName":"search_term_string"}}],"inLanguage":"fr-FR"},{"@type":"Person","@id":"https:\/\/www.modula.eu\/fr\/#\/schema\/person\/7c5b83a68cf511134b5990861dad5936","name":"bznadmin","sameAs":["https:\/\/www.modula.eu"]}]}},"permalink_manager":null,"_links":{"self":[{"href":"https:\/\/www.modula.eu\/fr\/wp-json\/wp\/v2\/posts\/7530","targetHints":{"allow":["GET"]}}],"collection":[{"href":"https:\/\/www.modula.eu\/fr\/wp-json\/wp\/v2\/posts"}],"about":[{"href":"https:\/\/www.modula.eu\/fr\/wp-json\/wp\/v2\/types\/post"}],"author":[{"embeddable":true,"href":"https:\/\/www.modula.eu\/fr\/wp-json\/wp\/v2\/users\/1"}],"replies":[{"embeddable":true,"href":"https:\/\/www.modula.eu\/fr\/wp-json\/wp\/v2\/comments?post=7530"}],"version-history":[{"count":0,"href":"https:\/\/www.modula.eu\/fr\/wp-json\/wp\/v2\/posts\/7530\/revisions"}],"wp:featuredmedia":[{"embeddable":true,"href":"https:\/\/www.modula.eu\/fr\/wp-json\/wp\/v2\/media\/6311"}],"wp:attachment":[{"href":"https:\/\/www.modula.eu\/fr\/wp-json\/wp\/v2\/media?parent=7530"}],"wp:term":[{"taxonomy":"category","embeddable":true,"href":"https:\/\/www.modula.eu\/fr\/wp-json\/wp\/v2\/categories?post=7530"},{"taxonomy":"post_tag","embeddable":true,"href":"https:\/\/www.modula.eu\/fr\/wp-json\/wp\/v2\/tags?post=7530"}],"curies":[{"name":"wp","href":"https:\/\/api.w.org\/{rel}","templated":true}]}}