{"id":7561,"date":"2019-05-13T09:07:04","date_gmt":"2019-05-13T07:07:04","guid":{"rendered":"https:\/\/www.modula.eu\/non-classifiee\/riorganizzare-il-magazzino-per-migliorarne-le-prestazioni-logistiche\/"},"modified":"2025-03-13T16:19:48","modified_gmt":"2025-03-13T15:19:48","slug":"reorganiser-lentrepot-pour-ameliorer-ses-performances-logistiques","status":"publish","type":"post","link":"https:\/\/www.modula.eu\/fr\/blog\/reorganiser-lentrepot-pour-ameliorer-ses-performances-logistiques\/","title":{"rendered":"R\u00e9organiser l\u2019entrep\u00f4t pour am\u00e9liorer ses performances logistiques"},"content":{"rendered":"","protected":false},"excerpt":{"rendered":"","protected":false},"author":1,"featured_media":6281,"comment_status":"open","ping_status":"closed","sticky":false,"template":"","format":"standard","meta":{"_acf_changed":false,"inline_featured_image":false,"footnotes":""},"categories":[54],"tags":[],"class_list":["post-7561","post","type-post","status-publish","format-standard","has-post-thumbnail","hentry","category-entrepots-automatiques"],"acf":[],"yoast_head":"<!-- This site is optimized with the Yoast SEO plugin v28.3 - https:\/\/yoast.com\/product\/yoast-seo-wordpress\/ -->\n<title>R\u00e9organiser l\u2019entrep\u00f4t pour am\u00e9liorer ses performances logistiques | Modula<\/title>\n<meta name=\"description\" content=\"Qu\u2019il s\u2019agisse d\u2019un espace d\u00e9di\u00e9 au stockage de mati\u00e8res premi\u00e8res, de produits semi-finis ou finis, l\u2019entrep\u00f4t ne remplit pas seulement la simple fonction de stockage de marchandises et, contrairement \u00e0 ce que l\u2019on pourrait croire, peut jouer un r\u00f4le v\u00e9ritablement crucial pour le bon fonctionnement de l\u2019ensemble de l\u2019entreprise.\" \/>\n<meta name=\"robots\" content=\"index, follow, max-snippet:-1, max-image-preview:large, max-video-preview:-1\" \/>\n<link rel=\"canonical\" href=\"https:\/\/www.modula.eu\/fr\/blog\/reorganiser-lentrepot-pour-ameliorer-ses-performances-logistiques\/\" \/>\n<meta property=\"og:locale\" content=\"fr_FR\" \/>\n<meta property=\"og:type\" content=\"article\" \/>\n<meta property=\"og:title\" content=\"R\u00e9organiser l\u2019entrep\u00f4t pour am\u00e9liorer ses performances logistiques | Modula\" \/>\n<meta property=\"og:description\" content=\"Qu\u2019il s\u2019agisse d\u2019un espace d\u00e9di\u00e9 au stockage de mati\u00e8res premi\u00e8res, de produits semi-finis ou finis, l\u2019entrep\u00f4t ne remplit pas seulement la simple fonction de stockage de marchandises et, contrairement \u00e0 ce que l\u2019on pourrait croire, peut jouer un r\u00f4le v\u00e9ritablement crucial pour le bon fonctionnement de l\u2019ensemble de l\u2019entreprise.\" \/>\n<meta property=\"og:url\" content=\"https:\/\/www.modula.eu\/fr\/blog\/reorganiser-lentrepot-pour-ameliorer-ses-performances-logistiques\/\" \/>\n<meta property=\"og:site_name\" content=\"Modula\" \/>\n<meta property=\"article:published_time\" content=\"2019-05-13T07:07:04+00:00\" \/>\n<meta property=\"article:modified_time\" content=\"2025-03-13T15:19:48+00:00\" \/>\n<meta property=\"og:image\" content=\"https:\/\/www.modula.eu\/wp-content\/uploads\/2022\/06\/riorganizzare-magazzino-migliorarne-prestazioni-logistiche-cop.jpeg\" \/>\n\t<meta property=\"og:image:width\" content=\"841\" \/>\n\t<meta property=\"og:image:height\" content=\"440\" \/>\n\t<meta property=\"og:image:type\" content=\"image\/jpeg\" \/>\n<meta name=\"author\" content=\"bznadmin\" \/>\n<meta name=\"twitter:card\" content=\"summary_large_image\" \/>\n<meta name=\"twitter:label1\" content=\"\u00c9crit par\" \/>\n\t<meta name=\"twitter:data1\" content=\"bznadmin\" \/>\n<script type=\"application\/ld+json\" class=\"yoast-schema-graph\">{\"@context\":\"https:\\\/\\\/schema.org\",\"@graph\":[{\"@type\":\"BlogPosting\",\"@id\":\"https:\\\/\\\/www.modula.eu\\\/fr\\\/blog\\\/reorganiser-lentrepot-pour-ameliorer-ses-performances-logistiques\\\/#article\",\"isPartOf\":{\"@id\":\"https:\\\/\\\/www.modula.eu\\\/fr\\\/blog\\\/reorganiser-lentrepot-pour-ameliorer-ses-performances-logistiques\\\/\"},\"author\":{\"name\":\"bznadmin\",\"@id\":\"https:\\\/\\\/www.modula.eu\\\/fr\\\/#\\\/schema\\\/person\\\/7c5b83a68cf511134b5990861dad5936\"},\"headline\":\"R\u00e9organiser l\u2019entrep\u00f4t pour am\u00e9liorer ses performances logistiques\",\"datePublished\":\"2019-05-13T07:07:04+00:00\",\"dateModified\":\"2025-03-13T15:19:48+00:00\",\"mainEntityOfPage\":{\"@id\":\"https:\\\/\\\/www.modula.eu\\\/fr\\\/blog\\\/reorganiser-lentrepot-pour-ameliorer-ses-performances-logistiques\\\/\"},\"wordCount\":11,\"commentCount\":0,\"publisher\":{\"@id\":\"https:\\\/\\\/www.modula.eu\\\/fr\\\/#organization\"},\"image\":{\"@id\":\"https:\\\/\\\/www.modula.eu\\\/fr\\\/blog\\\/reorganiser-lentrepot-pour-ameliorer-ses-performances-logistiques\\\/#primaryimage\"},\"thumbnailUrl\":\"https:\\\/\\\/www.modula.eu\\\/wp-content\\\/uploads\\\/2022\\\/06\\\/riorganizzare-magazzino-migliorarne-prestazioni-logistiche-cop.jpeg\",\"articleSection\":[\"Entrep\u00f4ts automatiques\"],\"inLanguage\":\"fr-FR\",\"potentialAction\":[{\"@type\":\"CommentAction\",\"name\":\"Comment\",\"target\":[\"https:\\\/\\\/www.modula.eu\\\/fr\\\/blog\\\/reorganiser-lentrepot-pour-ameliorer-ses-performances-logistiques\\\/#respond\"]}]},{\"@type\":\"WebPage\",\"@id\":\"https:\\\/\\\/www.modula.eu\\\/fr\\\/blog\\\/reorganiser-lentrepot-pour-ameliorer-ses-performances-logistiques\\\/\",\"url\":\"https:\\\/\\\/www.modula.eu\\\/fr\\\/blog\\\/reorganiser-lentrepot-pour-ameliorer-ses-performances-logistiques\\\/\",\"name\":\"R\u00e9organiser l\u2019entrep\u00f4t pour am\u00e9liorer ses performances logistiques | Modula\",\"isPartOf\":{\"@id\":\"https:\\\/\\\/www.modula.eu\\\/fr\\\/#website\"},\"primaryImageOfPage\":{\"@id\":\"https:\\\/\\\/www.modula.eu\\\/fr\\\/blog\\\/reorganiser-lentrepot-pour-ameliorer-ses-performances-logistiques\\\/#primaryimage\"},\"image\":{\"@id\":\"https:\\\/\\\/www.modula.eu\\\/fr\\\/blog\\\/reorganiser-lentrepot-pour-ameliorer-ses-performances-logistiques\\\/#primaryimage\"},\"thumbnailUrl\":\"https:\\\/\\\/www.modula.eu\\\/wp-content\\\/uploads\\\/2022\\\/06\\\/riorganizzare-magazzino-migliorarne-prestazioni-logistiche-cop.jpeg\",\"datePublished\":\"2019-05-13T07:07:04+00:00\",\"dateModified\":\"2025-03-13T15:19:48+00:00\",\"description\":\"Qu\u2019il s\u2019agisse d\u2019un espace d\u00e9di\u00e9 au stockage de mati\u00e8res premi\u00e8res, de produits semi-finis ou finis, l\u2019entrep\u00f4t ne remplit pas seulement la simple fonction de stockage de marchandises et, contrairement \u00e0 ce que l\u2019on pourrait croire, peut jouer un r\u00f4le v\u00e9ritablement crucial pour le bon fonctionnement de l\u2019ensemble de l\u2019entreprise.\",\"breadcrumb\":{\"@id\":\"https:\\\/\\\/www.modula.eu\\\/fr\\\/blog\\\/reorganiser-lentrepot-pour-ameliorer-ses-performances-logistiques\\\/#breadcrumb\"},\"inLanguage\":\"fr-FR\",\"potentialAction\":[{\"@type\":\"ReadAction\",\"target\":[\"https:\\\/\\\/www.modula.eu\\\/fr\\\/blog\\\/reorganiser-lentrepot-pour-ameliorer-ses-performances-logistiques\\\/\"]}]},{\"@type\":\"ImageObject\",\"inLanguage\":\"fr-FR\",\"@id\":\"https:\\\/\\\/www.modula.eu\\\/fr\\\/blog\\\/reorganiser-lentrepot-pour-ameliorer-ses-performances-logistiques\\\/#primaryimage\",\"url\":\"https:\\\/\\\/www.modula.eu\\\/wp-content\\\/uploads\\\/2022\\\/06\\\/riorganizzare-magazzino-migliorarne-prestazioni-logistiche-cop.jpeg\",\"contentUrl\":\"https:\\\/\\\/www.modula.eu\\\/wp-content\\\/uploads\\\/2022\\\/06\\\/riorganizzare-magazzino-migliorarne-prestazioni-logistiche-cop.jpeg\",\"width\":841,\"height\":440},{\"@type\":\"BreadcrumbList\",\"@id\":\"https:\\\/\\\/www.modula.eu\\\/fr\\\/blog\\\/reorganiser-lentrepot-pour-ameliorer-ses-performances-logistiques\\\/#breadcrumb\",\"itemListElement\":[{\"@type\":\"ListItem\",\"position\":1,\"name\":\"Home\",\"item\":\"https:\\\/\\\/www.modula.eu\\\/fr\\\/\"},{\"@type\":\"ListItem\",\"position\":2,\"name\":\"Entrep\u00f4ts automatiques\",\"item\":\"https:\\\/\\\/www.modula.eu\\\/fr\\\/blog\\\/entrepots-automatiques\\\/\"},{\"@type\":\"ListItem\",\"position\":3,\"name\":\"R\u00e9organiser l\u2019entrep\u00f4t pour am\u00e9liorer ses performances logistiques\"}]},{\"@type\":\"WebSite\",\"@id\":\"https:\\\/\\\/www.modula.eu\\\/fr\\\/#website\",\"url\":\"https:\\\/\\\/www.modula.eu\\\/fr\\\/\",\"name\":\"Modula S.p.A.\",\"description\":\"Think Vertical\",\"publisher\":{\"@id\":\"https:\\\/\\\/www.modula.eu\\\/fr\\\/#organization\"},\"potentialAction\":[{\"@type\":\"SearchAction\",\"target\":{\"@type\":\"EntryPoint\",\"urlTemplate\":\"https:\\\/\\\/www.modula.eu\\\/fr\\\/?s={search_term_string}\"},\"query-input\":{\"@type\":\"PropertyValueSpecification\",\"valueRequired\":true,\"valueName\":\"search_term_string\"}}],\"inLanguage\":\"fr-FR\"},{\"@type\":\"Person\",\"@id\":\"https:\\\/\\\/www.modula.eu\\\/fr\\\/#\\\/schema\\\/person\\\/7c5b83a68cf511134b5990861dad5936\",\"name\":\"bznadmin\",\"sameAs\":[\"https:\\\/\\\/www.modula.eu\"]}]}<\/script>\n<!-- \/ Yoast SEO plugin. -->","yoast_head_json":{"title":"R\u00e9organiser l\u2019entrep\u00f4t pour am\u00e9liorer ses performances logistiques | Modula","description":"Qu\u2019il s\u2019agisse d\u2019un espace d\u00e9di\u00e9 au stockage de mati\u00e8res premi\u00e8res, de produits semi-finis ou finis, l\u2019entrep\u00f4t ne remplit pas seulement la simple fonction de stockage de marchandises et, contrairement \u00e0 ce que l\u2019on pourrait croire, peut jouer un r\u00f4le v\u00e9ritablement crucial pour le bon fonctionnement de l\u2019ensemble de l\u2019entreprise.","robots":{"index":"index","follow":"follow","max-snippet":"max-snippet:-1","max-image-preview":"max-image-preview:large","max-video-preview":"max-video-preview:-1"},"canonical":"https:\/\/www.modula.eu\/fr\/blog\/reorganiser-lentrepot-pour-ameliorer-ses-performances-logistiques\/","og_locale":"fr_FR","og_type":"article","og_title":"R\u00e9organiser l\u2019entrep\u00f4t pour am\u00e9liorer ses performances logistiques | Modula","og_description":"Qu\u2019il s\u2019agisse d\u2019un espace d\u00e9di\u00e9 au stockage de mati\u00e8res premi\u00e8res, de produits semi-finis ou finis, l\u2019entrep\u00f4t ne remplit pas seulement la simple fonction de stockage de marchandises et, contrairement \u00e0 ce que l\u2019on pourrait croire, peut jouer un r\u00f4le v\u00e9ritablement crucial pour le bon fonctionnement de l\u2019ensemble de l\u2019entreprise.","og_url":"https:\/\/www.modula.eu\/fr\/blog\/reorganiser-lentrepot-pour-ameliorer-ses-performances-logistiques\/","og_site_name":"Modula","article_published_time":"2019-05-13T07:07:04+00:00","article_modified_time":"2025-03-13T15:19:48+00:00","og_image":[{"width":841,"height":440,"url":"https:\/\/www.modula.eu\/wp-content\/uploads\/2022\/06\/riorganizzare-magazzino-migliorarne-prestazioni-logistiche-cop.jpeg","type":"image\/jpeg"}],"author":"bznadmin","twitter_card":"summary_large_image","twitter_misc":{"\u00c9crit par":"bznadmin"},"schema":{"@context":"https:\/\/schema.org","@graph":[{"@type":"BlogPosting","@id":"https:\/\/www.modula.eu\/fr\/blog\/reorganiser-lentrepot-pour-ameliorer-ses-performances-logistiques\/#article","isPartOf":{"@id":"https:\/\/www.modula.eu\/fr\/blog\/reorganiser-lentrepot-pour-ameliorer-ses-performances-logistiques\/"},"author":{"name":"bznadmin","@id":"https:\/\/www.modula.eu\/fr\/#\/schema\/person\/7c5b83a68cf511134b5990861dad5936"},"headline":"R\u00e9organiser l\u2019entrep\u00f4t pour am\u00e9liorer ses performances logistiques","datePublished":"2019-05-13T07:07:04+00:00","dateModified":"2025-03-13T15:19:48+00:00","mainEntityOfPage":{"@id":"https:\/\/www.modula.eu\/fr\/blog\/reorganiser-lentrepot-pour-ameliorer-ses-performances-logistiques\/"},"wordCount":11,"commentCount":0,"publisher":{"@id":"https:\/\/www.modula.eu\/fr\/#organization"},"image":{"@id":"https:\/\/www.modula.eu\/fr\/blog\/reorganiser-lentrepot-pour-ameliorer-ses-performances-logistiques\/#primaryimage"},"thumbnailUrl":"https:\/\/www.modula.eu\/wp-content\/uploads\/2022\/06\/riorganizzare-magazzino-migliorarne-prestazioni-logistiche-cop.jpeg","articleSection":["Entrep\u00f4ts automatiques"],"inLanguage":"fr-FR","potentialAction":[{"@type":"CommentAction","name":"Comment","target":["https:\/\/www.modula.eu\/fr\/blog\/reorganiser-lentrepot-pour-ameliorer-ses-performances-logistiques\/#respond"]}]},{"@type":"WebPage","@id":"https:\/\/www.modula.eu\/fr\/blog\/reorganiser-lentrepot-pour-ameliorer-ses-performances-logistiques\/","url":"https:\/\/www.modula.eu\/fr\/blog\/reorganiser-lentrepot-pour-ameliorer-ses-performances-logistiques\/","name":"R\u00e9organiser l\u2019entrep\u00f4t pour am\u00e9liorer ses performances logistiques | Modula","isPartOf":{"@id":"https:\/\/www.modula.eu\/fr\/#website"},"primaryImageOfPage":{"@id":"https:\/\/www.modula.eu\/fr\/blog\/reorganiser-lentrepot-pour-ameliorer-ses-performances-logistiques\/#primaryimage"},"image":{"@id":"https:\/\/www.modula.eu\/fr\/blog\/reorganiser-lentrepot-pour-ameliorer-ses-performances-logistiques\/#primaryimage"},"thumbnailUrl":"https:\/\/www.modula.eu\/wp-content\/uploads\/2022\/06\/riorganizzare-magazzino-migliorarne-prestazioni-logistiche-cop.jpeg","datePublished":"2019-05-13T07:07:04+00:00","dateModified":"2025-03-13T15:19:48+00:00","description":"Qu\u2019il s\u2019agisse d\u2019un espace d\u00e9di\u00e9 au stockage de mati\u00e8res premi\u00e8res, de produits semi-finis ou finis, l\u2019entrep\u00f4t ne remplit pas seulement la simple fonction de stockage de marchandises et, contrairement \u00e0 ce que l\u2019on pourrait croire, peut jouer un r\u00f4le v\u00e9ritablement crucial pour le bon fonctionnement de l\u2019ensemble de l\u2019entreprise.","breadcrumb":{"@id":"https:\/\/www.modula.eu\/fr\/blog\/reorganiser-lentrepot-pour-ameliorer-ses-performances-logistiques\/#breadcrumb"},"inLanguage":"fr-FR","potentialAction":[{"@type":"ReadAction","target":["https:\/\/www.modula.eu\/fr\/blog\/reorganiser-lentrepot-pour-ameliorer-ses-performances-logistiques\/"]}]},{"@type":"ImageObject","inLanguage":"fr-FR","@id":"https:\/\/www.modula.eu\/fr\/blog\/reorganiser-lentrepot-pour-ameliorer-ses-performances-logistiques\/#primaryimage","url":"https:\/\/www.modula.eu\/wp-content\/uploads\/2022\/06\/riorganizzare-magazzino-migliorarne-prestazioni-logistiche-cop.jpeg","contentUrl":"https:\/\/www.modula.eu\/wp-content\/uploads\/2022\/06\/riorganizzare-magazzino-migliorarne-prestazioni-logistiche-cop.jpeg","width":841,"height":440},{"@type":"BreadcrumbList","@id":"https:\/\/www.modula.eu\/fr\/blog\/reorganiser-lentrepot-pour-ameliorer-ses-performances-logistiques\/#breadcrumb","itemListElement":[{"@type":"ListItem","position":1,"name":"Home","item":"https:\/\/www.modula.eu\/fr\/"},{"@type":"ListItem","position":2,"name":"Entrep\u00f4ts automatiques","item":"https:\/\/www.modula.eu\/fr\/blog\/entrepots-automatiques\/"},{"@type":"ListItem","position":3,"name":"R\u00e9organiser l\u2019entrep\u00f4t pour am\u00e9liorer ses performances logistiques"}]},{"@type":"WebSite","@id":"https:\/\/www.modula.eu\/fr\/#website","url":"https:\/\/www.modula.eu\/fr\/","name":"Modula S.p.A.","description":"Think Vertical","publisher":{"@id":"https:\/\/www.modula.eu\/fr\/#organization"},"potentialAction":[{"@type":"SearchAction","target":{"@type":"EntryPoint","urlTemplate":"https:\/\/www.modula.eu\/fr\/?s={search_term_string}"},"query-input":{"@type":"PropertyValueSpecification","valueRequired":true,"valueName":"search_term_string"}}],"inLanguage":"fr-FR"},{"@type":"Person","@id":"https:\/\/www.modula.eu\/fr\/#\/schema\/person\/7c5b83a68cf511134b5990861dad5936","name":"bznadmin","sameAs":["https:\/\/www.modula.eu"]}]}},"permalink_manager":null,"_links":{"self":[{"href":"https:\/\/www.modula.eu\/fr\/wp-json\/wp\/v2\/posts\/7561","targetHints":{"allow":["GET"]}}],"collection":[{"href":"https:\/\/www.modula.eu\/fr\/wp-json\/wp\/v2\/posts"}],"about":[{"href":"https:\/\/www.modula.eu\/fr\/wp-json\/wp\/v2\/types\/post"}],"author":[{"embeddable":true,"href":"https:\/\/www.modula.eu\/fr\/wp-json\/wp\/v2\/users\/1"}],"replies":[{"embeddable":true,"href":"https:\/\/www.modula.eu\/fr\/wp-json\/wp\/v2\/comments?post=7561"}],"version-history":[{"count":0,"href":"https:\/\/www.modula.eu\/fr\/wp-json\/wp\/v2\/posts\/7561\/revisions"}],"wp:featuredmedia":[{"embeddable":true,"href":"https:\/\/www.modula.eu\/fr\/wp-json\/wp\/v2\/media\/6281"}],"wp:attachment":[{"href":"https:\/\/www.modula.eu\/fr\/wp-json\/wp\/v2\/media?parent=7561"}],"wp:term":[{"taxonomy":"category","embeddable":true,"href":"https:\/\/www.modula.eu\/fr\/wp-json\/wp\/v2\/categories?post=7561"},{"taxonomy":"post_tag","embeddable":true,"href":"https:\/\/www.modula.eu\/fr\/wp-json\/wp\/v2\/tags?post=7561"}],"curies":[{"name":"wp","href":"https:\/\/api.w.org\/{rel}","templated":true}]}}