{"id":7619,"date":"2018-05-22T15:55:04","date_gmt":"2018-05-22T14:55:04","guid":{"rendered":"https:\/\/www.modula.eu\/non-classifiee\/utilizzare-i-magazzini-verticali-modula-per-stoccare-i-ricambi-delle-macchine-agricole\/"},"modified":"2022-10-21T09:26:25","modified_gmt":"2022-10-21T08:26:25","slug":"utiliser-les-magasins-verticaux-modula-pour-stocker-les-pieces-de-rechange-des-machines-agricoles","status":"publish","type":"post","link":"https:\/\/www.modula.eu\/fr\/blog\/utiliser-les-magasins-verticaux-modula-pour-stocker-les-pieces-de-rechange-des-machines-agricoles\/","title":{"rendered":"Utiliser les magasins verticaux Modula pour stocker les pi\u00e8ces de rechange des machines agricoles"},"content":{"rendered":"","protected":false},"excerpt":{"rendered":"","protected":false},"author":1,"featured_media":6351,"comment_status":"open","ping_status":"open","sticky":false,"template":"","format":"standard","meta":{"_acf_changed":false,"inline_featured_image":false,"footnotes":""},"categories":[51],"tags":[],"class_list":["post-7619","post","type-post","status-publish","format-standard","has-post-thumbnail","hentry","category-applications"],"acf":[],"yoast_head":"<!-- This site is optimized with the Yoast SEO plugin v27.4 - https:\/\/yoast.com\/product\/yoast-seo-wordpress\/ -->\n<title>Utiliser les magasins verticaux Modula pour stocker les pi\u00e8ces de rechange des machines agricoles | Modula<\/title>\n<meta name=\"description\" content=\"La rapidit\u00e9 de l\u2019entretien dans ce secteur joue un r\u00f4le hautement strat\u00e9gique : la nature n\u2019attend pas et le travail du sol doit \u00eatre effectu\u00e9 aux bons moments et lorsque le climat le permet. C\u2019est pourquoi les temps d\u2019arr\u00eat sont un probl\u00e8me tr\u00e8s s\u00e9rieux, surtout pendant les saisons de pointe.\" \/>\n<meta name=\"robots\" content=\"index, follow, max-snippet:-1, max-image-preview:large, max-video-preview:-1\" \/>\n<link rel=\"canonical\" href=\"https:\/\/www.modula.eu\/fr\/blog\/utiliser-les-magasins-verticaux-modula-pour-stocker-les-pieces-de-rechange-des-machines-agricoles\/\" \/>\n<meta property=\"og:locale\" content=\"fr_FR\" \/>\n<meta property=\"og:type\" content=\"article\" \/>\n<meta property=\"og:title\" content=\"Utiliser les magasins verticaux Modula pour stocker les pi\u00e8ces de rechange des machines agricoles | Modula\" \/>\n<meta property=\"og:description\" content=\"La rapidit\u00e9 de l\u2019entretien dans ce secteur joue un r\u00f4le hautement strat\u00e9gique : la nature n\u2019attend pas et le travail du sol doit \u00eatre effectu\u00e9 aux bons moments et lorsque le climat le permet. C\u2019est pourquoi les temps d\u2019arr\u00eat sont un probl\u00e8me tr\u00e8s s\u00e9rieux, surtout pendant les saisons de pointe.\" \/>\n<meta property=\"og:url\" content=\"https:\/\/www.modula.eu\/fr\/blog\/utiliser-les-magasins-verticaux-modula-pour-stocker-les-pieces-de-rechange-des-machines-agricoles\/\" \/>\n<meta property=\"og:site_name\" content=\"Modula\" \/>\n<meta property=\"article:published_time\" content=\"2018-05-22T14:55:04+00:00\" \/>\n<meta property=\"article:modified_time\" content=\"2022-10-21T08:26:25+00:00\" \/>\n<meta property=\"og:image\" content=\"https:\/\/www.modula.eu\/wp-content\/uploads\/2022\/06\/utilizzare-i-magazzini-verticali-modula-per-stoccare-i-ricambi-delle-macchine-agricole.jpeg\" \/>\n\t<meta property=\"og:image:width\" content=\"850\" \/>\n\t<meta property=\"og:image:height\" content=\"450\" \/>\n\t<meta property=\"og:image:type\" content=\"image\/jpeg\" \/>\n<meta name=\"author\" content=\"bznadmin\" \/>\n<meta name=\"twitter:card\" content=\"summary_large_image\" \/>\n<meta name=\"twitter:label1\" content=\"\u00c9crit par\" \/>\n\t<meta name=\"twitter:data1\" content=\"bznadmin\" \/>\n<script type=\"application\/ld+json\" class=\"yoast-schema-graph\">{\"@context\":\"https:\\\/\\\/schema.org\",\"@graph\":[{\"@type\":\"Article\",\"@id\":\"https:\\\/\\\/www.modula.eu\\\/fr\\\/blog\\\/utiliser-les-magasins-verticaux-modula-pour-stocker-les-pieces-de-rechange-des-machines-agricoles\\\/#article\",\"isPartOf\":{\"@id\":\"https:\\\/\\\/www.modula.eu\\\/fr\\\/blog\\\/utiliser-les-magasins-verticaux-modula-pour-stocker-les-pieces-de-rechange-des-machines-agricoles\\\/\"},\"author\":{\"name\":\"bznadmin\",\"@id\":\"https:\\\/\\\/www.modula.eu\\\/fr\\\/#\\\/schema\\\/person\\\/7c5b83a68cf511134b5990861dad5936\"},\"headline\":\"Utiliser les magasins verticaux Modula pour stocker les pi\u00e8ces de rechange des machines agricoles\",\"datePublished\":\"2018-05-22T14:55:04+00:00\",\"dateModified\":\"2022-10-21T08:26:25+00:00\",\"mainEntityOfPage\":{\"@id\":\"https:\\\/\\\/www.modula.eu\\\/fr\\\/blog\\\/utiliser-les-magasins-verticaux-modula-pour-stocker-les-pieces-de-rechange-des-machines-agricoles\\\/\"},\"wordCount\":15,\"commentCount\":0,\"publisher\":{\"@id\":\"https:\\\/\\\/www.modula.eu\\\/fr\\\/#organization\"},\"image\":{\"@id\":\"https:\\\/\\\/www.modula.eu\\\/fr\\\/blog\\\/utiliser-les-magasins-verticaux-modula-pour-stocker-les-pieces-de-rechange-des-machines-agricoles\\\/#primaryimage\"},\"thumbnailUrl\":\"https:\\\/\\\/www.modula.eu\\\/wp-content\\\/uploads\\\/2022\\\/06\\\/utilizzare-i-magazzini-verticali-modula-per-stoccare-i-ricambi-delle-macchine-agricole.jpeg\",\"articleSection\":[\"Applications\"],\"inLanguage\":\"fr-FR\",\"potentialAction\":[{\"@type\":\"CommentAction\",\"name\":\"Comment\",\"target\":[\"https:\\\/\\\/www.modula.eu\\\/fr\\\/blog\\\/utiliser-les-magasins-verticaux-modula-pour-stocker-les-pieces-de-rechange-des-machines-agricoles\\\/#respond\"]}]},{\"@type\":\"WebPage\",\"@id\":\"https:\\\/\\\/www.modula.eu\\\/fr\\\/blog\\\/utiliser-les-magasins-verticaux-modula-pour-stocker-les-pieces-de-rechange-des-machines-agricoles\\\/\",\"url\":\"https:\\\/\\\/www.modula.eu\\\/fr\\\/blog\\\/utiliser-les-magasins-verticaux-modula-pour-stocker-les-pieces-de-rechange-des-machines-agricoles\\\/\",\"name\":\"Utiliser les magasins verticaux Modula pour stocker les pi\u00e8ces de rechange des machines agricoles | Modula\",\"isPartOf\":{\"@id\":\"https:\\\/\\\/www.modula.eu\\\/fr\\\/#website\"},\"primaryImageOfPage\":{\"@id\":\"https:\\\/\\\/www.modula.eu\\\/fr\\\/blog\\\/utiliser-les-magasins-verticaux-modula-pour-stocker-les-pieces-de-rechange-des-machines-agricoles\\\/#primaryimage\"},\"image\":{\"@id\":\"https:\\\/\\\/www.modula.eu\\\/fr\\\/blog\\\/utiliser-les-magasins-verticaux-modula-pour-stocker-les-pieces-de-rechange-des-machines-agricoles\\\/#primaryimage\"},\"thumbnailUrl\":\"https:\\\/\\\/www.modula.eu\\\/wp-content\\\/uploads\\\/2022\\\/06\\\/utilizzare-i-magazzini-verticali-modula-per-stoccare-i-ricambi-delle-macchine-agricole.jpeg\",\"datePublished\":\"2018-05-22T14:55:04+00:00\",\"dateModified\":\"2022-10-21T08:26:25+00:00\",\"description\":\"La rapidit\u00e9 de l\u2019entretien dans ce secteur joue un r\u00f4le hautement strat\u00e9gique : la nature n\u2019attend pas et le travail du sol doit \u00eatre effectu\u00e9 aux bons moments et lorsque le climat le permet. C\u2019est pourquoi les temps d\u2019arr\u00eat sont un probl\u00e8me tr\u00e8s s\u00e9rieux, surtout pendant les saisons de pointe.\",\"breadcrumb\":{\"@id\":\"https:\\\/\\\/www.modula.eu\\\/fr\\\/blog\\\/utiliser-les-magasins-verticaux-modula-pour-stocker-les-pieces-de-rechange-des-machines-agricoles\\\/#breadcrumb\"},\"inLanguage\":\"fr-FR\",\"potentialAction\":[{\"@type\":\"ReadAction\",\"target\":[\"https:\\\/\\\/www.modula.eu\\\/fr\\\/blog\\\/utiliser-les-magasins-verticaux-modula-pour-stocker-les-pieces-de-rechange-des-machines-agricoles\\\/\"]}]},{\"@type\":\"ImageObject\",\"inLanguage\":\"fr-FR\",\"@id\":\"https:\\\/\\\/www.modula.eu\\\/fr\\\/blog\\\/utiliser-les-magasins-verticaux-modula-pour-stocker-les-pieces-de-rechange-des-machines-agricoles\\\/#primaryimage\",\"url\":\"https:\\\/\\\/www.modula.eu\\\/wp-content\\\/uploads\\\/2022\\\/06\\\/utilizzare-i-magazzini-verticali-modula-per-stoccare-i-ricambi-delle-macchine-agricole.jpeg\",\"contentUrl\":\"https:\\\/\\\/www.modula.eu\\\/wp-content\\\/uploads\\\/2022\\\/06\\\/utilizzare-i-magazzini-verticali-modula-per-stoccare-i-ricambi-delle-macchine-agricole.jpeg\",\"width\":850,\"height\":450},{\"@type\":\"BreadcrumbList\",\"@id\":\"https:\\\/\\\/www.modula.eu\\\/fr\\\/blog\\\/utiliser-les-magasins-verticaux-modula-pour-stocker-les-pieces-de-rechange-des-machines-agricoles\\\/#breadcrumb\",\"itemListElement\":[{\"@type\":\"ListItem\",\"position\":1,\"name\":\"Home\",\"item\":\"https:\\\/\\\/www.modula.eu\\\/fr\\\/\"},{\"@type\":\"ListItem\",\"position\":2,\"name\":\"Applications\",\"item\":\"https:\\\/\\\/www.modula.eu\\\/fr\\\/blog\\\/applications\\\/\"},{\"@type\":\"ListItem\",\"position\":3,\"name\":\"Utiliser les magasins verticaux Modula pour stocker les pi\u00e8ces de rechange des machines agricoles\"}]},{\"@type\":\"WebSite\",\"@id\":\"https:\\\/\\\/www.modula.eu\\\/fr\\\/#website\",\"url\":\"https:\\\/\\\/www.modula.eu\\\/fr\\\/\",\"name\":\"Modula\",\"description\":\"Think Vertical\",\"publisher\":{\"@id\":\"https:\\\/\\\/www.modula.eu\\\/fr\\\/#organization\"},\"potentialAction\":[{\"@type\":\"SearchAction\",\"target\":{\"@type\":\"EntryPoint\",\"urlTemplate\":\"https:\\\/\\\/www.modula.eu\\\/fr\\\/?s={search_term_string}\"},\"query-input\":{\"@type\":\"PropertyValueSpecification\",\"valueRequired\":true,\"valueName\":\"search_term_string\"}}],\"inLanguage\":\"fr-FR\"},{\"@type\":\"Organization\",\"@id\":\"https:\\\/\\\/www.modula.eu\\\/fr\\\/#organization\",\"name\":\"Modula\",\"url\":\"https:\\\/\\\/www.modula.eu\\\/fr\\\/\",\"logo\":{\"@type\":\"ImageObject\",\"inLanguage\":\"fr-FR\",\"@id\":\"https:\\\/\\\/www.modula.eu\\\/fr\\\/#\\\/schema\\\/logo\\\/image\\\/\",\"url\":\"https:\\\/\\\/www.modula.eu\\\/wp-content\\\/uploads\\\/2022\\\/12\\\/Modula-logo.jpg\",\"contentUrl\":\"https:\\\/\\\/www.modula.eu\\\/wp-content\\\/uploads\\\/2022\\\/12\\\/Modula-logo.jpg\",\"width\":759,\"height\":512,\"caption\":\"Modula\"},\"image\":{\"@id\":\"https:\\\/\\\/www.modula.eu\\\/fr\\\/#\\\/schema\\\/logo\\\/image\\\/\"}},{\"@type\":\"Person\",\"@id\":\"https:\\\/\\\/www.modula.eu\\\/fr\\\/#\\\/schema\\\/person\\\/7c5b83a68cf511134b5990861dad5936\",\"name\":\"bznadmin\",\"sameAs\":[\"https:\\\/\\\/www.modula.eu\"]}]}<\/script>\n<!-- \/ Yoast SEO plugin. -->","yoast_head_json":{"title":"Utiliser les magasins verticaux Modula pour stocker les pi\u00e8ces de rechange des machines agricoles | Modula","description":"La rapidit\u00e9 de l\u2019entretien dans ce secteur joue un r\u00f4le hautement strat\u00e9gique : la nature n\u2019attend pas et le travail du sol doit \u00eatre effectu\u00e9 aux bons moments et lorsque le climat le permet. C\u2019est pourquoi les temps d\u2019arr\u00eat sont un probl\u00e8me tr\u00e8s s\u00e9rieux, surtout pendant les saisons de pointe.","robots":{"index":"index","follow":"follow","max-snippet":"max-snippet:-1","max-image-preview":"max-image-preview:large","max-video-preview":"max-video-preview:-1"},"canonical":"https:\/\/www.modula.eu\/fr\/blog\/utiliser-les-magasins-verticaux-modula-pour-stocker-les-pieces-de-rechange-des-machines-agricoles\/","og_locale":"fr_FR","og_type":"article","og_title":"Utiliser les magasins verticaux Modula pour stocker les pi\u00e8ces de rechange des machines agricoles | Modula","og_description":"La rapidit\u00e9 de l\u2019entretien dans ce secteur joue un r\u00f4le hautement strat\u00e9gique : la nature n\u2019attend pas et le travail du sol doit \u00eatre effectu\u00e9 aux bons moments et lorsque le climat le permet. C\u2019est pourquoi les temps d\u2019arr\u00eat sont un probl\u00e8me tr\u00e8s s\u00e9rieux, surtout pendant les saisons de pointe.","og_url":"https:\/\/www.modula.eu\/fr\/blog\/utiliser-les-magasins-verticaux-modula-pour-stocker-les-pieces-de-rechange-des-machines-agricoles\/","og_site_name":"Modula","article_published_time":"2018-05-22T14:55:04+00:00","article_modified_time":"2022-10-21T08:26:25+00:00","og_image":[{"width":850,"height":450,"url":"https:\/\/www.modula.eu\/wp-content\/uploads\/2022\/06\/utilizzare-i-magazzini-verticali-modula-per-stoccare-i-ricambi-delle-macchine-agricole.jpeg","type":"image\/jpeg"}],"author":"bznadmin","twitter_card":"summary_large_image","twitter_misc":{"\u00c9crit par":"bznadmin"},"schema":{"@context":"https:\/\/schema.org","@graph":[{"@type":"Article","@id":"https:\/\/www.modula.eu\/fr\/blog\/utiliser-les-magasins-verticaux-modula-pour-stocker-les-pieces-de-rechange-des-machines-agricoles\/#article","isPartOf":{"@id":"https:\/\/www.modula.eu\/fr\/blog\/utiliser-les-magasins-verticaux-modula-pour-stocker-les-pieces-de-rechange-des-machines-agricoles\/"},"author":{"name":"bznadmin","@id":"https:\/\/www.modula.eu\/fr\/#\/schema\/person\/7c5b83a68cf511134b5990861dad5936"},"headline":"Utiliser les magasins verticaux Modula pour stocker les pi\u00e8ces de rechange des machines agricoles","datePublished":"2018-05-22T14:55:04+00:00","dateModified":"2022-10-21T08:26:25+00:00","mainEntityOfPage":{"@id":"https:\/\/www.modula.eu\/fr\/blog\/utiliser-les-magasins-verticaux-modula-pour-stocker-les-pieces-de-rechange-des-machines-agricoles\/"},"wordCount":15,"commentCount":0,"publisher":{"@id":"https:\/\/www.modula.eu\/fr\/#organization"},"image":{"@id":"https:\/\/www.modula.eu\/fr\/blog\/utiliser-les-magasins-verticaux-modula-pour-stocker-les-pieces-de-rechange-des-machines-agricoles\/#primaryimage"},"thumbnailUrl":"https:\/\/www.modula.eu\/wp-content\/uploads\/2022\/06\/utilizzare-i-magazzini-verticali-modula-per-stoccare-i-ricambi-delle-macchine-agricole.jpeg","articleSection":["Applications"],"inLanguage":"fr-FR","potentialAction":[{"@type":"CommentAction","name":"Comment","target":["https:\/\/www.modula.eu\/fr\/blog\/utiliser-les-magasins-verticaux-modula-pour-stocker-les-pieces-de-rechange-des-machines-agricoles\/#respond"]}]},{"@type":"WebPage","@id":"https:\/\/www.modula.eu\/fr\/blog\/utiliser-les-magasins-verticaux-modula-pour-stocker-les-pieces-de-rechange-des-machines-agricoles\/","url":"https:\/\/www.modula.eu\/fr\/blog\/utiliser-les-magasins-verticaux-modula-pour-stocker-les-pieces-de-rechange-des-machines-agricoles\/","name":"Utiliser les magasins verticaux Modula pour stocker les pi\u00e8ces de rechange des machines agricoles | Modula","isPartOf":{"@id":"https:\/\/www.modula.eu\/fr\/#website"},"primaryImageOfPage":{"@id":"https:\/\/www.modula.eu\/fr\/blog\/utiliser-les-magasins-verticaux-modula-pour-stocker-les-pieces-de-rechange-des-machines-agricoles\/#primaryimage"},"image":{"@id":"https:\/\/www.modula.eu\/fr\/blog\/utiliser-les-magasins-verticaux-modula-pour-stocker-les-pieces-de-rechange-des-machines-agricoles\/#primaryimage"},"thumbnailUrl":"https:\/\/www.modula.eu\/wp-content\/uploads\/2022\/06\/utilizzare-i-magazzini-verticali-modula-per-stoccare-i-ricambi-delle-macchine-agricole.jpeg","datePublished":"2018-05-22T14:55:04+00:00","dateModified":"2022-10-21T08:26:25+00:00","description":"La rapidit\u00e9 de l\u2019entretien dans ce secteur joue un r\u00f4le hautement strat\u00e9gique : la nature n\u2019attend pas et le travail du sol doit \u00eatre effectu\u00e9 aux bons moments et lorsque le climat le permet. C\u2019est pourquoi les temps d\u2019arr\u00eat sont un probl\u00e8me tr\u00e8s s\u00e9rieux, surtout pendant les saisons de pointe.","breadcrumb":{"@id":"https:\/\/www.modula.eu\/fr\/blog\/utiliser-les-magasins-verticaux-modula-pour-stocker-les-pieces-de-rechange-des-machines-agricoles\/#breadcrumb"},"inLanguage":"fr-FR","potentialAction":[{"@type":"ReadAction","target":["https:\/\/www.modula.eu\/fr\/blog\/utiliser-les-magasins-verticaux-modula-pour-stocker-les-pieces-de-rechange-des-machines-agricoles\/"]}]},{"@type":"ImageObject","inLanguage":"fr-FR","@id":"https:\/\/www.modula.eu\/fr\/blog\/utiliser-les-magasins-verticaux-modula-pour-stocker-les-pieces-de-rechange-des-machines-agricoles\/#primaryimage","url":"https:\/\/www.modula.eu\/wp-content\/uploads\/2022\/06\/utilizzare-i-magazzini-verticali-modula-per-stoccare-i-ricambi-delle-macchine-agricole.jpeg","contentUrl":"https:\/\/www.modula.eu\/wp-content\/uploads\/2022\/06\/utilizzare-i-magazzini-verticali-modula-per-stoccare-i-ricambi-delle-macchine-agricole.jpeg","width":850,"height":450},{"@type":"BreadcrumbList","@id":"https:\/\/www.modula.eu\/fr\/blog\/utiliser-les-magasins-verticaux-modula-pour-stocker-les-pieces-de-rechange-des-machines-agricoles\/#breadcrumb","itemListElement":[{"@type":"ListItem","position":1,"name":"Home","item":"https:\/\/www.modula.eu\/fr\/"},{"@type":"ListItem","position":2,"name":"Applications","item":"https:\/\/www.modula.eu\/fr\/blog\/applications\/"},{"@type":"ListItem","position":3,"name":"Utiliser les magasins verticaux Modula pour stocker les pi\u00e8ces de rechange des machines agricoles"}]},{"@type":"WebSite","@id":"https:\/\/www.modula.eu\/fr\/#website","url":"https:\/\/www.modula.eu\/fr\/","name":"Modula","description":"Think Vertical","publisher":{"@id":"https:\/\/www.modula.eu\/fr\/#organization"},"potentialAction":[{"@type":"SearchAction","target":{"@type":"EntryPoint","urlTemplate":"https:\/\/www.modula.eu\/fr\/?s={search_term_string}"},"query-input":{"@type":"PropertyValueSpecification","valueRequired":true,"valueName":"search_term_string"}}],"inLanguage":"fr-FR"},{"@type":"Organization","@id":"https:\/\/www.modula.eu\/fr\/#organization","name":"Modula","url":"https:\/\/www.modula.eu\/fr\/","logo":{"@type":"ImageObject","inLanguage":"fr-FR","@id":"https:\/\/www.modula.eu\/fr\/#\/schema\/logo\/image\/","url":"https:\/\/www.modula.eu\/wp-content\/uploads\/2022\/12\/Modula-logo.jpg","contentUrl":"https:\/\/www.modula.eu\/wp-content\/uploads\/2022\/12\/Modula-logo.jpg","width":759,"height":512,"caption":"Modula"},"image":{"@id":"https:\/\/www.modula.eu\/fr\/#\/schema\/logo\/image\/"}},{"@type":"Person","@id":"https:\/\/www.modula.eu\/fr\/#\/schema\/person\/7c5b83a68cf511134b5990861dad5936","name":"bznadmin","sameAs":["https:\/\/www.modula.eu"]}]}},"_links":{"self":[{"href":"https:\/\/www.modula.eu\/fr\/wp-json\/wp\/v2\/posts\/7619","targetHints":{"allow":["GET"]}}],"collection":[{"href":"https:\/\/www.modula.eu\/fr\/wp-json\/wp\/v2\/posts"}],"about":[{"href":"https:\/\/www.modula.eu\/fr\/wp-json\/wp\/v2\/types\/post"}],"author":[{"embeddable":true,"href":"https:\/\/www.modula.eu\/fr\/wp-json\/wp\/v2\/users\/1"}],"replies":[{"embeddable":true,"href":"https:\/\/www.modula.eu\/fr\/wp-json\/wp\/v2\/comments?post=7619"}],"version-history":[{"count":0,"href":"https:\/\/www.modula.eu\/fr\/wp-json\/wp\/v2\/posts\/7619\/revisions"}],"wp:featuredmedia":[{"embeddable":true,"href":"https:\/\/www.modula.eu\/fr\/wp-json\/wp\/v2\/media\/6351"}],"wp:attachment":[{"href":"https:\/\/www.modula.eu\/fr\/wp-json\/wp\/v2\/media?parent=7619"}],"wp:term":[{"taxonomy":"category","embeddable":true,"href":"https:\/\/www.modula.eu\/fr\/wp-json\/wp\/v2\/categories?post=7619"},{"taxonomy":"post_tag","embeddable":true,"href":"https:\/\/www.modula.eu\/fr\/wp-json\/wp\/v2\/tags?post=7619"}],"curies":[{"name":"wp","href":"https:\/\/api.w.org\/{rel}","templated":true}]}}