{"id":7631,"date":"2018-04-22T10:53:26","date_gmt":"2018-04-22T08:53:26","guid":{"rendered":"https:\/\/www.modula.eu\/non-classifiee\/6-miti-da-sfatare-sui-magazzini-automatici-verticali-a-cassetti\/"},"modified":"2025-03-13T15:15:43","modified_gmt":"2025-03-13T14:15:43","slug":"6-mythes-a-demystifier-sur-les-magasins-automatiques-verticaux-a-tiroirs","status":"publish","type":"post","link":"https:\/\/www.modula.eu\/fr\/blog\/6-mythes-a-demystifier-sur-les-magasins-automatiques-verticaux-a-tiroirs\/","title":{"rendered":"6 mythes \u00e0 d\u00e9mystifier sur les magasins automatiques verticaux \u00e0 tiroirs"},"content":{"rendered":"","protected":false},"excerpt":{"rendered":"","protected":false},"author":1,"featured_media":6269,"comment_status":"open","ping_status":"open","sticky":false,"template":"","format":"standard","meta":{"_acf_changed":false,"inline_featured_image":false,"footnotes":""},"categories":[54],"tags":[],"class_list":["post-7631","post","type-post","status-publish","format-standard","has-post-thumbnail","hentry","category-entrepots-automatiques"],"acf":[],"yoast_head":"<!-- This site is optimized with the Yoast SEO plugin v27.4 - https:\/\/yoast.com\/product\/yoast-seo-wordpress\/ -->\n<title>6 mythes \u00e0 d\u00e9mystifier sur les magasins automatiques verticaux \u00e0 tiroirs | Modula<\/title>\n<meta name=\"description\" content=\"Le magasin automatique vertical \u00e0 tiroirs est la solution automatis\u00e9e qui a gagn\u00e9 le plus de terrain dans l\u2019intra-logistique ces derni\u00e8res ann\u00e9es.\" \/>\n<meta name=\"robots\" content=\"index, follow, max-snippet:-1, max-image-preview:large, max-video-preview:-1\" \/>\n<link rel=\"canonical\" href=\"https:\/\/www.modula.eu\/fr\/blog\/6-mythes-a-demystifier-sur-les-magasins-automatiques-verticaux-a-tiroirs\/\" \/>\n<meta property=\"og:locale\" content=\"fr_FR\" \/>\n<meta property=\"og:type\" content=\"article\" \/>\n<meta property=\"og:title\" content=\"6 mythes \u00e0 d\u00e9mystifier sur les magasins automatiques verticaux \u00e0 tiroirs | Modula\" \/>\n<meta property=\"og:description\" content=\"Le magasin automatique vertical \u00e0 tiroirs est la solution automatis\u00e9e qui a gagn\u00e9 le plus de terrain dans l\u2019intra-logistique ces derni\u00e8res ann\u00e9es.\" \/>\n<meta property=\"og:url\" content=\"https:\/\/www.modula.eu\/fr\/blog\/6-mythes-a-demystifier-sur-les-magasins-automatiques-verticaux-a-tiroirs\/\" \/>\n<meta property=\"og:site_name\" content=\"Modula\" \/>\n<meta property=\"article:published_time\" content=\"2018-04-22T08:53:26+00:00\" \/>\n<meta property=\"article:modified_time\" content=\"2025-03-13T14:15:43+00:00\" \/>\n<meta property=\"og:image\" content=\"https:\/\/www.modula.eu\/wp-content\/uploads\/2022\/06\/6-miti-da-sfatare-sui-magazzini-automatici-verticali-a-cassetti.jpeg\" \/>\n\t<meta property=\"og:image:width\" content=\"850\" \/>\n\t<meta property=\"og:image:height\" content=\"450\" \/>\n\t<meta property=\"og:image:type\" content=\"image\/jpeg\" \/>\n<meta name=\"author\" content=\"bznadmin\" \/>\n<meta name=\"twitter:card\" content=\"summary_large_image\" \/>\n<meta name=\"twitter:label1\" content=\"\u00c9crit par\" \/>\n\t<meta name=\"twitter:data1\" content=\"bznadmin\" \/>\n<script type=\"application\/ld+json\" class=\"yoast-schema-graph\">{\"@context\":\"https:\\\/\\\/schema.org\",\"@graph\":[{\"@type\":\"Article\",\"@id\":\"https:\\\/\\\/www.modula.eu\\\/fr\\\/blog\\\/6-mythes-a-demystifier-sur-les-magasins-automatiques-verticaux-a-tiroirs\\\/#article\",\"isPartOf\":{\"@id\":\"https:\\\/\\\/www.modula.eu\\\/fr\\\/blog\\\/6-mythes-a-demystifier-sur-les-magasins-automatiques-verticaux-a-tiroirs\\\/\"},\"author\":{\"name\":\"bznadmin\",\"@id\":\"https:\\\/\\\/www.modula.eu\\\/fr\\\/#\\\/schema\\\/person\\\/7c5b83a68cf511134b5990861dad5936\"},\"headline\":\"6 mythes \u00e0 d\u00e9mystifier sur les magasins automatiques verticaux \u00e0 tiroirs\",\"datePublished\":\"2018-04-22T08:53:26+00:00\",\"dateModified\":\"2025-03-13T14:15:43+00:00\",\"mainEntityOfPage\":{\"@id\":\"https:\\\/\\\/www.modula.eu\\\/fr\\\/blog\\\/6-mythes-a-demystifier-sur-les-magasins-automatiques-verticaux-a-tiroirs\\\/\"},\"wordCount\":9,\"commentCount\":0,\"publisher\":{\"@id\":\"https:\\\/\\\/www.modula.eu\\\/fr\\\/#organization\"},\"image\":{\"@id\":\"https:\\\/\\\/www.modula.eu\\\/fr\\\/blog\\\/6-mythes-a-demystifier-sur-les-magasins-automatiques-verticaux-a-tiroirs\\\/#primaryimage\"},\"thumbnailUrl\":\"https:\\\/\\\/www.modula.eu\\\/wp-content\\\/uploads\\\/2022\\\/06\\\/6-miti-da-sfatare-sui-magazzini-automatici-verticali-a-cassetti.jpeg\",\"articleSection\":[\"Entrep\u00f4ts automatiques\"],\"inLanguage\":\"fr-FR\",\"potentialAction\":[{\"@type\":\"CommentAction\",\"name\":\"Comment\",\"target\":[\"https:\\\/\\\/www.modula.eu\\\/fr\\\/blog\\\/6-mythes-a-demystifier-sur-les-magasins-automatiques-verticaux-a-tiroirs\\\/#respond\"]}]},{\"@type\":\"WebPage\",\"@id\":\"https:\\\/\\\/www.modula.eu\\\/fr\\\/blog\\\/6-mythes-a-demystifier-sur-les-magasins-automatiques-verticaux-a-tiroirs\\\/\",\"url\":\"https:\\\/\\\/www.modula.eu\\\/fr\\\/blog\\\/6-mythes-a-demystifier-sur-les-magasins-automatiques-verticaux-a-tiroirs\\\/\",\"name\":\"6 mythes \u00e0 d\u00e9mystifier sur les magasins automatiques verticaux \u00e0 tiroirs | Modula\",\"isPartOf\":{\"@id\":\"https:\\\/\\\/www.modula.eu\\\/fr\\\/#website\"},\"primaryImageOfPage\":{\"@id\":\"https:\\\/\\\/www.modula.eu\\\/fr\\\/blog\\\/6-mythes-a-demystifier-sur-les-magasins-automatiques-verticaux-a-tiroirs\\\/#primaryimage\"},\"image\":{\"@id\":\"https:\\\/\\\/www.modula.eu\\\/fr\\\/blog\\\/6-mythes-a-demystifier-sur-les-magasins-automatiques-verticaux-a-tiroirs\\\/#primaryimage\"},\"thumbnailUrl\":\"https:\\\/\\\/www.modula.eu\\\/wp-content\\\/uploads\\\/2022\\\/06\\\/6-miti-da-sfatare-sui-magazzini-automatici-verticali-a-cassetti.jpeg\",\"datePublished\":\"2018-04-22T08:53:26+00:00\",\"dateModified\":\"2025-03-13T14:15:43+00:00\",\"description\":\"Le magasin automatique vertical \u00e0 tiroirs est la solution automatis\u00e9e qui a gagn\u00e9 le plus de terrain dans l\u2019intra-logistique ces derni\u00e8res ann\u00e9es.\",\"breadcrumb\":{\"@id\":\"https:\\\/\\\/www.modula.eu\\\/fr\\\/blog\\\/6-mythes-a-demystifier-sur-les-magasins-automatiques-verticaux-a-tiroirs\\\/#breadcrumb\"},\"inLanguage\":\"fr-FR\",\"potentialAction\":[{\"@type\":\"ReadAction\",\"target\":[\"https:\\\/\\\/www.modula.eu\\\/fr\\\/blog\\\/6-mythes-a-demystifier-sur-les-magasins-automatiques-verticaux-a-tiroirs\\\/\"]}]},{\"@type\":\"ImageObject\",\"inLanguage\":\"fr-FR\",\"@id\":\"https:\\\/\\\/www.modula.eu\\\/fr\\\/blog\\\/6-mythes-a-demystifier-sur-les-magasins-automatiques-verticaux-a-tiroirs\\\/#primaryimage\",\"url\":\"https:\\\/\\\/www.modula.eu\\\/wp-content\\\/uploads\\\/2022\\\/06\\\/6-miti-da-sfatare-sui-magazzini-automatici-verticali-a-cassetti.jpeg\",\"contentUrl\":\"https:\\\/\\\/www.modula.eu\\\/wp-content\\\/uploads\\\/2022\\\/06\\\/6-miti-da-sfatare-sui-magazzini-automatici-verticali-a-cassetti.jpeg\",\"width\":850,\"height\":450},{\"@type\":\"BreadcrumbList\",\"@id\":\"https:\\\/\\\/www.modula.eu\\\/fr\\\/blog\\\/6-mythes-a-demystifier-sur-les-magasins-automatiques-verticaux-a-tiroirs\\\/#breadcrumb\",\"itemListElement\":[{\"@type\":\"ListItem\",\"position\":1,\"name\":\"Home\",\"item\":\"https:\\\/\\\/www.modula.eu\\\/fr\\\/\"},{\"@type\":\"ListItem\",\"position\":2,\"name\":\"Entrep\u00f4ts automatiques\",\"item\":\"https:\\\/\\\/www.modula.eu\\\/fr\\\/blog\\\/entrepots-automatiques\\\/\"},{\"@type\":\"ListItem\",\"position\":3,\"name\":\"6 mythes \u00e0 d\u00e9mystifier sur les magasins automatiques verticaux \u00e0 tiroirs\"}]},{\"@type\":\"WebSite\",\"@id\":\"https:\\\/\\\/www.modula.eu\\\/fr\\\/#website\",\"url\":\"https:\\\/\\\/www.modula.eu\\\/fr\\\/\",\"name\":\"Modula\",\"description\":\"Think Vertical\",\"publisher\":{\"@id\":\"https:\\\/\\\/www.modula.eu\\\/fr\\\/#organization\"},\"potentialAction\":[{\"@type\":\"SearchAction\",\"target\":{\"@type\":\"EntryPoint\",\"urlTemplate\":\"https:\\\/\\\/www.modula.eu\\\/fr\\\/?s={search_term_string}\"},\"query-input\":{\"@type\":\"PropertyValueSpecification\",\"valueRequired\":true,\"valueName\":\"search_term_string\"}}],\"inLanguage\":\"fr-FR\"},{\"@type\":\"Organization\",\"@id\":\"https:\\\/\\\/www.modula.eu\\\/fr\\\/#organization\",\"name\":\"Modula\",\"url\":\"https:\\\/\\\/www.modula.eu\\\/fr\\\/\",\"logo\":{\"@type\":\"ImageObject\",\"inLanguage\":\"fr-FR\",\"@id\":\"https:\\\/\\\/www.modula.eu\\\/fr\\\/#\\\/schema\\\/logo\\\/image\\\/\",\"url\":\"https:\\\/\\\/www.modula.eu\\\/wp-content\\\/uploads\\\/2022\\\/12\\\/Modula-logo.jpg\",\"contentUrl\":\"https:\\\/\\\/www.modula.eu\\\/wp-content\\\/uploads\\\/2022\\\/12\\\/Modula-logo.jpg\",\"width\":759,\"height\":512,\"caption\":\"Modula\"},\"image\":{\"@id\":\"https:\\\/\\\/www.modula.eu\\\/fr\\\/#\\\/schema\\\/logo\\\/image\\\/\"}},{\"@type\":\"Person\",\"@id\":\"https:\\\/\\\/www.modula.eu\\\/fr\\\/#\\\/schema\\\/person\\\/7c5b83a68cf511134b5990861dad5936\",\"name\":\"bznadmin\",\"sameAs\":[\"https:\\\/\\\/www.modula.eu\"]}]}<\/script>\n<!-- \/ Yoast SEO plugin. -->","yoast_head_json":{"title":"6 mythes \u00e0 d\u00e9mystifier sur les magasins automatiques verticaux \u00e0 tiroirs | Modula","description":"Le magasin automatique vertical \u00e0 tiroirs est la solution automatis\u00e9e qui a gagn\u00e9 le plus de terrain dans l\u2019intra-logistique ces derni\u00e8res ann\u00e9es.","robots":{"index":"index","follow":"follow","max-snippet":"max-snippet:-1","max-image-preview":"max-image-preview:large","max-video-preview":"max-video-preview:-1"},"canonical":"https:\/\/www.modula.eu\/fr\/blog\/6-mythes-a-demystifier-sur-les-magasins-automatiques-verticaux-a-tiroirs\/","og_locale":"fr_FR","og_type":"article","og_title":"6 mythes \u00e0 d\u00e9mystifier sur les magasins automatiques verticaux \u00e0 tiroirs | Modula","og_description":"Le magasin automatique vertical \u00e0 tiroirs est la solution automatis\u00e9e qui a gagn\u00e9 le plus de terrain dans l\u2019intra-logistique ces derni\u00e8res ann\u00e9es.","og_url":"https:\/\/www.modula.eu\/fr\/blog\/6-mythes-a-demystifier-sur-les-magasins-automatiques-verticaux-a-tiroirs\/","og_site_name":"Modula","article_published_time":"2018-04-22T08:53:26+00:00","article_modified_time":"2025-03-13T14:15:43+00:00","og_image":[{"width":850,"height":450,"url":"https:\/\/www.modula.eu\/wp-content\/uploads\/2022\/06\/6-miti-da-sfatare-sui-magazzini-automatici-verticali-a-cassetti.jpeg","type":"image\/jpeg"}],"author":"bznadmin","twitter_card":"summary_large_image","twitter_misc":{"\u00c9crit par":"bznadmin"},"schema":{"@context":"https:\/\/schema.org","@graph":[{"@type":"Article","@id":"https:\/\/www.modula.eu\/fr\/blog\/6-mythes-a-demystifier-sur-les-magasins-automatiques-verticaux-a-tiroirs\/#article","isPartOf":{"@id":"https:\/\/www.modula.eu\/fr\/blog\/6-mythes-a-demystifier-sur-les-magasins-automatiques-verticaux-a-tiroirs\/"},"author":{"name":"bznadmin","@id":"https:\/\/www.modula.eu\/fr\/#\/schema\/person\/7c5b83a68cf511134b5990861dad5936"},"headline":"6 mythes \u00e0 d\u00e9mystifier sur les magasins automatiques verticaux \u00e0 tiroirs","datePublished":"2018-04-22T08:53:26+00:00","dateModified":"2025-03-13T14:15:43+00:00","mainEntityOfPage":{"@id":"https:\/\/www.modula.eu\/fr\/blog\/6-mythes-a-demystifier-sur-les-magasins-automatiques-verticaux-a-tiroirs\/"},"wordCount":9,"commentCount":0,"publisher":{"@id":"https:\/\/www.modula.eu\/fr\/#organization"},"image":{"@id":"https:\/\/www.modula.eu\/fr\/blog\/6-mythes-a-demystifier-sur-les-magasins-automatiques-verticaux-a-tiroirs\/#primaryimage"},"thumbnailUrl":"https:\/\/www.modula.eu\/wp-content\/uploads\/2022\/06\/6-miti-da-sfatare-sui-magazzini-automatici-verticali-a-cassetti.jpeg","articleSection":["Entrep\u00f4ts automatiques"],"inLanguage":"fr-FR","potentialAction":[{"@type":"CommentAction","name":"Comment","target":["https:\/\/www.modula.eu\/fr\/blog\/6-mythes-a-demystifier-sur-les-magasins-automatiques-verticaux-a-tiroirs\/#respond"]}]},{"@type":"WebPage","@id":"https:\/\/www.modula.eu\/fr\/blog\/6-mythes-a-demystifier-sur-les-magasins-automatiques-verticaux-a-tiroirs\/","url":"https:\/\/www.modula.eu\/fr\/blog\/6-mythes-a-demystifier-sur-les-magasins-automatiques-verticaux-a-tiroirs\/","name":"6 mythes \u00e0 d\u00e9mystifier sur les magasins automatiques verticaux \u00e0 tiroirs | Modula","isPartOf":{"@id":"https:\/\/www.modula.eu\/fr\/#website"},"primaryImageOfPage":{"@id":"https:\/\/www.modula.eu\/fr\/blog\/6-mythes-a-demystifier-sur-les-magasins-automatiques-verticaux-a-tiroirs\/#primaryimage"},"image":{"@id":"https:\/\/www.modula.eu\/fr\/blog\/6-mythes-a-demystifier-sur-les-magasins-automatiques-verticaux-a-tiroirs\/#primaryimage"},"thumbnailUrl":"https:\/\/www.modula.eu\/wp-content\/uploads\/2022\/06\/6-miti-da-sfatare-sui-magazzini-automatici-verticali-a-cassetti.jpeg","datePublished":"2018-04-22T08:53:26+00:00","dateModified":"2025-03-13T14:15:43+00:00","description":"Le magasin automatique vertical \u00e0 tiroirs est la solution automatis\u00e9e qui a gagn\u00e9 le plus de terrain dans l\u2019intra-logistique ces derni\u00e8res ann\u00e9es.","breadcrumb":{"@id":"https:\/\/www.modula.eu\/fr\/blog\/6-mythes-a-demystifier-sur-les-magasins-automatiques-verticaux-a-tiroirs\/#breadcrumb"},"inLanguage":"fr-FR","potentialAction":[{"@type":"ReadAction","target":["https:\/\/www.modula.eu\/fr\/blog\/6-mythes-a-demystifier-sur-les-magasins-automatiques-verticaux-a-tiroirs\/"]}]},{"@type":"ImageObject","inLanguage":"fr-FR","@id":"https:\/\/www.modula.eu\/fr\/blog\/6-mythes-a-demystifier-sur-les-magasins-automatiques-verticaux-a-tiroirs\/#primaryimage","url":"https:\/\/www.modula.eu\/wp-content\/uploads\/2022\/06\/6-miti-da-sfatare-sui-magazzini-automatici-verticali-a-cassetti.jpeg","contentUrl":"https:\/\/www.modula.eu\/wp-content\/uploads\/2022\/06\/6-miti-da-sfatare-sui-magazzini-automatici-verticali-a-cassetti.jpeg","width":850,"height":450},{"@type":"BreadcrumbList","@id":"https:\/\/www.modula.eu\/fr\/blog\/6-mythes-a-demystifier-sur-les-magasins-automatiques-verticaux-a-tiroirs\/#breadcrumb","itemListElement":[{"@type":"ListItem","position":1,"name":"Home","item":"https:\/\/www.modula.eu\/fr\/"},{"@type":"ListItem","position":2,"name":"Entrep\u00f4ts automatiques","item":"https:\/\/www.modula.eu\/fr\/blog\/entrepots-automatiques\/"},{"@type":"ListItem","position":3,"name":"6 mythes \u00e0 d\u00e9mystifier sur les magasins automatiques verticaux \u00e0 tiroirs"}]},{"@type":"WebSite","@id":"https:\/\/www.modula.eu\/fr\/#website","url":"https:\/\/www.modula.eu\/fr\/","name":"Modula","description":"Think Vertical","publisher":{"@id":"https:\/\/www.modula.eu\/fr\/#organization"},"potentialAction":[{"@type":"SearchAction","target":{"@type":"EntryPoint","urlTemplate":"https:\/\/www.modula.eu\/fr\/?s={search_term_string}"},"query-input":{"@type":"PropertyValueSpecification","valueRequired":true,"valueName":"search_term_string"}}],"inLanguage":"fr-FR"},{"@type":"Organization","@id":"https:\/\/www.modula.eu\/fr\/#organization","name":"Modula","url":"https:\/\/www.modula.eu\/fr\/","logo":{"@type":"ImageObject","inLanguage":"fr-FR","@id":"https:\/\/www.modula.eu\/fr\/#\/schema\/logo\/image\/","url":"https:\/\/www.modula.eu\/wp-content\/uploads\/2022\/12\/Modula-logo.jpg","contentUrl":"https:\/\/www.modula.eu\/wp-content\/uploads\/2022\/12\/Modula-logo.jpg","width":759,"height":512,"caption":"Modula"},"image":{"@id":"https:\/\/www.modula.eu\/fr\/#\/schema\/logo\/image\/"}},{"@type":"Person","@id":"https:\/\/www.modula.eu\/fr\/#\/schema\/person\/7c5b83a68cf511134b5990861dad5936","name":"bznadmin","sameAs":["https:\/\/www.modula.eu"]}]}},"_links":{"self":[{"href":"https:\/\/www.modula.eu\/fr\/wp-json\/wp\/v2\/posts\/7631","targetHints":{"allow":["GET"]}}],"collection":[{"href":"https:\/\/www.modula.eu\/fr\/wp-json\/wp\/v2\/posts"}],"about":[{"href":"https:\/\/www.modula.eu\/fr\/wp-json\/wp\/v2\/types\/post"}],"author":[{"embeddable":true,"href":"https:\/\/www.modula.eu\/fr\/wp-json\/wp\/v2\/users\/1"}],"replies":[{"embeddable":true,"href":"https:\/\/www.modula.eu\/fr\/wp-json\/wp\/v2\/comments?post=7631"}],"version-history":[{"count":0,"href":"https:\/\/www.modula.eu\/fr\/wp-json\/wp\/v2\/posts\/7631\/revisions"}],"wp:featuredmedia":[{"embeddable":true,"href":"https:\/\/www.modula.eu\/fr\/wp-json\/wp\/v2\/media\/6269"}],"wp:attachment":[{"href":"https:\/\/www.modula.eu\/fr\/wp-json\/wp\/v2\/media?parent=7631"}],"wp:term":[{"taxonomy":"category","embeddable":true,"href":"https:\/\/www.modula.eu\/fr\/wp-json\/wp\/v2\/categories?post=7631"},{"taxonomy":"post_tag","embeddable":true,"href":"https:\/\/www.modula.eu\/fr\/wp-json\/wp\/v2\/tags?post=7631"}],"curies":[{"name":"wp","href":"https:\/\/api.w.org\/{rel}","templated":true}]}}