{"id":83914,"date":"2026-06-17T14:29:35","date_gmt":"2026-06-17T12:29:35","guid":{"rendered":"https:\/\/www.modula.eu\/blog\/pharmaceutical-logistics-why-it-is-a-strategic-asset-for-healthcare-industry-and-national-security\/"},"modified":"2026-06-17T14:59:26","modified_gmt":"2026-06-17T12:59:26","slug":"logistique-pharmaceutique-pourquoi-cest-un-levier-strategique-pour-la-sante-lindustrie-et-la-securite-du-pays","status":"publish","type":"post","link":"https:\/\/www.modula.eu\/fr\/blog\/logistique-pharmaceutique-pourquoi-cest-un-levier-strategique-pour-la-sante-lindustrie-et-la-securite-du-pays\/","title":{"rendered":"Logistique pharmaceutique : pourquoi c\u2019est un levier strat\u00e9gique pour la sant\u00e9, l\u2019industrie et la s\u00e9curit\u00e9 du pays"},"content":{"rendered":"","protected":false},"excerpt":{"rendered":"","protected":false},"author":6,"featured_media":83928,"comment_status":"closed","ping_status":"closed","sticky":false,"template":"","format":"standard","meta":{"_acf_changed":false,"inline_featured_image":false,"footnotes":""},"categories":[57],"tags":[],"class_list":["post-83914","post","type-post","status-publish","format-standard","has-post-thumbnail","hentry","category-gestion-dentrepot"],"acf":[],"yoast_head":"<!-- This site is optimized with the Yoast SEO plugin v28.3 - https:\/\/yoast.com\/product\/yoast-seo-wordpress\/ -->\n<title>Logistique pharmaceutique : tra\u00e7abilit\u00e9 et picking<\/title>\n<meta name=\"description\" content=\"Optimisez la logistique pharmaceutique avec une tra\u00e7abilit\u00e9 compl\u00e8te, moins d\u2019erreurs de picking et des solutions d\u2019automatisation pour entrep\u00f4ts.\" \/>\n<meta name=\"robots\" content=\"index, follow, max-snippet:-1, max-image-preview:large, max-video-preview:-1\" \/>\n<link rel=\"canonical\" href=\"https:\/\/www.modula.eu\/fr\/blog\/logistique-pharmaceutique-pourquoi-cest-un-levier-strategique-pour-la-sante-lindustrie-et-la-securite-du-pays\/\" \/>\n<meta property=\"og:locale\" content=\"fr_FR\" \/>\n<meta property=\"og:type\" content=\"article\" \/>\n<meta property=\"og:title\" content=\"Logistique pharmaceutique : tra\u00e7abilit\u00e9 et picking\" \/>\n<meta property=\"og:description\" content=\"Optimisez la logistique pharmaceutique avec une tra\u00e7abilit\u00e9 compl\u00e8te, moins d\u2019erreurs de picking et des solutions d\u2019automatisation pour entrep\u00f4ts.\" \/>\n<meta property=\"og:url\" content=\"https:\/\/www.modula.eu\/fr\/blog\/logistique-pharmaceutique-pourquoi-cest-un-levier-strategique-pour-la-sante-lindustrie-et-la-securite-du-pays\/\" \/>\n<meta property=\"og:site_name\" content=\"Modula\" \/>\n<meta property=\"article:published_time\" content=\"2026-06-17T12:29:35+00:00\" \/>\n<meta property=\"article:modified_time\" content=\"2026-06-17T12:59:26+00:00\" \/>\n<meta property=\"og:image\" content=\"https:\/\/www.modula.eu\/wp-content\/uploads\/2026\/06\/Logistique-pharmaceutique-1.jpg\" \/>\n\t<meta property=\"og:image:width\" content=\"500\" \/>\n\t<meta property=\"og:image:height\" content=\"270\" \/>\n\t<meta property=\"og:image:type\" content=\"image\/jpeg\" \/>\n<meta name=\"author\" content=\"Irene Bretta\" \/>\n<meta name=\"twitter:card\" content=\"summary_large_image\" \/>\n<meta name=\"twitter:label1\" content=\"\u00c9crit par\" \/>\n\t<meta name=\"twitter:data1\" content=\"Irene Bretta\" \/>\n<script type=\"application\/ld+json\" class=\"yoast-schema-graph\">{\"@context\":\"https:\\\/\\\/schema.org\",\"@graph\":[{\"@type\":\"BlogPosting\",\"@id\":\"https:\\\/\\\/www.modula.eu\\\/fr\\\/blog\\\/logistique-pharmaceutique-pourquoi-cest-un-levier-strategique-pour-la-sante-lindustrie-et-la-securite-du-pays\\\/#article\",\"isPartOf\":{\"@id\":\"https:\\\/\\\/www.modula.eu\\\/fr\\\/blog\\\/logistique-pharmaceutique-pourquoi-cest-un-levier-strategique-pour-la-sante-lindustrie-et-la-securite-du-pays\\\/\"},\"author\":{\"name\":\"Irene Bretta\",\"@id\":\"https:\\\/\\\/www.modula.eu\\\/fr\\\/#\\\/schema\\\/person\\\/8418fb3a8951e09a2aabee89b6004c6c\"},\"headline\":\"Logistique pharmaceutique : pourquoi c\u2019est un levier strat\u00e9gique pour la sant\u00e9, l\u2019industrie et la s\u00e9curit\u00e9 du pays\",\"datePublished\":\"2026-06-17T12:29:35+00:00\",\"dateModified\":\"2026-06-17T12:59:26+00:00\",\"mainEntityOfPage\":{\"@id\":\"https:\\\/\\\/www.modula.eu\\\/fr\\\/blog\\\/logistique-pharmaceutique-pourquoi-cest-un-levier-strategique-pour-la-sante-lindustrie-et-la-securite-du-pays\\\/\"},\"wordCount\":20,\"publisher\":{\"@id\":\"https:\\\/\\\/www.modula.eu\\\/fr\\\/#organization\"},\"image\":{\"@id\":\"https:\\\/\\\/www.modula.eu\\\/fr\\\/blog\\\/logistique-pharmaceutique-pourquoi-cest-un-levier-strategique-pour-la-sante-lindustrie-et-la-securite-du-pays\\\/#primaryimage\"},\"thumbnailUrl\":\"https:\\\/\\\/www.modula.eu\\\/wp-content\\\/uploads\\\/2026\\\/06\\\/Logistique-pharmaceutique-1.jpg\",\"articleSection\":[\"Gestion d\u2019entrep\u00f4t\"],\"inLanguage\":\"fr-FR\"},{\"@type\":\"WebPage\",\"@id\":\"https:\\\/\\\/www.modula.eu\\\/fr\\\/blog\\\/logistique-pharmaceutique-pourquoi-cest-un-levier-strategique-pour-la-sante-lindustrie-et-la-securite-du-pays\\\/\",\"url\":\"https:\\\/\\\/www.modula.eu\\\/fr\\\/blog\\\/logistique-pharmaceutique-pourquoi-cest-un-levier-strategique-pour-la-sante-lindustrie-et-la-securite-du-pays\\\/\",\"name\":\"Logistique pharmaceutique : tra\u00e7abilit\u00e9 et picking\",\"isPartOf\":{\"@id\":\"https:\\\/\\\/www.modula.eu\\\/fr\\\/#website\"},\"primaryImageOfPage\":{\"@id\":\"https:\\\/\\\/www.modula.eu\\\/fr\\\/blog\\\/logistique-pharmaceutique-pourquoi-cest-un-levier-strategique-pour-la-sante-lindustrie-et-la-securite-du-pays\\\/#primaryimage\"},\"image\":{\"@id\":\"https:\\\/\\\/www.modula.eu\\\/fr\\\/blog\\\/logistique-pharmaceutique-pourquoi-cest-un-levier-strategique-pour-la-sante-lindustrie-et-la-securite-du-pays\\\/#primaryimage\"},\"thumbnailUrl\":\"https:\\\/\\\/www.modula.eu\\\/wp-content\\\/uploads\\\/2026\\\/06\\\/Logistique-pharmaceutique-1.jpg\",\"datePublished\":\"2026-06-17T12:29:35+00:00\",\"dateModified\":\"2026-06-17T12:59:26+00:00\",\"description\":\"Optimisez la logistique pharmaceutique avec une tra\u00e7abilit\u00e9 compl\u00e8te, moins d\u2019erreurs de picking et des solutions d\u2019automatisation pour entrep\u00f4ts.\",\"breadcrumb\":{\"@id\":\"https:\\\/\\\/www.modula.eu\\\/fr\\\/blog\\\/logistique-pharmaceutique-pourquoi-cest-un-levier-strategique-pour-la-sante-lindustrie-et-la-securite-du-pays\\\/#breadcrumb\"},\"inLanguage\":\"fr-FR\",\"potentialAction\":[{\"@type\":\"ReadAction\",\"target\":[\"https:\\\/\\\/www.modula.eu\\\/fr\\\/blog\\\/logistique-pharmaceutique-pourquoi-cest-un-levier-strategique-pour-la-sante-lindustrie-et-la-securite-du-pays\\\/\"]}]},{\"@type\":\"ImageObject\",\"inLanguage\":\"fr-FR\",\"@id\":\"https:\\\/\\\/www.modula.eu\\\/fr\\\/blog\\\/logistique-pharmaceutique-pourquoi-cest-un-levier-strategique-pour-la-sante-lindustrie-et-la-securite-du-pays\\\/#primaryimage\",\"url\":\"https:\\\/\\\/www.modula.eu\\\/wp-content\\\/uploads\\\/2026\\\/06\\\/Logistique-pharmaceutique-1.jpg\",\"contentUrl\":\"https:\\\/\\\/www.modula.eu\\\/wp-content\\\/uploads\\\/2026\\\/06\\\/Logistique-pharmaceutique-1.jpg\",\"width\":500,\"height\":270},{\"@type\":\"BreadcrumbList\",\"@id\":\"https:\\\/\\\/www.modula.eu\\\/fr\\\/blog\\\/logistique-pharmaceutique-pourquoi-cest-un-levier-strategique-pour-la-sante-lindustrie-et-la-securite-du-pays\\\/#breadcrumb\",\"itemListElement\":[{\"@type\":\"ListItem\",\"position\":1,\"name\":\"Home\",\"item\":\"https:\\\/\\\/www.modula.eu\\\/fr\\\/\"},{\"@type\":\"ListItem\",\"position\":2,\"name\":\"Gestion d\u2019entrep\u00f4t\",\"item\":\"https:\\\/\\\/www.modula.eu\\\/fr\\\/blog\\\/gestion-dentrepot\\\/\"},{\"@type\":\"ListItem\",\"position\":3,\"name\":\"Logistique pharmaceutique : pourquoi c\u2019est un levier strat\u00e9gique pour la sant\u00e9, l\u2019industrie et la s\u00e9curit\u00e9 du pays\"}]},{\"@type\":\"WebSite\",\"@id\":\"https:\\\/\\\/www.modula.eu\\\/fr\\\/#website\",\"url\":\"https:\\\/\\\/www.modula.eu\\\/fr\\\/\",\"name\":\"Modula S.p.A.\",\"description\":\"Think Vertical\",\"publisher\":{\"@id\":\"https:\\\/\\\/www.modula.eu\\\/fr\\\/#organization\"},\"potentialAction\":[{\"@type\":\"SearchAction\",\"target\":{\"@type\":\"EntryPoint\",\"urlTemplate\":\"https:\\\/\\\/www.modula.eu\\\/fr\\\/?s={search_term_string}\"},\"query-input\":{\"@type\":\"PropertyValueSpecification\",\"valueRequired\":true,\"valueName\":\"search_term_string\"}}],\"inLanguage\":\"fr-FR\"},{\"@type\":\"Person\",\"@id\":\"https:\\\/\\\/www.modula.eu\\\/fr\\\/#\\\/schema\\\/person\\\/8418fb3a8951e09a2aabee89b6004c6c\",\"name\":\"Irene Bretta\"}]}<\/script>\n<!-- \/ Yoast SEO plugin. -->","yoast_head_json":{"title":"Logistique pharmaceutique : tra\u00e7abilit\u00e9 et picking","description":"Optimisez la logistique pharmaceutique avec une tra\u00e7abilit\u00e9 compl\u00e8te, moins d\u2019erreurs de picking et des solutions d\u2019automatisation pour entrep\u00f4ts.","robots":{"index":"index","follow":"follow","max-snippet":"max-snippet:-1","max-image-preview":"max-image-preview:large","max-video-preview":"max-video-preview:-1"},"canonical":"https:\/\/www.modula.eu\/fr\/blog\/logistique-pharmaceutique-pourquoi-cest-un-levier-strategique-pour-la-sante-lindustrie-et-la-securite-du-pays\/","og_locale":"fr_FR","og_type":"article","og_title":"Logistique pharmaceutique : tra\u00e7abilit\u00e9 et picking","og_description":"Optimisez la logistique pharmaceutique avec une tra\u00e7abilit\u00e9 compl\u00e8te, moins d\u2019erreurs de picking et des solutions d\u2019automatisation pour entrep\u00f4ts.","og_url":"https:\/\/www.modula.eu\/fr\/blog\/logistique-pharmaceutique-pourquoi-cest-un-levier-strategique-pour-la-sante-lindustrie-et-la-securite-du-pays\/","og_site_name":"Modula","article_published_time":"2026-06-17T12:29:35+00:00","article_modified_time":"2026-06-17T12:59:26+00:00","og_image":[{"width":500,"height":270,"url":"https:\/\/www.modula.eu\/wp-content\/uploads\/2026\/06\/Logistique-pharmaceutique-1.jpg","type":"image\/jpeg"}],"author":"Irene Bretta","twitter_card":"summary_large_image","twitter_misc":{"\u00c9crit par":"Irene Bretta"},"schema":{"@context":"https:\/\/schema.org","@graph":[{"@type":"BlogPosting","@id":"https:\/\/www.modula.eu\/fr\/blog\/logistique-pharmaceutique-pourquoi-cest-un-levier-strategique-pour-la-sante-lindustrie-et-la-securite-du-pays\/#article","isPartOf":{"@id":"https:\/\/www.modula.eu\/fr\/blog\/logistique-pharmaceutique-pourquoi-cest-un-levier-strategique-pour-la-sante-lindustrie-et-la-securite-du-pays\/"},"author":{"name":"Irene Bretta","@id":"https:\/\/www.modula.eu\/fr\/#\/schema\/person\/8418fb3a8951e09a2aabee89b6004c6c"},"headline":"Logistique pharmaceutique : pourquoi c\u2019est un levier strat\u00e9gique pour la sant\u00e9, l\u2019industrie et la s\u00e9curit\u00e9 du pays","datePublished":"2026-06-17T12:29:35+00:00","dateModified":"2026-06-17T12:59:26+00:00","mainEntityOfPage":{"@id":"https:\/\/www.modula.eu\/fr\/blog\/logistique-pharmaceutique-pourquoi-cest-un-levier-strategique-pour-la-sante-lindustrie-et-la-securite-du-pays\/"},"wordCount":20,"publisher":{"@id":"https:\/\/www.modula.eu\/fr\/#organization"},"image":{"@id":"https:\/\/www.modula.eu\/fr\/blog\/logistique-pharmaceutique-pourquoi-cest-un-levier-strategique-pour-la-sante-lindustrie-et-la-securite-du-pays\/#primaryimage"},"thumbnailUrl":"https:\/\/www.modula.eu\/wp-content\/uploads\/2026\/06\/Logistique-pharmaceutique-1.jpg","articleSection":["Gestion d\u2019entrep\u00f4t"],"inLanguage":"fr-FR"},{"@type":"WebPage","@id":"https:\/\/www.modula.eu\/fr\/blog\/logistique-pharmaceutique-pourquoi-cest-un-levier-strategique-pour-la-sante-lindustrie-et-la-securite-du-pays\/","url":"https:\/\/www.modula.eu\/fr\/blog\/logistique-pharmaceutique-pourquoi-cest-un-levier-strategique-pour-la-sante-lindustrie-et-la-securite-du-pays\/","name":"Logistique pharmaceutique : tra\u00e7abilit\u00e9 et picking","isPartOf":{"@id":"https:\/\/www.modula.eu\/fr\/#website"},"primaryImageOfPage":{"@id":"https:\/\/www.modula.eu\/fr\/blog\/logistique-pharmaceutique-pourquoi-cest-un-levier-strategique-pour-la-sante-lindustrie-et-la-securite-du-pays\/#primaryimage"},"image":{"@id":"https:\/\/www.modula.eu\/fr\/blog\/logistique-pharmaceutique-pourquoi-cest-un-levier-strategique-pour-la-sante-lindustrie-et-la-securite-du-pays\/#primaryimage"},"thumbnailUrl":"https:\/\/www.modula.eu\/wp-content\/uploads\/2026\/06\/Logistique-pharmaceutique-1.jpg","datePublished":"2026-06-17T12:29:35+00:00","dateModified":"2026-06-17T12:59:26+00:00","description":"Optimisez la logistique pharmaceutique avec une tra\u00e7abilit\u00e9 compl\u00e8te, moins d\u2019erreurs de picking et des solutions d\u2019automatisation pour entrep\u00f4ts.","breadcrumb":{"@id":"https:\/\/www.modula.eu\/fr\/blog\/logistique-pharmaceutique-pourquoi-cest-un-levier-strategique-pour-la-sante-lindustrie-et-la-securite-du-pays\/#breadcrumb"},"inLanguage":"fr-FR","potentialAction":[{"@type":"ReadAction","target":["https:\/\/www.modula.eu\/fr\/blog\/logistique-pharmaceutique-pourquoi-cest-un-levier-strategique-pour-la-sante-lindustrie-et-la-securite-du-pays\/"]}]},{"@type":"ImageObject","inLanguage":"fr-FR","@id":"https:\/\/www.modula.eu\/fr\/blog\/logistique-pharmaceutique-pourquoi-cest-un-levier-strategique-pour-la-sante-lindustrie-et-la-securite-du-pays\/#primaryimage","url":"https:\/\/www.modula.eu\/wp-content\/uploads\/2026\/06\/Logistique-pharmaceutique-1.jpg","contentUrl":"https:\/\/www.modula.eu\/wp-content\/uploads\/2026\/06\/Logistique-pharmaceutique-1.jpg","width":500,"height":270},{"@type":"BreadcrumbList","@id":"https:\/\/www.modula.eu\/fr\/blog\/logistique-pharmaceutique-pourquoi-cest-un-levier-strategique-pour-la-sante-lindustrie-et-la-securite-du-pays\/#breadcrumb","itemListElement":[{"@type":"ListItem","position":1,"name":"Home","item":"https:\/\/www.modula.eu\/fr\/"},{"@type":"ListItem","position":2,"name":"Gestion d\u2019entrep\u00f4t","item":"https:\/\/www.modula.eu\/fr\/blog\/gestion-dentrepot\/"},{"@type":"ListItem","position":3,"name":"Logistique pharmaceutique : pourquoi c\u2019est un levier strat\u00e9gique pour la sant\u00e9, l\u2019industrie et la s\u00e9curit\u00e9 du pays"}]},{"@type":"WebSite","@id":"https:\/\/www.modula.eu\/fr\/#website","url":"https:\/\/www.modula.eu\/fr\/","name":"Modula S.p.A.","description":"Think Vertical","publisher":{"@id":"https:\/\/www.modula.eu\/fr\/#organization"},"potentialAction":[{"@type":"SearchAction","target":{"@type":"EntryPoint","urlTemplate":"https:\/\/www.modula.eu\/fr\/?s={search_term_string}"},"query-input":{"@type":"PropertyValueSpecification","valueRequired":true,"valueName":"search_term_string"}}],"inLanguage":"fr-FR"},{"@type":"Person","@id":"https:\/\/www.modula.eu\/fr\/#\/schema\/person\/8418fb3a8951e09a2aabee89b6004c6c","name":"Irene Bretta"}]}},"permalink_manager":null,"_links":{"self":[{"href":"https:\/\/www.modula.eu\/fr\/wp-json\/wp\/v2\/posts\/83914","targetHints":{"allow":["GET"]}}],"collection":[{"href":"https:\/\/www.modula.eu\/fr\/wp-json\/wp\/v2\/posts"}],"about":[{"href":"https:\/\/www.modula.eu\/fr\/wp-json\/wp\/v2\/types\/post"}],"author":[{"embeddable":true,"href":"https:\/\/www.modula.eu\/fr\/wp-json\/wp\/v2\/users\/6"}],"replies":[{"embeddable":true,"href":"https:\/\/www.modula.eu\/fr\/wp-json\/wp\/v2\/comments?post=83914"}],"version-history":[{"count":3,"href":"https:\/\/www.modula.eu\/fr\/wp-json\/wp\/v2\/posts\/83914\/revisions"}],"predecessor-version":[{"id":83937,"href":"https:\/\/www.modula.eu\/fr\/wp-json\/wp\/v2\/posts\/83914\/revisions\/83937"}],"wp:featuredmedia":[{"embeddable":true,"href":"https:\/\/www.modula.eu\/fr\/wp-json\/wp\/v2\/media\/83928"}],"wp:attachment":[{"href":"https:\/\/www.modula.eu\/fr\/wp-json\/wp\/v2\/media?parent=83914"}],"wp:term":[{"taxonomy":"category","embeddable":true,"href":"https:\/\/www.modula.eu\/fr\/wp-json\/wp\/v2\/categories?post=83914"},{"taxonomy":"post_tag","embeddable":true,"href":"https:\/\/www.modula.eu\/fr\/wp-json\/wp\/v2\/tags?post=83914"}],"curies":[{"name":"wp","href":"https:\/\/api.w.org\/{rel}","templated":true}]}}