{"id":93983,"date":"2026-08-06T10:11:29","date_gmt":"2026-08-06T08:11:29","guid":{"rendered":"https:\/\/www.modula.eu\/?p=93983"},"modified":"2026-08-07T09:28:36","modified_gmt":"2026-08-07T07:28:36","slug":"tout-savoir-sur-le-prix-du-stockage-vertical-automatise","status":"publish","type":"post","link":"https:\/\/www.modula.eu\/fr\/blog\/tout-savoir-sur-le-prix-du-stockage-vertical-automatise\/","title":{"rendered":"Tout ce qu\u2019il faut savoir sur le prix du stockage vertical automatis\u00e9"},"content":{"rendered":"","protected":false},"excerpt":{"rendered":"","protected":false},"author":5,"featured_media":93982,"comment_status":"closed","ping_status":"closed","sticky":false,"template":"","format":"standard","meta":{"_acf_changed":false,"inline_featured_image":false,"footnotes":""},"categories":[54],"tags":[],"class_list":["post-93983","post","type-post","status-publish","format-standard","has-post-thumbnail","hentry","category-entrepots-automatiques"],"acf":[],"yoast_head":"<!-- This site is optimized with the Yoast SEO plugin v28.3 - https:\/\/yoast.com\/product\/yoast-seo-wordpress\/ -->\n<title>Combien co\u00fbte un stockage vertical automatis\u00e9 ? | Modula<\/title>\n<meta name=\"description\" content=\"Combien co\u00fbte un stockage vertical automatis\u00e9 ? Les facteurs de prix, une fourchette indicative et comment calculer le ROI de l&#039;investissement.\" \/>\n<meta name=\"robots\" content=\"index, follow, max-snippet:-1, max-image-preview:large, max-video-preview:-1\" \/>\n<link rel=\"canonical\" href=\"https:\/\/www.modula.eu\/fr\/blog\/tout-savoir-sur-le-prix-du-stockage-vertical-automatise\/\" \/>\n<meta property=\"og:locale\" content=\"fr_FR\" \/>\n<meta property=\"og:type\" content=\"article\" \/>\n<meta property=\"og:title\" content=\"Combien co\u00fbte un stockage vertical automatis\u00e9 ? | Modula\" \/>\n<meta property=\"og:description\" content=\"Combien co\u00fbte un stockage vertical automatis\u00e9 ? Les facteurs de prix, une fourchette indicative et comment calculer le ROI de l&#039;investissement.\" \/>\n<meta property=\"og:url\" content=\"https:\/\/www.modula.eu\/fr\/blog\/tout-savoir-sur-le-prix-du-stockage-vertical-automatise\/\" \/>\n<meta property=\"og:site_name\" content=\"Modula\" \/>\n<meta property=\"article:published_time\" content=\"2026-08-06T08:11:29+00:00\" \/>\n<meta property=\"article:modified_time\" content=\"2026-08-07T07:28:36+00:00\" \/>\n<meta property=\"og:image\" content=\"https:\/\/www.modula.eu\/wp-content\/uploads\/2026\/08\/Prezzo-e-ROI-dei-magazzini-automatici.jpg\" \/>\n\t<meta property=\"og:image:width\" content=\"500\" \/>\n\t<meta property=\"og:image:height\" content=\"270\" \/>\n\t<meta property=\"og:image:type\" content=\"image\/jpeg\" \/>\n<meta name=\"author\" content=\"Alice_Bellelli\" \/>\n<meta name=\"twitter:card\" content=\"summary_large_image\" \/>\n<meta name=\"twitter:label1\" content=\"\u00c9crit par\" \/>\n\t<meta name=\"twitter:data1\" content=\"Alice_Bellelli\" \/>\n<script type=\"application\/ld+json\" class=\"yoast-schema-graph\">{\"@context\":\"https:\\\/\\\/schema.org\",\"@graph\":[{\"@type\":\"BlogPosting\",\"@id\":\"https:\\\/\\\/www.modula.eu\\\/fr\\\/blog\\\/tout-savoir-sur-le-prix-du-stockage-vertical-automatise\\\/#article\",\"isPartOf\":{\"@id\":\"https:\\\/\\\/www.modula.eu\\\/fr\\\/blog\\\/tout-savoir-sur-le-prix-du-stockage-vertical-automatise\\\/\"},\"author\":{\"name\":\"Alice_Bellelli\",\"@id\":\"https:\\\/\\\/www.modula.eu\\\/fr\\\/#\\\/schema\\\/person\\\/16d1fa49675452b387d8f3914e12385c\"},\"headline\":\"Tout ce qu\u2019il faut savoir sur le prix du stockage vertical automatis\u00e9\",\"datePublished\":\"2026-08-06T08:11:29+00:00\",\"dateModified\":\"2026-08-07T07:28:36+00:00\",\"mainEntityOfPage\":{\"@id\":\"https:\\\/\\\/www.modula.eu\\\/fr\\\/blog\\\/tout-savoir-sur-le-prix-du-stockage-vertical-automatise\\\/\"},\"wordCount\":13,\"publisher\":{\"@id\":\"https:\\\/\\\/www.modula.eu\\\/fr\\\/#organization\"},\"image\":{\"@id\":\"https:\\\/\\\/www.modula.eu\\\/fr\\\/blog\\\/tout-savoir-sur-le-prix-du-stockage-vertical-automatise\\\/#primaryimage\"},\"thumbnailUrl\":\"https:\\\/\\\/www.modula.eu\\\/wp-content\\\/uploads\\\/2026\\\/08\\\/Prezzo-e-ROI-dei-magazzini-automatici.jpg\",\"articleSection\":[\"Entrep\u00f4ts automatiques\"],\"inLanguage\":\"fr-FR\"},{\"@type\":\"WebPage\",\"@id\":\"https:\\\/\\\/www.modula.eu\\\/fr\\\/blog\\\/tout-savoir-sur-le-prix-du-stockage-vertical-automatise\\\/\",\"url\":\"https:\\\/\\\/www.modula.eu\\\/fr\\\/blog\\\/tout-savoir-sur-le-prix-du-stockage-vertical-automatise\\\/\",\"name\":\"Combien co\u00fbte un stockage vertical automatis\u00e9 ? | Modula\",\"isPartOf\":{\"@id\":\"https:\\\/\\\/www.modula.eu\\\/fr\\\/#website\"},\"primaryImageOfPage\":{\"@id\":\"https:\\\/\\\/www.modula.eu\\\/fr\\\/blog\\\/tout-savoir-sur-le-prix-du-stockage-vertical-automatise\\\/#primaryimage\"},\"image\":{\"@id\":\"https:\\\/\\\/www.modula.eu\\\/fr\\\/blog\\\/tout-savoir-sur-le-prix-du-stockage-vertical-automatise\\\/#primaryimage\"},\"thumbnailUrl\":\"https:\\\/\\\/www.modula.eu\\\/wp-content\\\/uploads\\\/2026\\\/08\\\/Prezzo-e-ROI-dei-magazzini-automatici.jpg\",\"datePublished\":\"2026-08-06T08:11:29+00:00\",\"dateModified\":\"2026-08-07T07:28:36+00:00\",\"description\":\"Combien co\u00fbte un stockage vertical automatis\u00e9 ? Les facteurs de prix, une fourchette indicative et comment calculer le ROI de l'investissement.\",\"breadcrumb\":{\"@id\":\"https:\\\/\\\/www.modula.eu\\\/fr\\\/blog\\\/tout-savoir-sur-le-prix-du-stockage-vertical-automatise\\\/#breadcrumb\"},\"inLanguage\":\"fr-FR\",\"potentialAction\":[{\"@type\":\"ReadAction\",\"target\":[\"https:\\\/\\\/www.modula.eu\\\/fr\\\/blog\\\/tout-savoir-sur-le-prix-du-stockage-vertical-automatise\\\/\"]}]},{\"@type\":\"ImageObject\",\"inLanguage\":\"fr-FR\",\"@id\":\"https:\\\/\\\/www.modula.eu\\\/fr\\\/blog\\\/tout-savoir-sur-le-prix-du-stockage-vertical-automatise\\\/#primaryimage\",\"url\":\"https:\\\/\\\/www.modula.eu\\\/wp-content\\\/uploads\\\/2026\\\/08\\\/Prezzo-e-ROI-dei-magazzini-automatici.jpg\",\"contentUrl\":\"https:\\\/\\\/www.modula.eu\\\/wp-content\\\/uploads\\\/2026\\\/08\\\/Prezzo-e-ROI-dei-magazzini-automatici.jpg\",\"width\":500,\"height\":270,\"caption\":\"Prezzo e ROI dei magazzini automatici\"},{\"@type\":\"BreadcrumbList\",\"@id\":\"https:\\\/\\\/www.modula.eu\\\/fr\\\/blog\\\/tout-savoir-sur-le-prix-du-stockage-vertical-automatise\\\/#breadcrumb\",\"itemListElement\":[{\"@type\":\"ListItem\",\"position\":1,\"name\":\"Home\",\"item\":\"https:\\\/\\\/www.modula.eu\\\/fr\\\/\"},{\"@type\":\"ListItem\",\"position\":2,\"name\":\"Entrep\u00f4ts automatiques\",\"item\":\"https:\\\/\\\/www.modula.eu\\\/fr\\\/blog\\\/entrepots-automatiques\\\/\"},{\"@type\":\"ListItem\",\"position\":3,\"name\":\"Tout ce qu\u2019il faut savoir sur le prix du stockage vertical automatis\u00e9\"}]},{\"@type\":\"WebSite\",\"@id\":\"https:\\\/\\\/www.modula.eu\\\/fr\\\/#website\",\"url\":\"https:\\\/\\\/www.modula.eu\\\/fr\\\/\",\"name\":\"Modula S.p.A.\",\"description\":\"Think Vertical\",\"publisher\":{\"@id\":\"https:\\\/\\\/www.modula.eu\\\/fr\\\/#organization\"},\"potentialAction\":[{\"@type\":\"SearchAction\",\"target\":{\"@type\":\"EntryPoint\",\"urlTemplate\":\"https:\\\/\\\/www.modula.eu\\\/fr\\\/?s={search_term_string}\"},\"query-input\":{\"@type\":\"PropertyValueSpecification\",\"valueRequired\":true,\"valueName\":\"search_term_string\"}}],\"inLanguage\":\"fr-FR\"},{\"@type\":\"Person\",\"@id\":\"https:\\\/\\\/www.modula.eu\\\/fr\\\/#\\\/schema\\\/person\\\/16d1fa49675452b387d8f3914e12385c\",\"name\":\"Alice_Bellelli\"}]}<\/script>\n<!-- \/ Yoast SEO plugin. -->","yoast_head_json":{"title":"Combien co\u00fbte un stockage vertical automatis\u00e9 ? | Modula","description":"Combien co\u00fbte un stockage vertical automatis\u00e9 ? Les facteurs de prix, une fourchette indicative et comment calculer le ROI de l'investissement.","robots":{"index":"index","follow":"follow","max-snippet":"max-snippet:-1","max-image-preview":"max-image-preview:large","max-video-preview":"max-video-preview:-1"},"canonical":"https:\/\/www.modula.eu\/fr\/blog\/tout-savoir-sur-le-prix-du-stockage-vertical-automatise\/","og_locale":"fr_FR","og_type":"article","og_title":"Combien co\u00fbte un stockage vertical automatis\u00e9 ? | Modula","og_description":"Combien co\u00fbte un stockage vertical automatis\u00e9 ? Les facteurs de prix, une fourchette indicative et comment calculer le ROI de l'investissement.","og_url":"https:\/\/www.modula.eu\/fr\/blog\/tout-savoir-sur-le-prix-du-stockage-vertical-automatise\/","og_site_name":"Modula","article_published_time":"2026-08-06T08:11:29+00:00","article_modified_time":"2026-08-07T07:28:36+00:00","og_image":[{"width":500,"height":270,"url":"https:\/\/www.modula.eu\/wp-content\/uploads\/2026\/08\/Prezzo-e-ROI-dei-magazzini-automatici.jpg","type":"image\/jpeg"}],"author":"Alice_Bellelli","twitter_card":"summary_large_image","twitter_misc":{"\u00c9crit par":"Alice_Bellelli"},"schema":{"@context":"https:\/\/schema.org","@graph":[{"@type":"BlogPosting","@id":"https:\/\/www.modula.eu\/fr\/blog\/tout-savoir-sur-le-prix-du-stockage-vertical-automatise\/#article","isPartOf":{"@id":"https:\/\/www.modula.eu\/fr\/blog\/tout-savoir-sur-le-prix-du-stockage-vertical-automatise\/"},"author":{"name":"Alice_Bellelli","@id":"https:\/\/www.modula.eu\/fr\/#\/schema\/person\/16d1fa49675452b387d8f3914e12385c"},"headline":"Tout ce qu\u2019il faut savoir sur le prix du stockage vertical automatis\u00e9","datePublished":"2026-08-06T08:11:29+00:00","dateModified":"2026-08-07T07:28:36+00:00","mainEntityOfPage":{"@id":"https:\/\/www.modula.eu\/fr\/blog\/tout-savoir-sur-le-prix-du-stockage-vertical-automatise\/"},"wordCount":13,"publisher":{"@id":"https:\/\/www.modula.eu\/fr\/#organization"},"image":{"@id":"https:\/\/www.modula.eu\/fr\/blog\/tout-savoir-sur-le-prix-du-stockage-vertical-automatise\/#primaryimage"},"thumbnailUrl":"https:\/\/www.modula.eu\/wp-content\/uploads\/2026\/08\/Prezzo-e-ROI-dei-magazzini-automatici.jpg","articleSection":["Entrep\u00f4ts automatiques"],"inLanguage":"fr-FR"},{"@type":"WebPage","@id":"https:\/\/www.modula.eu\/fr\/blog\/tout-savoir-sur-le-prix-du-stockage-vertical-automatise\/","url":"https:\/\/www.modula.eu\/fr\/blog\/tout-savoir-sur-le-prix-du-stockage-vertical-automatise\/","name":"Combien co\u00fbte un stockage vertical automatis\u00e9 ? | Modula","isPartOf":{"@id":"https:\/\/www.modula.eu\/fr\/#website"},"primaryImageOfPage":{"@id":"https:\/\/www.modula.eu\/fr\/blog\/tout-savoir-sur-le-prix-du-stockage-vertical-automatise\/#primaryimage"},"image":{"@id":"https:\/\/www.modula.eu\/fr\/blog\/tout-savoir-sur-le-prix-du-stockage-vertical-automatise\/#primaryimage"},"thumbnailUrl":"https:\/\/www.modula.eu\/wp-content\/uploads\/2026\/08\/Prezzo-e-ROI-dei-magazzini-automatici.jpg","datePublished":"2026-08-06T08:11:29+00:00","dateModified":"2026-08-07T07:28:36+00:00","description":"Combien co\u00fbte un stockage vertical automatis\u00e9 ? Les facteurs de prix, une fourchette indicative et comment calculer le ROI de l'investissement.","breadcrumb":{"@id":"https:\/\/www.modula.eu\/fr\/blog\/tout-savoir-sur-le-prix-du-stockage-vertical-automatise\/#breadcrumb"},"inLanguage":"fr-FR","potentialAction":[{"@type":"ReadAction","target":["https:\/\/www.modula.eu\/fr\/blog\/tout-savoir-sur-le-prix-du-stockage-vertical-automatise\/"]}]},{"@type":"ImageObject","inLanguage":"fr-FR","@id":"https:\/\/www.modula.eu\/fr\/blog\/tout-savoir-sur-le-prix-du-stockage-vertical-automatise\/#primaryimage","url":"https:\/\/www.modula.eu\/wp-content\/uploads\/2026\/08\/Prezzo-e-ROI-dei-magazzini-automatici.jpg","contentUrl":"https:\/\/www.modula.eu\/wp-content\/uploads\/2026\/08\/Prezzo-e-ROI-dei-magazzini-automatici.jpg","width":500,"height":270,"caption":"Prezzo e ROI dei magazzini automatici"},{"@type":"BreadcrumbList","@id":"https:\/\/www.modula.eu\/fr\/blog\/tout-savoir-sur-le-prix-du-stockage-vertical-automatise\/#breadcrumb","itemListElement":[{"@type":"ListItem","position":1,"name":"Home","item":"https:\/\/www.modula.eu\/fr\/"},{"@type":"ListItem","position":2,"name":"Entrep\u00f4ts automatiques","item":"https:\/\/www.modula.eu\/fr\/blog\/entrepots-automatiques\/"},{"@type":"ListItem","position":3,"name":"Tout ce qu\u2019il faut savoir sur le prix du stockage vertical automatis\u00e9"}]},{"@type":"WebSite","@id":"https:\/\/www.modula.eu\/fr\/#website","url":"https:\/\/www.modula.eu\/fr\/","name":"Modula S.p.A.","description":"Think Vertical","publisher":{"@id":"https:\/\/www.modula.eu\/fr\/#organization"},"potentialAction":[{"@type":"SearchAction","target":{"@type":"EntryPoint","urlTemplate":"https:\/\/www.modula.eu\/fr\/?s={search_term_string}"},"query-input":{"@type":"PropertyValueSpecification","valueRequired":true,"valueName":"search_term_string"}}],"inLanguage":"fr-FR"},{"@type":"Person","@id":"https:\/\/www.modula.eu\/fr\/#\/schema\/person\/16d1fa49675452b387d8f3914e12385c","name":"Alice_Bellelli"}]}},"permalink_manager":null,"_links":{"self":[{"href":"https:\/\/www.modula.eu\/fr\/wp-json\/wp\/v2\/posts\/93983","targetHints":{"allow":["GET"]}}],"collection":[{"href":"https:\/\/www.modula.eu\/fr\/wp-json\/wp\/v2\/posts"}],"about":[{"href":"https:\/\/www.modula.eu\/fr\/wp-json\/wp\/v2\/types\/post"}],"author":[{"embeddable":true,"href":"https:\/\/www.modula.eu\/fr\/wp-json\/wp\/v2\/users\/5"}],"replies":[{"embeddable":true,"href":"https:\/\/www.modula.eu\/fr\/wp-json\/wp\/v2\/comments?post=93983"}],"version-history":[{"count":3,"href":"https:\/\/www.modula.eu\/fr\/wp-json\/wp\/v2\/posts\/93983\/revisions"}],"predecessor-version":[{"id":101858,"href":"https:\/\/www.modula.eu\/fr\/wp-json\/wp\/v2\/posts\/93983\/revisions\/101858"}],"wp:featuredmedia":[{"embeddable":true,"href":"https:\/\/www.modula.eu\/fr\/wp-json\/wp\/v2\/media\/93982"}],"wp:attachment":[{"href":"https:\/\/www.modula.eu\/fr\/wp-json\/wp\/v2\/media?parent=93983"}],"wp:term":[{"taxonomy":"category","embeddable":true,"href":"https:\/\/www.modula.eu\/fr\/wp-json\/wp\/v2\/categories?post=93983"},{"taxonomy":"post_tag","embeddable":true,"href":"https:\/\/www.modula.eu\/fr\/wp-json\/wp\/v2\/tags?post=93983"}],"curies":[{"name":"wp","href":"https:\/\/api.w.org\/{rel}","templated":true}]}}