{"id":1492,"date":"2019-11-12T14:49:03","date_gmt":"2019-11-12T14:49:03","guid":{"rendered":"https:\/\/www.modula.eu\/?p=1492"},"modified":"2022-12-23T13:26:33","modified_gmt":"2022-12-23T13:26:33","slug":"efficienza-produttiva-ottimizza-gestione-spazio-tempo-personale-magazzino","status":"publish","type":"post","link":"https:\/\/www.modula.eu\/it\/blog\/efficienza-produttiva-ottimizza-gestione-spazio-tempo-personale-magazzino\/","title":{"rendered":"Efficienza produttiva: ottimizza la gestione dello spazio, del tempo e del personale con i magazzini automatici Modula"},"content":{"rendered":"","protected":false},"excerpt":{"rendered":"","protected":false},"author":1,"featured_media":1493,"comment_status":"open","ping_status":"open","sticky":false,"template":"","format":"standard","meta":{"_acf_changed":false,"inline_featured_image":false,"footnotes":""},"categories":[28],"tags":[],"class_list":["post-1492","post","type-post","status-publish","format-standard","has-post-thumbnail","hentry","category-applicazioni"],"acf":[],"yoast_head":"<!-- This site is optimized with the Yoast SEO plugin v27.4 - https:\/\/yoast.com\/product\/yoast-seo-wordpress\/ -->\n<title>Efficienza produttiva: ottimizza spazio, tempo e personale con i magazzini automatici Modula | Modula<\/title>\n<meta name=\"description\" content=\"\u00c8 una delle attivit\u00e0 pi\u00f9 importanti per un&#039;azienda e una sua gestione impeccabile \u00e8 indispensabile per aumentare gli introiti, massimizzare i profitti e migliorare l&#039;efficienza produttiva.\" \/>\n<meta name=\"robots\" content=\"index, follow, max-snippet:-1, max-image-preview:large, max-video-preview:-1\" \/>\n<link rel=\"canonical\" href=\"https:\/\/www.modula.eu\/it\/blog\/efficienza-produttiva-ottimizza-gestione-spazio-tempo-personale-magazzino\/\" \/>\n<meta property=\"og:locale\" content=\"it_IT\" \/>\n<meta property=\"og:type\" content=\"article\" \/>\n<meta property=\"og:title\" content=\"Efficienza produttiva: ottimizza spazio, tempo e personale con i magazzini automatici Modula | Modula\" \/>\n<meta property=\"og:description\" content=\"\u00c8 una delle attivit\u00e0 pi\u00f9 importanti per un&#039;azienda e una sua gestione impeccabile \u00e8 indispensabile per aumentare gli introiti, massimizzare i profitti e migliorare l&#039;efficienza produttiva.\" \/>\n<meta property=\"og:url\" content=\"https:\/\/www.modula.eu\/it\/blog\/efficienza-produttiva-ottimizza-gestione-spazio-tempo-personale-magazzino\/\" \/>\n<meta property=\"og:site_name\" content=\"Modula\" \/>\n<meta property=\"article:published_time\" content=\"2019-11-12T14:49:03+00:00\" \/>\n<meta property=\"article:modified_time\" content=\"2022-12-23T13:26:33+00:00\" \/>\n<meta property=\"og:image\" content=\"https:\/\/www.modula.eu\/wp-content\/uploads\/2022\/06\/efficienza-produttiva-ottimizza-gestione-spazio-tempo-personale-magazzino-cop.jpeg\" \/>\n\t<meta property=\"og:image:width\" content=\"841\" \/>\n\t<meta property=\"og:image:height\" content=\"440\" \/>\n\t<meta property=\"og:image:type\" content=\"image\/jpeg\" \/>\n<meta name=\"author\" content=\"bznadmin\" \/>\n<meta name=\"twitter:card\" content=\"summary_large_image\" \/>\n<meta name=\"twitter:label1\" content=\"Scritto da\" \/>\n\t<meta name=\"twitter:data1\" content=\"bznadmin\" \/>\n<script type=\"application\/ld+json\" class=\"yoast-schema-graph\">{\"@context\":\"https:\\\/\\\/schema.org\",\"@graph\":[{\"@type\":\"Article\",\"@id\":\"https:\\\/\\\/www.modula.eu\\\/it\\\/blog\\\/efficienza-produttiva-ottimizza-gestione-spazio-tempo-personale-magazzino\\\/#article\",\"isPartOf\":{\"@id\":\"https:\\\/\\\/www.modula.eu\\\/it\\\/blog\\\/efficienza-produttiva-ottimizza-gestione-spazio-tempo-personale-magazzino\\\/\"},\"author\":{\"name\":\"bznadmin\",\"@id\":\"https:\\\/\\\/www.modula.eu\\\/it\\\/#\\\/schema\\\/person\\\/7c5b83a68cf511134b5990861dad5936\"},\"headline\":\"Efficienza produttiva: ottimizza la gestione dello spazio, del tempo e del personale con i magazzini automatici Modula\",\"datePublished\":\"2019-11-12T14:49:03+00:00\",\"dateModified\":\"2022-12-23T13:26:33+00:00\",\"mainEntityOfPage\":{\"@id\":\"https:\\\/\\\/www.modula.eu\\\/it\\\/blog\\\/efficienza-produttiva-ottimizza-gestione-spazio-tempo-personale-magazzino\\\/\"},\"wordCount\":17,\"commentCount\":0,\"publisher\":{\"@id\":\"https:\\\/\\\/www.modula.eu\\\/it\\\/#organization\"},\"image\":{\"@id\":\"https:\\\/\\\/www.modula.eu\\\/it\\\/blog\\\/efficienza-produttiva-ottimizza-gestione-spazio-tempo-personale-magazzino\\\/#primaryimage\"},\"thumbnailUrl\":\"https:\\\/\\\/www.modula.eu\\\/wp-content\\\/uploads\\\/2022\\\/06\\\/efficienza-produttiva-ottimizza-gestione-spazio-tempo-personale-magazzino-cop.jpeg\",\"articleSection\":[\"Applicazioni\"],\"inLanguage\":\"it-IT\",\"potentialAction\":[{\"@type\":\"CommentAction\",\"name\":\"Comment\",\"target\":[\"https:\\\/\\\/www.modula.eu\\\/it\\\/blog\\\/efficienza-produttiva-ottimizza-gestione-spazio-tempo-personale-magazzino\\\/#respond\"]}]},{\"@type\":\"WebPage\",\"@id\":\"https:\\\/\\\/www.modula.eu\\\/it\\\/blog\\\/efficienza-produttiva-ottimizza-gestione-spazio-tempo-personale-magazzino\\\/\",\"url\":\"https:\\\/\\\/www.modula.eu\\\/it\\\/blog\\\/efficienza-produttiva-ottimizza-gestione-spazio-tempo-personale-magazzino\\\/\",\"name\":\"Efficienza produttiva: ottimizza spazio, tempo e personale con i magazzini automatici Modula | Modula\",\"isPartOf\":{\"@id\":\"https:\\\/\\\/www.modula.eu\\\/it\\\/#website\"},\"primaryImageOfPage\":{\"@id\":\"https:\\\/\\\/www.modula.eu\\\/it\\\/blog\\\/efficienza-produttiva-ottimizza-gestione-spazio-tempo-personale-magazzino\\\/#primaryimage\"},\"image\":{\"@id\":\"https:\\\/\\\/www.modula.eu\\\/it\\\/blog\\\/efficienza-produttiva-ottimizza-gestione-spazio-tempo-personale-magazzino\\\/#primaryimage\"},\"thumbnailUrl\":\"https:\\\/\\\/www.modula.eu\\\/wp-content\\\/uploads\\\/2022\\\/06\\\/efficienza-produttiva-ottimizza-gestione-spazio-tempo-personale-magazzino-cop.jpeg\",\"datePublished\":\"2019-11-12T14:49:03+00:00\",\"dateModified\":\"2022-12-23T13:26:33+00:00\",\"description\":\"\u00c8 una delle attivit\u00e0 pi\u00f9 importanti per un'azienda e una sua gestione impeccabile \u00e8 indispensabile per aumentare gli introiti, massimizzare i profitti e migliorare l'efficienza produttiva.\",\"breadcrumb\":{\"@id\":\"https:\\\/\\\/www.modula.eu\\\/it\\\/blog\\\/efficienza-produttiva-ottimizza-gestione-spazio-tempo-personale-magazzino\\\/#breadcrumb\"},\"inLanguage\":\"it-IT\",\"potentialAction\":[{\"@type\":\"ReadAction\",\"target\":[\"https:\\\/\\\/www.modula.eu\\\/it\\\/blog\\\/efficienza-produttiva-ottimizza-gestione-spazio-tempo-personale-magazzino\\\/\"]}]},{\"@type\":\"ImageObject\",\"inLanguage\":\"it-IT\",\"@id\":\"https:\\\/\\\/www.modula.eu\\\/it\\\/blog\\\/efficienza-produttiva-ottimizza-gestione-spazio-tempo-personale-magazzino\\\/#primaryimage\",\"url\":\"https:\\\/\\\/www.modula.eu\\\/wp-content\\\/uploads\\\/2022\\\/06\\\/efficienza-produttiva-ottimizza-gestione-spazio-tempo-personale-magazzino-cop.jpeg\",\"contentUrl\":\"https:\\\/\\\/www.modula.eu\\\/wp-content\\\/uploads\\\/2022\\\/06\\\/efficienza-produttiva-ottimizza-gestione-spazio-tempo-personale-magazzino-cop.jpeg\",\"width\":841,\"height\":440},{\"@type\":\"BreadcrumbList\",\"@id\":\"https:\\\/\\\/www.modula.eu\\\/it\\\/blog\\\/efficienza-produttiva-ottimizza-gestione-spazio-tempo-personale-magazzino\\\/#breadcrumb\",\"itemListElement\":[{\"@type\":\"ListItem\",\"position\":1,\"name\":\"Home\",\"item\":\"https:\\\/\\\/www.modula.eu\\\/it\\\/\"},{\"@type\":\"ListItem\",\"position\":2,\"name\":\"Applicazioni\",\"item\":\"https:\\\/\\\/www.modula.eu\\\/it\\\/blog\\\/applicazioni\\\/\"},{\"@type\":\"ListItem\",\"position\":3,\"name\":\"Efficienza produttiva: ottimizza la gestione dello spazio, del tempo e del personale con i magazzini automatici Modula\"}]},{\"@type\":\"WebSite\",\"@id\":\"https:\\\/\\\/www.modula.eu\\\/it\\\/#website\",\"url\":\"https:\\\/\\\/www.modula.eu\\\/it\\\/\",\"name\":\"Modula\",\"description\":\"Think Vertical\",\"publisher\":{\"@id\":\"https:\\\/\\\/www.modula.eu\\\/it\\\/#organization\"},\"potentialAction\":[{\"@type\":\"SearchAction\",\"target\":{\"@type\":\"EntryPoint\",\"urlTemplate\":\"https:\\\/\\\/www.modula.eu\\\/it\\\/?s={search_term_string}\"},\"query-input\":{\"@type\":\"PropertyValueSpecification\",\"valueRequired\":true,\"valueName\":\"search_term_string\"}}],\"inLanguage\":\"it-IT\"},{\"@type\":\"Organization\",\"@id\":\"https:\\\/\\\/www.modula.eu\\\/it\\\/#organization\",\"name\":\"Modula\",\"url\":\"https:\\\/\\\/www.modula.eu\\\/it\\\/\",\"logo\":{\"@type\":\"ImageObject\",\"inLanguage\":\"it-IT\",\"@id\":\"https:\\\/\\\/www.modula.eu\\\/it\\\/#\\\/schema\\\/logo\\\/image\\\/\",\"url\":\"https:\\\/\\\/www.modula.eu\\\/wp-content\\\/uploads\\\/2022\\\/12\\\/Modula-logo.jpg\",\"contentUrl\":\"https:\\\/\\\/www.modula.eu\\\/wp-content\\\/uploads\\\/2022\\\/12\\\/Modula-logo.jpg\",\"width\":759,\"height\":512,\"caption\":\"Modula\"},\"image\":{\"@id\":\"https:\\\/\\\/www.modula.eu\\\/it\\\/#\\\/schema\\\/logo\\\/image\\\/\"}},{\"@type\":\"Person\",\"@id\":\"https:\\\/\\\/www.modula.eu\\\/it\\\/#\\\/schema\\\/person\\\/7c5b83a68cf511134b5990861dad5936\",\"name\":\"bznadmin\",\"sameAs\":[\"https:\\\/\\\/www.modula.eu\"]}]}<\/script>\n<!-- \/ Yoast SEO plugin. -->","yoast_head_json":{"title":"Efficienza produttiva: ottimizza spazio, tempo e personale con i magazzini automatici Modula | Modula","description":"\u00c8 una delle attivit\u00e0 pi\u00f9 importanti per un'azienda e una sua gestione impeccabile \u00e8 indispensabile per aumentare gli introiti, massimizzare i profitti e migliorare l'efficienza produttiva.","robots":{"index":"index","follow":"follow","max-snippet":"max-snippet:-1","max-image-preview":"max-image-preview:large","max-video-preview":"max-video-preview:-1"},"canonical":"https:\/\/www.modula.eu\/it\/blog\/efficienza-produttiva-ottimizza-gestione-spazio-tempo-personale-magazzino\/","og_locale":"it_IT","og_type":"article","og_title":"Efficienza produttiva: ottimizza spazio, tempo e personale con i magazzini automatici Modula | Modula","og_description":"\u00c8 una delle attivit\u00e0 pi\u00f9 importanti per un'azienda e una sua gestione impeccabile \u00e8 indispensabile per aumentare gli introiti, massimizzare i profitti e migliorare l'efficienza produttiva.","og_url":"https:\/\/www.modula.eu\/it\/blog\/efficienza-produttiva-ottimizza-gestione-spazio-tempo-personale-magazzino\/","og_site_name":"Modula","article_published_time":"2019-11-12T14:49:03+00:00","article_modified_time":"2022-12-23T13:26:33+00:00","og_image":[{"width":841,"height":440,"url":"https:\/\/www.modula.eu\/wp-content\/uploads\/2022\/06\/efficienza-produttiva-ottimizza-gestione-spazio-tempo-personale-magazzino-cop.jpeg","type":"image\/jpeg"}],"author":"bznadmin","twitter_card":"summary_large_image","twitter_misc":{"Scritto da":"bznadmin"},"schema":{"@context":"https:\/\/schema.org","@graph":[{"@type":"Article","@id":"https:\/\/www.modula.eu\/it\/blog\/efficienza-produttiva-ottimizza-gestione-spazio-tempo-personale-magazzino\/#article","isPartOf":{"@id":"https:\/\/www.modula.eu\/it\/blog\/efficienza-produttiva-ottimizza-gestione-spazio-tempo-personale-magazzino\/"},"author":{"name":"bznadmin","@id":"https:\/\/www.modula.eu\/it\/#\/schema\/person\/7c5b83a68cf511134b5990861dad5936"},"headline":"Efficienza produttiva: ottimizza la gestione dello spazio, del tempo e del personale con i magazzini automatici Modula","datePublished":"2019-11-12T14:49:03+00:00","dateModified":"2022-12-23T13:26:33+00:00","mainEntityOfPage":{"@id":"https:\/\/www.modula.eu\/it\/blog\/efficienza-produttiva-ottimizza-gestione-spazio-tempo-personale-magazzino\/"},"wordCount":17,"commentCount":0,"publisher":{"@id":"https:\/\/www.modula.eu\/it\/#organization"},"image":{"@id":"https:\/\/www.modula.eu\/it\/blog\/efficienza-produttiva-ottimizza-gestione-spazio-tempo-personale-magazzino\/#primaryimage"},"thumbnailUrl":"https:\/\/www.modula.eu\/wp-content\/uploads\/2022\/06\/efficienza-produttiva-ottimizza-gestione-spazio-tempo-personale-magazzino-cop.jpeg","articleSection":["Applicazioni"],"inLanguage":"it-IT","potentialAction":[{"@type":"CommentAction","name":"Comment","target":["https:\/\/www.modula.eu\/it\/blog\/efficienza-produttiva-ottimizza-gestione-spazio-tempo-personale-magazzino\/#respond"]}]},{"@type":"WebPage","@id":"https:\/\/www.modula.eu\/it\/blog\/efficienza-produttiva-ottimizza-gestione-spazio-tempo-personale-magazzino\/","url":"https:\/\/www.modula.eu\/it\/blog\/efficienza-produttiva-ottimizza-gestione-spazio-tempo-personale-magazzino\/","name":"Efficienza produttiva: ottimizza spazio, tempo e personale con i magazzini automatici Modula | Modula","isPartOf":{"@id":"https:\/\/www.modula.eu\/it\/#website"},"primaryImageOfPage":{"@id":"https:\/\/www.modula.eu\/it\/blog\/efficienza-produttiva-ottimizza-gestione-spazio-tempo-personale-magazzino\/#primaryimage"},"image":{"@id":"https:\/\/www.modula.eu\/it\/blog\/efficienza-produttiva-ottimizza-gestione-spazio-tempo-personale-magazzino\/#primaryimage"},"thumbnailUrl":"https:\/\/www.modula.eu\/wp-content\/uploads\/2022\/06\/efficienza-produttiva-ottimizza-gestione-spazio-tempo-personale-magazzino-cop.jpeg","datePublished":"2019-11-12T14:49:03+00:00","dateModified":"2022-12-23T13:26:33+00:00","description":"\u00c8 una delle attivit\u00e0 pi\u00f9 importanti per un'azienda e una sua gestione impeccabile \u00e8 indispensabile per aumentare gli introiti, massimizzare i profitti e migliorare l'efficienza produttiva.","breadcrumb":{"@id":"https:\/\/www.modula.eu\/it\/blog\/efficienza-produttiva-ottimizza-gestione-spazio-tempo-personale-magazzino\/#breadcrumb"},"inLanguage":"it-IT","potentialAction":[{"@type":"ReadAction","target":["https:\/\/www.modula.eu\/it\/blog\/efficienza-produttiva-ottimizza-gestione-spazio-tempo-personale-magazzino\/"]}]},{"@type":"ImageObject","inLanguage":"it-IT","@id":"https:\/\/www.modula.eu\/it\/blog\/efficienza-produttiva-ottimizza-gestione-spazio-tempo-personale-magazzino\/#primaryimage","url":"https:\/\/www.modula.eu\/wp-content\/uploads\/2022\/06\/efficienza-produttiva-ottimizza-gestione-spazio-tempo-personale-magazzino-cop.jpeg","contentUrl":"https:\/\/www.modula.eu\/wp-content\/uploads\/2022\/06\/efficienza-produttiva-ottimizza-gestione-spazio-tempo-personale-magazzino-cop.jpeg","width":841,"height":440},{"@type":"BreadcrumbList","@id":"https:\/\/www.modula.eu\/it\/blog\/efficienza-produttiva-ottimizza-gestione-spazio-tempo-personale-magazzino\/#breadcrumb","itemListElement":[{"@type":"ListItem","position":1,"name":"Home","item":"https:\/\/www.modula.eu\/it\/"},{"@type":"ListItem","position":2,"name":"Applicazioni","item":"https:\/\/www.modula.eu\/it\/blog\/applicazioni\/"},{"@type":"ListItem","position":3,"name":"Efficienza produttiva: ottimizza la gestione dello spazio, del tempo e del personale con i magazzini automatici Modula"}]},{"@type":"WebSite","@id":"https:\/\/www.modula.eu\/it\/#website","url":"https:\/\/www.modula.eu\/it\/","name":"Modula","description":"Think Vertical","publisher":{"@id":"https:\/\/www.modula.eu\/it\/#organization"},"potentialAction":[{"@type":"SearchAction","target":{"@type":"EntryPoint","urlTemplate":"https:\/\/www.modula.eu\/it\/?s={search_term_string}"},"query-input":{"@type":"PropertyValueSpecification","valueRequired":true,"valueName":"search_term_string"}}],"inLanguage":"it-IT"},{"@type":"Organization","@id":"https:\/\/www.modula.eu\/it\/#organization","name":"Modula","url":"https:\/\/www.modula.eu\/it\/","logo":{"@type":"ImageObject","inLanguage":"it-IT","@id":"https:\/\/www.modula.eu\/it\/#\/schema\/logo\/image\/","url":"https:\/\/www.modula.eu\/wp-content\/uploads\/2022\/12\/Modula-logo.jpg","contentUrl":"https:\/\/www.modula.eu\/wp-content\/uploads\/2022\/12\/Modula-logo.jpg","width":759,"height":512,"caption":"Modula"},"image":{"@id":"https:\/\/www.modula.eu\/it\/#\/schema\/logo\/image\/"}},{"@type":"Person","@id":"https:\/\/www.modula.eu\/it\/#\/schema\/person\/7c5b83a68cf511134b5990861dad5936","name":"bznadmin","sameAs":["https:\/\/www.modula.eu"]}]}},"_links":{"self":[{"href":"https:\/\/www.modula.eu\/it\/wp-json\/wp\/v2\/posts\/1492","targetHints":{"allow":["GET"]}}],"collection":[{"href":"https:\/\/www.modula.eu\/it\/wp-json\/wp\/v2\/posts"}],"about":[{"href":"https:\/\/www.modula.eu\/it\/wp-json\/wp\/v2\/types\/post"}],"author":[{"embeddable":true,"href":"https:\/\/www.modula.eu\/it\/wp-json\/wp\/v2\/users\/1"}],"replies":[{"embeddable":true,"href":"https:\/\/www.modula.eu\/it\/wp-json\/wp\/v2\/comments?post=1492"}],"version-history":[{"count":0,"href":"https:\/\/www.modula.eu\/it\/wp-json\/wp\/v2\/posts\/1492\/revisions"}],"wp:featuredmedia":[{"embeddable":true,"href":"https:\/\/www.modula.eu\/it\/wp-json\/wp\/v2\/media\/1493"}],"wp:attachment":[{"href":"https:\/\/www.modula.eu\/it\/wp-json\/wp\/v2\/media?parent=1492"}],"wp:term":[{"taxonomy":"category","embeddable":true,"href":"https:\/\/www.modula.eu\/it\/wp-json\/wp\/v2\/categories?post=1492"},{"taxonomy":"post_tag","embeddable":true,"href":"https:\/\/www.modula.eu\/it\/wp-json\/wp\/v2\/tags?post=1492"}],"curies":[{"name":"wp","href":"https:\/\/api.w.org\/{rel}","templated":true}]}}